{"id":29965,"date":"2004-05-05T00:00:00","date_gmt":"2004-05-05T00:00:00","guid":{"rendered":"https:\/\/www.deberes.net\/tesis\/sin-categoria\/braquiterapia-en-el-melanoma-de-coroides\/"},"modified":"2004-05-05T00:00:00","modified_gmt":"2004-05-05T00:00:00","slug":"braquiterapia-en-el-melanoma-de-coroides","status":"publish","type":"post","link":"https:\/\/www.deberes.net\/tesis\/sin-categoria\/braquiterapia-en-el-melanoma-de-coroides\/","title":{"rendered":"Braquiterapia en el melanoma de coroides"},"content":{"rendered":"<h2>Tesis doctoral de <strong> Flor Escalada Guti\u00e9rrez <\/strong><\/h2>\n<p>Objetivos  evaluar la eficacia de la braquiterapia en los ojos afectos de melanoma de coroides y cuerpo ciliar tratados con placas radioactivas de l 125 y ru 106.  material y m\u00e9todos  presentamos 84 casos de ojos con melanomas de \u00favea diagnosticados mediante examen cl\u00ednico, enp acientes sin met\u00e1stasis a los cuales se les ofreci\u00f3 tratamiento mediante braquiterapia (l 125\/ru 106) durante el periodo comprendido entre octubre de 1993 y abril del 2000, con un seguimiento m\u00ednimo de 12 meses.  en 74 casos  se utilizaron plcas de ru 106 y en 10 de l 125. La altura inicial media eran 6,78 mm.  resultados  usando el kaplan-meier, la visi\u00f3n final fue escasa (menor 0,10) en el 60,7% de los ojos. Las complicaciones en relaci\u00f3n al tratamiento fueron: 20,3% reinopat\u00eda, 14,3% neuropat\u00eda, 14,3% catarata y 13,1% hemorragia v\u00edtrea. las complicaciones fueron m\u00e1s frecuentes en mujeres y en los tumores localizados a nivel de cuerpo ciliar y yuxtapapilares. La enucleaci\u00f3n fue necesaria en 6 casos.  conclusiones  las placas de braquiterapia proporcionan control tumoral en la mayor\u00eda de los pacientes con melanomas de \u00favea seleccionados (mayor 3 y menor 9,3 alturas) a 1383 d\u00edas, que de otro modo hubiesen sido enucleados. Un gran tama\u00f1o tumoral, hallazgos asociados y las complicaciones por la radiaci\u00f3n son causa de la mala visi\u00f3n en la mayor\u00eda de los pacientes.<\/p>\n<p>&nbsp;<\/p>\n<h3>Datos acad\u00e9micos de la tesis doctoral \u00ab<strong>Braquiterapia en el melanoma de coroides<\/strong>\u00ab<\/h3>\n<ul>\n<li><strong>T\u00edtulo de la tesis:<\/strong>\u00a0 Braquiterapia en el melanoma de coroides <\/li>\n<li><strong>Autor:<\/strong>\u00a0 Flor Escalada Guti\u00e9rrez <\/li>\n<li><strong>Universidad:<\/strong>\u00a0 Aut\u00f3noma de barcelona<\/li>\n<li><strong>Fecha de lectura de la tesis:<\/strong>\u00a0 05\/05\/2004<\/li>\n<\/ul>\n<p>&nbsp;<\/p>\n<h3>Direcci\u00f3n y tribunal<\/h3>\n<ul>\n<li><strong>Director de la tesis<\/strong>\n<ul>\n<li>Jos\u00e9 Garc\u00eda Arum\u00ed<\/li>\n<\/ul>\n<\/li>\n<li><strong>Tribunal<\/strong>\n<ul>\n<li>Presidente del tribunal: manuel Armengol carrasco <\/li>\n<li>Jos\u00e9 Callizo tom\u00e1s (vocal)<\/li>\n<li>vicente Fonollosa pla (vocal)<\/li>\n<li>rosario Paradinas mart\u00ednez (vocal)<\/li>\n<\/ul>\n<\/li>\n<\/ul>\n<p>&nbsp;<\/p>\n","protected":false},"excerpt":{"rendered":"<p>Tesis doctoral de Flor Escalada Guti\u00e9rrez Objetivos evaluar la eficacia de la braquiterapia en los ojos afectos de melanoma de [&hellip;]<\/p>\n","protected":false},"author":1,"featured_media":0,"comment_status":"open","ping_status":"open","sticky":false,"template":"","format":"standard","meta":{"site-sidebar-layout":"default","site-content-layout":"","ast-site-content-layout":"","site-content-style":"default","site-sidebar-style":"default","ast-global-header-display":"","ast-banner-title-visibility":"","ast-main-header-display":"","ast-hfb-above-header-display":"","ast-hfb-below-header-display":"","ast-hfb-mobile-header-display":"","site-post-title":"","ast-breadcrumbs-content":"","ast-featured-img":"","footer-sml-layout":"","theme-transparent-header-meta":"","adv-header-id-meta":"","stick-header-meta":"","header-above-stick-meta":"","header-main-stick-meta":"","header-below-stick-meta":"","astra-migrate-meta-layouts":"default","ast-page-background-enabled":"default","ast-page-background-meta":{"desktop":{"background-color":"var(--ast-global-color-4)","background-image":"","background-repeat":"repeat","background-position":"center center","background-size":"auto","background-attachment":"scroll","background-type":"","background-media":"","overlay-type":"","overlay-color":"","overlay-gradient":""},"tablet":{"background-color":"","background-image":"","background-repeat":"repeat","background-position":"center center","background-size":"auto","background-attachment":"scroll","background-type":"","background-media":"","overlay-type":"","overlay-color":"","overlay-gradient":""},"mobile":{"background-color":"","background-image":"","background-repeat":"repeat","background-position":"center center","background-size":"auto","background-attachment":"scroll","background-type":"","background-media":"","overlay-type":"","overlay-color":"","overlay-gradient":""}},"ast-content-background-meta":{"desktop":{"background-color":"var(--ast-global-color-5)","background-image":"","background-repeat":"repeat","background-position":"center center","background-size":"auto","background-attachment":"scroll","background-type":"","background-media":"","overlay-type":"","overlay-color":"","overlay-gradient":""},"tablet":{"background-color":"var(--ast-global-color-5)","background-image":"","background-repeat":"repeat","background-position":"center center","background-size":"auto","background-attachment":"scroll","background-type":"","background-media":"","overlay-type":"","overlay-color":"","overlay-gradient":""},"mobile":{"background-color":"var(--ast-global-color-5)","background-image":"","background-repeat":"repeat","background-position":"center center","background-size":"auto","background-attachment":"scroll","background-type":"","background-media":"","overlay-type":"","overlay-color":"","overlay-gradient":""}},"footnotes":""},"categories":[1],"tags":[84464,3408,53494,13950,39753,56290],"class_list":["post-29965","post","type-post","status-publish","format-standard","hentry","category-sin-categoria","tag-flor-escalada-gutierrez","tag-jose-callizo-tomas","tag-jose-garcia-arumi","tag-manuel-armengol-carrasco","tag-rosario-paradinas-Martinez","tag-vicente-fonollosa-pla"],"_links":{"self":[{"href":"https:\/\/www.deberes.net\/tesis\/wp-json\/wp\/v2\/posts\/29965","targetHints":{"allow":["GET"]}}],"collection":[{"href":"https:\/\/www.deberes.net\/tesis\/wp-json\/wp\/v2\/posts"}],"about":[{"href":"https:\/\/www.deberes.net\/tesis\/wp-json\/wp\/v2\/types\/post"}],"author":[{"embeddable":true,"href":"https:\/\/www.deberes.net\/tesis\/wp-json\/wp\/v2\/users\/1"}],"replies":[{"embeddable":true,"href":"https:\/\/www.deberes.net\/tesis\/wp-json\/wp\/v2\/comments?post=29965"}],"version-history":[{"count":0,"href":"https:\/\/www.deberes.net\/tesis\/wp-json\/wp\/v2\/posts\/29965\/revisions"}],"wp:attachment":[{"href":"https:\/\/www.deberes.net\/tesis\/wp-json\/wp\/v2\/media?parent=29965"}],"wp:term":[{"taxonomy":"category","embeddable":true,"href":"https:\/\/www.deberes.net\/tesis\/wp-json\/wp\/v2\/categories?post=29965"},{"taxonomy":"post_tag","embeddable":true,"href":"https:\/\/www.deberes.net\/tesis\/wp-json\/wp\/v2\/tags?post=29965"}],"curies":[{"name":"wp","href":"https:\/\/api.w.org\/{rel}","templated":true}]}}