{"id":29966,"date":"2004-05-05T00:00:00","date_gmt":"2004-05-05T00:00:00","guid":{"rendered":"https:\/\/www.deberes.net\/tesis\/sin-categoria\/evaluacion-etnografica-de-la-cultura-organizacional\/"},"modified":"2004-05-05T00:00:00","modified_gmt":"2004-05-05T00:00:00","slug":"evaluacion-etnografica-de-la-cultura-organizacional","status":"publish","type":"post","link":"https:\/\/www.deberes.net\/tesis\/sin-categoria\/evaluacion-etnografica-de-la-cultura-organizacional\/","title":{"rendered":"Evaluaci\u00f3n etnografica de la cultura organizacional"},"content":{"rendered":"<h2>Tesis doctoral de <strong>  Aguirre Baztan Silvio Angel <\/strong><\/h2>\n<p>Partimos del hecho, de que no es posible una organizaci\u00f3n sin cultura y de que el estudio de la cultura organizacional posibilita la comprensi\u00f3n m\u00e1s profunda de toda organizaci\u00f3n, sea abierta (vg: una empresa) o cerrada (vg: una secta).  para investigar la cultura de la organizaci\u00f3n, la metodolog\u00eda m\u00e1s eficaz es la cualitativa-etnogr\u00e1fica. La metodolog\u00eda cualitativa permite investigar a las organizaciones en su interacci\u00f3n, en \u00abestado natural\u00bb, sin manipulaci\u00f3n exterior; la metodolog\u00eda etnogr\u00e1fica es la m\u00e1s adecuada en el estudio de la cultura, analizando en un primer momento los problemas (\u00abnarrativas emic\u00bb), para despu\u00e9s abordarlos con las categor\u00edas de la ciencia de la cultura (\u00abnarrativas etic\u00bb).  en el presente trabajo doctoral, procedemos a probar que la evaluaci\u00f3n cualitativo-etnogr\u00e1fica es la m\u00e1s adecuada para la investigaic\u00f3n de la cultura organizacional, desde dos perspectivas: una correcta definici\u00f3n de lo que \u00abes\u00bb la cultura (prueba te\u00f3rica), nos permite entender la naturaleza de la cultura y c\u00f3mo se dja conocer; y el estudio de un agrupamiento humano (prueba emp\u00edrica), nos permite entender c\u00f3mo se investiga su cultura, tanto desde la perspectiva \u00abemic\u00bb como \u00abetic\u00bb.<\/p>\n<p>&nbsp;<\/p>\n<h3>Datos acad\u00e9micos de la tesis doctoral \u00ab<strong>Evaluaci\u00f3n etnografica de la cultura organizacional<\/strong>\u00ab<\/h3>\n<ul>\n<li><strong>T\u00edtulo de la tesis:<\/strong>\u00a0 Evaluaci\u00f3n etnografica de la cultura organizacional <\/li>\n<li><strong>Autor:<\/strong>\u00a0  Aguirre Baztan Silvio Angel <\/li>\n<li><strong>Universidad:<\/strong>\u00a0 Aut\u00f3noma de barcelona<\/li>\n<li><strong>Fecha de lectura de la tesis:<\/strong>\u00a0 05\/05\/2004<\/li>\n<\/ul>\n<p>&nbsp;<\/p>\n<h3>Direcci\u00f3n y tribunal<\/h3>\n<ul>\n<li><strong>Director de la tesis<\/strong>\n<ul>\n<li>Carmen Mart\u00ednez Gonz\u00e1lez<\/li>\n<\/ul>\n<\/li>\n<li><strong>Tribunal<\/strong>\n<ul>\n<li>Presidente del tribunal: lupicinio I\u00f1iguez rueda <\/li>\n<li>pilar Alberti carbo (vocal)<\/li>\n<li>Jaime Almenara aloy (vocal)<\/li>\n<li>Javier Serrano blasco (vocal)<\/li>\n<\/ul>\n<\/li>\n<\/ul>\n<p>&nbsp;<\/p>\n","protected":false},"excerpt":{"rendered":"<p>Tesis doctoral de Aguirre Baztan Silvio Angel Partimos del hecho, de que no es posible una organizaci\u00f3n sin cultura y [&hellip;]<\/p>\n","protected":false},"author":1,"featured_media":0,"comment_status":"open","ping_status":"open","sticky":false,"template":"","format":"standard","meta":{"site-sidebar-layout":"default","site-content-layout":"","ast-site-content-layout":"","site-content-style":"default","site-sidebar-style":"default","ast-global-header-display":"","ast-banner-title-visibility":"","ast-main-header-display":"","ast-hfb-above-header-display":"","ast-hfb-below-header-display":"","ast-hfb-mobile-header-display":"","site-post-title":"","ast-breadcrumbs-content":"","ast-featured-img":"","footer-sml-layout":"","theme-transparent-header-meta":"","adv-header-id-meta":"","stick-header-meta":"","header-above-stick-meta":"","header-main-stick-meta":"","header-below-stick-meta":"","astra-migrate-meta-layouts":"default","ast-page-background-enabled":"default","ast-page-background-meta":{"desktop":{"background-color":"var(--ast-global-color-4)","background-image":"","background-repeat":"repeat","background-position":"center center","background-size":"auto","background-attachment":"scroll","background-type":"","background-media":"","overlay-type":"","overlay-color":"","overlay-gradient":""},"tablet":{"background-color":"","background-image":"","background-repeat":"repeat","background-position":"center center","background-size":"auto","background-attachment":"scroll","background-type":"","background-media":"","overlay-type":"","overlay-color":"","overlay-gradient":""},"mobile":{"background-color":"","background-image":"","background-repeat":"repeat","background-position":"center center","background-size":"auto","background-attachment":"scroll","background-type":"","background-media":"","overlay-type":"","overlay-color":"","overlay-gradient":""}},"ast-content-background-meta":{"desktop":{"background-color":"var(--ast-global-color-5)","background-image":"","background-repeat":"repeat","background-position":"center center","background-size":"auto","background-attachment":"scroll","background-type":"","background-media":"","overlay-type":"","overlay-color":"","overlay-gradient":""},"tablet":{"background-color":"var(--ast-global-color-5)","background-image":"","background-repeat":"repeat","background-position":"center center","background-size":"auto","background-attachment":"scroll","background-type":"","background-media":"","overlay-type":"","overlay-color":"","overlay-gradient":""},"mobile":{"background-color":"var(--ast-global-color-5)","background-image":"","background-repeat":"repeat","background-position":"center center","background-size":"auto","background-attachment":"scroll","background-type":"","background-media":"","overlay-type":"","overlay-color":"","overlay-gradient":""}},"footnotes":""},"categories":[1],"tags":[84465,1398,84467,84468,1171,84466],"class_list":["post-29966","post","type-post","status-publish","format-standard","hentry","category-sin-categoria","tag-aguirre-baztan-silvio-angel","tag-carmen-Martinez-gonzalez","tag-jaime-almenara-aloy","tag-javier-serrano-blasco","tag-lupicinio-iniguez-rueda","tag-pilar-alberti-carbo"],"_links":{"self":[{"href":"https:\/\/www.deberes.net\/tesis\/wp-json\/wp\/v2\/posts\/29966","targetHints":{"allow":["GET"]}}],"collection":[{"href":"https:\/\/www.deberes.net\/tesis\/wp-json\/wp\/v2\/posts"}],"about":[{"href":"https:\/\/www.deberes.net\/tesis\/wp-json\/wp\/v2\/types\/post"}],"author":[{"embeddable":true,"href":"https:\/\/www.deberes.net\/tesis\/wp-json\/wp\/v2\/users\/1"}],"replies":[{"embeddable":true,"href":"https:\/\/www.deberes.net\/tesis\/wp-json\/wp\/v2\/comments?post=29966"}],"version-history":[{"count":0,"href":"https:\/\/www.deberes.net\/tesis\/wp-json\/wp\/v2\/posts\/29966\/revisions"}],"wp:attachment":[{"href":"https:\/\/www.deberes.net\/tesis\/wp-json\/wp\/v2\/media?parent=29966"}],"wp:term":[{"taxonomy":"category","embeddable":true,"href":"https:\/\/www.deberes.net\/tesis\/wp-json\/wp\/v2\/categories?post=29966"},{"taxonomy":"post_tag","embeddable":true,"href":"https:\/\/www.deberes.net\/tesis\/wp-json\/wp\/v2\/tags?post=29966"}],"curies":[{"name":"wp","href":"https:\/\/api.w.org\/{rel}","templated":true}]}}