{"id":29971,"date":"2004-05-05T00:00:00","date_gmt":"2004-05-05T00:00:00","guid":{"rendered":"https:\/\/www.deberes.net\/tesis\/sin-categoria\/innovacion-cultura-y-poder-en-las-instituciones-educativas\/"},"modified":"2004-05-05T00:00:00","modified_gmt":"2004-05-05T00:00:00","slug":"innovacion-cultura-y-poder-en-las-instituciones-educativas","status":"publish","type":"post","link":"https:\/\/www.deberes.net\/tesis\/nacional-de-educacion-a-distancia\/innovacion-cultura-y-poder-en-las-instituciones-educativas\/","title":{"rendered":"Innovaci\u00f3n, cultura y poder en las instituciones educativas"},"content":{"rendered":"<h2>Tesis doctoral de <strong>  Garc\u00eda G\u00f3mez Rodrigo Juan <\/strong><\/h2>\n<p>Un an\u00e1lisis cualitativo, etnogr\u00e1fico.., Dise\u00f1ado como un \u00abestudio de caso\u00bb, con el fin de encontrar \u00abhuellas\u00bb de la presencia de los entornos epistemol\u00f3gicos, pol\u00edtico-administrativos, econ\u00f3micos, socio-culturales, tecnol\u00f3gico-profesionales y acad\u00e9mico-curriculares que rodean a las instituciones educativas, en el conjunto de ideas, \u00absupuestos\u00bb, pr\u00e1cticas, sentimientos, expectativas..Que conformaban el \u00abmundo del a vida\u00bb de una determinada instituci\u00f3n educativa de educaci\u00f3n secundaria, ubicada -en un sentido amplio- en los m\u00e1rgenes del sistema educativo (alto \u00edndice de fracaso escolar, concentraci\u00f3n e poblaci\u00f3n inmigrante y de otras \u00e9tnicas aut\u00f3ctonas como la gitana, ubicaci\u00f3n en un barrio obrero de una gran ciudad..).  con este prop\u00f3sito se lleva a cabo un estudio de profundizaci\u00f3n te\u00f3rica sobre cada uno de los citados entornos. En primer lugar se caracteriza cada uno de ellos -teniendo en cuenta, adem\u00e1s, determinadas coordenadas temporales (1995-2000) y geogr\u00e1ficas (Madrid-capital)- y posteriormente se destilan un conjunto de categor\u00edas observables de aplicaci\u00f3n al citado \u00abestudio de caso\u00bb.  se concluye confirmando la presencia colonizadora de los subsistemas sociales (en nuestro caso \u00abentornos de an\u00e1lisis\u00bb) en el \u00abmundo de la vida\u00bb de la instituci\u00f3n educativa objeto de estudio. Como resultado, se reafirma el concepto de innovaci\u00f3n educativa como una realidad compleja (m. Fullan y a.Hargreaves), que hace necesaria, para su comprensi\u00f3n y asesoramiento, la elaboraci\u00f3n de un constructo te\u00f3rico en red, poli\u00e9drico y multiconexionado que d\u00e9 cuenta de los procesos implicados en el cambio de las pr\u00e1cticas en las instituciones escolares.  es coherente con una concepci\u00f3n multicausal y multiresponsable de los procesos de innovaci\u00f3n y cambio educativo, condicionados por los contextos del entorno, aunque con efectos no previsibles sobre el \u00abmundo de la vida\u00bb de las escuelas, corroborando la viabilidad de la innov<\/p>\n<p>&nbsp;<\/p>\n<h3>Datos acad\u00e9micos de la tesis doctoral \u00ab<strong>Innovaci\u00f3n, cultura y poder en las instituciones educativas<\/strong>\u00ab<\/h3>\n<ul>\n<li><strong>T\u00edtulo de la tesis:<\/strong>\u00a0 Innovaci\u00f3n, cultura y poder en las instituciones educativas <\/li>\n<li><strong>Autor:<\/strong>\u00a0  Garc\u00eda G\u00f3mez Rodrigo Juan <\/li>\n<li><strong>Universidad:<\/strong>\u00a0 Nacional de educaci\u00f3n a distancia<\/li>\n<li><strong>Fecha de lectura de la tesis:<\/strong>\u00a0 05\/05\/2004<\/li>\n<\/ul>\n<p>&nbsp;<\/p>\n<h3>Direcci\u00f3n y tribunal<\/h3>\n<ul>\n<li><strong>Director de la tesis<\/strong>\n<ul>\n<li>Juan  Manuel Escudero Mu\u00f1oz<\/li>\n<\/ul>\n<\/li>\n<li><strong>Tribunal<\/strong>\n<ul>\n<li>Presidente del tribunal: eustaquio Mart\u00edn rodr\u00edguez <\/li>\n<li>Antonio Bolivar botia (vocal)<\/li>\n<li>teresa Bardisa ruiz (vocal)<\/li>\n<li>florentino Sanz fernandez (vocal)<\/li>\n<\/ul>\n<\/li>\n<\/ul>\n<p>&nbsp;<\/p>\n","protected":false},"excerpt":{"rendered":"<p>Tesis doctoral de Garc\u00eda G\u00f3mez Rodrigo Juan Un an\u00e1lisis cualitativo, etnogr\u00e1fico.., Dise\u00f1ado como un \u00abestudio de caso\u00bb, con el fin [&hellip;]<\/p>\n","protected":false},"author":1,"featured_media":0,"comment_status":"open","ping_status":"open","sticky":false,"template":"","format":"standard","meta":{"site-sidebar-layout":"default","site-content-layout":"","ast-site-content-layout":"","site-content-style":"default","site-sidebar-style":"default","ast-global-header-display":"","ast-banner-title-visibility":"","ast-main-header-display":"","ast-hfb-above-header-display":"","ast-hfb-below-header-display":"","ast-hfb-mobile-header-display":"","site-post-title":"","ast-breadcrumbs-content":"","ast-featured-img":"","footer-sml-layout":"","theme-transparent-header-meta":"","adv-header-id-meta":"","stick-header-meta":"","header-above-stick-meta":"","header-main-stick-meta":"","header-below-stick-meta":"","astra-migrate-meta-layouts":"default","ast-page-background-enabled":"default","ast-page-background-meta":{"desktop":{"background-color":"var(--ast-global-color-4)","background-image":"","background-repeat":"repeat","background-position":"center center","background-size":"auto","background-attachment":"scroll","background-type":"","background-media":"","overlay-type":"","overlay-color":"","overlay-gradient":""},"tablet":{"background-color":"","background-image":"","background-repeat":"repeat","background-position":"center center","background-size":"auto","background-attachment":"scroll","background-type":"","background-media":"","overlay-type":"","overlay-color":"","overlay-gradient":""},"mobile":{"background-color":"","background-image":"","background-repeat":"repeat","background-position":"center center","background-size":"auto","background-attachment":"scroll","background-type":"","background-media":"","overlay-type":"","overlay-color":"","overlay-gradient":""}},"ast-content-background-meta":{"desktop":{"background-color":"var(--ast-global-color-5)","background-image":"","background-repeat":"repeat","background-position":"center center","background-size":"auto","background-attachment":"scroll","background-type":"","background-media":"","overlay-type":"","overlay-color":"","overlay-gradient":""},"tablet":{"background-color":"var(--ast-global-color-5)","background-image":"","background-repeat":"repeat","background-position":"center center","background-size":"auto","background-attachment":"scroll","background-type":"","background-media":"","overlay-type":"","overlay-color":"","overlay-gradient":""},"mobile":{"background-color":"var(--ast-global-color-5)","background-image":"","background-repeat":"repeat","background-position":"center center","background-size":"auto","background-attachment":"scroll","background-type":"","background-media":"","overlay-type":"","overlay-color":"","overlay-gradient":""}},"footnotes":""},"categories":[17070],"tags":[8685,22812,7698,84474,8657,19094],"class_list":["post-29971","post","type-post","status-publish","format-standard","hentry","category-nacional-de-educacion-a-distancia","tag-antonio-bolivar-botia","tag-eustaquio-martin-rodriguez","tag-florentino-sanz-fernandez","tag-garcia-gomez-rodrigo-juan","tag-juan-manuel-escudero-munoz","tag-teresa-bardisa-ruiz"],"_links":{"self":[{"href":"https:\/\/www.deberes.net\/tesis\/wp-json\/wp\/v2\/posts\/29971","targetHints":{"allow":["GET"]}}],"collection":[{"href":"https:\/\/www.deberes.net\/tesis\/wp-json\/wp\/v2\/posts"}],"about":[{"href":"https:\/\/www.deberes.net\/tesis\/wp-json\/wp\/v2\/types\/post"}],"author":[{"embeddable":true,"href":"https:\/\/www.deberes.net\/tesis\/wp-json\/wp\/v2\/users\/1"}],"replies":[{"embeddable":true,"href":"https:\/\/www.deberes.net\/tesis\/wp-json\/wp\/v2\/comments?post=29971"}],"version-history":[{"count":0,"href":"https:\/\/www.deberes.net\/tesis\/wp-json\/wp\/v2\/posts\/29971\/revisions"}],"wp:attachment":[{"href":"https:\/\/www.deberes.net\/tesis\/wp-json\/wp\/v2\/media?parent=29971"}],"wp:term":[{"taxonomy":"category","embeddable":true,"href":"https:\/\/www.deberes.net\/tesis\/wp-json\/wp\/v2\/categories?post=29971"},{"taxonomy":"post_tag","embeddable":true,"href":"https:\/\/www.deberes.net\/tesis\/wp-json\/wp\/v2\/tags?post=29971"}],"curies":[{"name":"wp","href":"https:\/\/api.w.org\/{rel}","templated":true}]}}