{"id":29976,"date":"2004-06-05T00:00:00","date_gmt":"2004-06-05T00:00:00","guid":{"rendered":"https:\/\/www.deberes.net\/tesis\/sin-categoria\/el-tamano-como-factor-explicativo-de-la-diversidad-empresarial\/"},"modified":"2004-06-05T00:00:00","modified_gmt":"2004-06-05T00:00:00","slug":"el-tamano-como-factor-explicativo-de-la-diversidad-empresarial","status":"publish","type":"post","link":"https:\/\/www.deberes.net\/tesis\/cadiz\/el-tamano-como-factor-explicativo-de-la-diversidad-empresarial\/","title":{"rendered":"El tama\u00f1o como factor explicativo de la diversidad empresarial"},"content":{"rendered":"<h2>Tesis doctoral de <strong> Alfonso Galindo Lucas <\/strong><\/h2>\n<p>El efecto del tama\u00f1o en variables como la estructura financiera y la rentabilidad ha sido estudiado con resultados emp\u00edricos y planteamientos te\u00f3ricos muy divergentes. Una de las posibles causas de esta incertidumbre puede ser la utilizaci\u00f3n de definiciones arbitrarias de la dimensi\u00f3n empresarial.  la primac\u00eda del criterio tama\u00f1o en la determinaci\u00f3n de las empresas que se pueden acoger a medidas p\u00fablicas de apoyo crea la necesidad de averiguar si la dimensi\u00f3n es un buen criterio que discrimine entre tipos de empresas, por su necesidad de protecci\u00f3n institucional y si las variables que se usan actualmente para dimensionar, as\u00ed como los l\u00edmites cuantitativos en t\u00e9rminos de dichas variables, son los m\u00e1s apropiados.  la resoluci\u00f3n de estos problemas se basa en las caracter\u00edsticas estad\u00edsticas de las empresas espa\u00f1olas, en un ambiente de estabilidad macroecon\u00f3mica y competencia estatal en pol\u00edtica de pyme. El an\u00e1lisis es de tipo exploratorio y trata de constatar si los datos avalan la formulaci\u00f3n de conceptos como el de \u00abtama\u00f1o empresarial\u00bb o \u00abmediana empresa\u00bb.  por se un tema relacionado en la literatura previa con estos problemas, tambi\u00e9n se ha estudiado la importancia del factor sector de actividad, como variable que pueda caracterizar a las empresas, unas con respecto a otras, de forma alternativa del efecto tama\u00f1o.<\/p>\n<p>&nbsp;<\/p>\n<h3>Datos acad\u00e9micos de la tesis doctoral \u00ab<strong>El tama\u00f1o como factor explicativo de la diversidad empresarial<\/strong>\u00ab<\/h3>\n<ul>\n<li><strong>T\u00edtulo de la tesis:<\/strong>\u00a0 El tama\u00f1o como factor explicativo de la diversidad empresarial <\/li>\n<li><strong>Autor:<\/strong>\u00a0 Alfonso Galindo Lucas <\/li>\n<li><strong>Universidad:<\/strong>\u00a0 C\u00e1diz<\/li>\n<li><strong>Fecha de lectura de la tesis:<\/strong>\u00a0 06\/05\/2004<\/li>\n<\/ul>\n<p>&nbsp;<\/p>\n<h3>Direcci\u00f3n y tribunal<\/h3>\n<ul>\n<li><strong>Director de la tesis<\/strong>\n<ul>\n<li>Manuel Larran Jorge<\/li>\n<\/ul>\n<\/li>\n<li><strong>Tribunal<\/strong>\n<ul>\n<li>Presidente del tribunal: joaquina Laffarga briones <\/li>\n<li> Moneva abad\u00eda Jos\u00e9 Mar\u00eda no (vocal)<\/li>\n<li>domingo Garc\u00eda p\u00e9rez de lema (vocal)<\/li>\n<li>Fernando Mart\u00edn alc\u00e1zar (vocal)<\/li>\n<\/ul>\n<\/li>\n<\/ul>\n<p>&nbsp;<\/p>\n","protected":false},"excerpt":{"rendered":"<p>Tesis doctoral de Alfonso Galindo Lucas El efecto del tama\u00f1o en variables como la estructura financiera y la rentabilidad ha [&hellip;]<\/p>\n","protected":false},"author":1,"featured_media":0,"comment_status":"open","ping_status":"open","sticky":false,"template":"","format":"standard","meta":{"site-sidebar-layout":"default","site-content-layout":"","ast-site-content-layout":"","site-content-style":"default","site-sidebar-style":"default","ast-global-header-display":"","ast-banner-title-visibility":"","ast-main-header-display":"","ast-hfb-above-header-display":"","ast-hfb-below-header-display":"","ast-hfb-mobile-header-display":"","site-post-title":"","ast-breadcrumbs-content":"","ast-featured-img":"","footer-sml-layout":"","theme-transparent-header-meta":"","adv-header-id-meta":"","stick-header-meta":"","header-above-stick-meta":"","header-main-stick-meta":"","header-below-stick-meta":"","astra-migrate-meta-layouts":"default","ast-page-background-enabled":"default","ast-page-background-meta":{"desktop":{"background-color":"var(--ast-global-color-4)","background-image":"","background-repeat":"repeat","background-position":"center center","background-size":"auto","background-attachment":"scroll","background-type":"","background-media":"","overlay-type":"","overlay-color":"","overlay-gradient":""},"tablet":{"background-color":"","background-image":"","background-repeat":"repeat","background-position":"center center","background-size":"auto","background-attachment":"scroll","background-type":"","background-media":"","overlay-type":"","overlay-color":"","overlay-gradient":""},"mobile":{"background-color":"","background-image":"","background-repeat":"repeat","background-position":"center center","background-size":"auto","background-attachment":"scroll","background-type":"","background-media":"","overlay-type":"","overlay-color":"","overlay-gradient":""}},"ast-content-background-meta":{"desktop":{"background-color":"var(--ast-global-color-5)","background-image":"","background-repeat":"repeat","background-position":"center center","background-size":"auto","background-attachment":"scroll","background-type":"","background-media":"","overlay-type":"","overlay-color":"","overlay-gradient":""},"tablet":{"background-color":"var(--ast-global-color-5)","background-image":"","background-repeat":"repeat","background-position":"center center","background-size":"auto","background-attachment":"scroll","background-type":"","background-media":"","overlay-type":"","overlay-color":"","overlay-gradient":""},"mobile":{"background-color":"var(--ast-global-color-5)","background-image":"","background-repeat":"repeat","background-position":"center center","background-size":"auto","background-attachment":"scroll","background-type":"","background-media":"","overlay-type":"","overlay-color":"","overlay-gradient":""}},"footnotes":""},"categories":[1506],"tags":[84482,46376,20621,1701,1700,45988],"class_list":["post-29976","post","type-post","status-publish","format-standard","hentry","category-cadiz","tag-alfonso-galindo-lucas","tag-domingo-garcia-perez-de-lema","tag-fernando-martin-alcazar","tag-joaquina-laffarga-briones","tag-manuel-larran-jorge","tag-moneva-abadia-jose-maria-no"],"_links":{"self":[{"href":"https:\/\/www.deberes.net\/tesis\/wp-json\/wp\/v2\/posts\/29976","targetHints":{"allow":["GET"]}}],"collection":[{"href":"https:\/\/www.deberes.net\/tesis\/wp-json\/wp\/v2\/posts"}],"about":[{"href":"https:\/\/www.deberes.net\/tesis\/wp-json\/wp\/v2\/types\/post"}],"author":[{"embeddable":true,"href":"https:\/\/www.deberes.net\/tesis\/wp-json\/wp\/v2\/users\/1"}],"replies":[{"embeddable":true,"href":"https:\/\/www.deberes.net\/tesis\/wp-json\/wp\/v2\/comments?post=29976"}],"version-history":[{"count":0,"href":"https:\/\/www.deberes.net\/tesis\/wp-json\/wp\/v2\/posts\/29976\/revisions"}],"wp:attachment":[{"href":"https:\/\/www.deberes.net\/tesis\/wp-json\/wp\/v2\/media?parent=29976"}],"wp:term":[{"taxonomy":"category","embeddable":true,"href":"https:\/\/www.deberes.net\/tesis\/wp-json\/wp\/v2\/categories?post=29976"},{"taxonomy":"post_tag","embeddable":true,"href":"https:\/\/www.deberes.net\/tesis\/wp-json\/wp\/v2\/tags?post=29976"}],"curies":[{"name":"wp","href":"https:\/\/api.w.org\/{rel}","templated":true}]}}