{"id":29997,"date":"2004-07-05T00:00:00","date_gmt":"2004-07-05T00:00:00","guid":{"rendered":"https:\/\/www.deberes.net\/tesis\/sin-categoria\/mexico-desigualdad-social-y-ciudadana%c2%ada-1990-2000\/"},"modified":"2004-07-05T00:00:00","modified_gmt":"2004-07-05T00:00:00","slug":"mexico-desigualdad-social-y-ciudadana%c2%ada-1990-2000","status":"publish","type":"post","link":"https:\/\/www.deberes.net\/tesis\/alicante\/mexico-desigualdad-social-y-ciudadana%c2%ada-1990-2000\/","title":{"rendered":"M\u00e9xico: desigualdad social y ciudadan\u00eda(1990-2000)"},"content":{"rendered":"<h2>Tesis doctoral de <strong>  Vite P\u00e9rez Miguel Angel <\/strong><\/h2>\n<p>En m\u00e9xico, la expansi\u00f3n de los derechos pol\u00edticos universales ha coincidido con un debilitamiento paulatino del intervencionismo estatal en la producci\u00f3n y distribuci\u00f3n del bienestar social, considerando como parte de los derechos sociales, realizados a trav\u00e9s de una estructura organizativa corporativa que permiti\u00f3 una integraci\u00f3n social autoritaria desde arriba, tanto de las masas obreras como campesinas, mientras el pa\u00eds se industrializaba y urbanizaba. Pero, a ra\u00edz de la crisis econ\u00f3mica de 1982, se introdujeron cambios en el modelo econ\u00f3mico para permitir la transnacionalizaci\u00f3n de la econom\u00eda mexicana, lo que gener\u00f3 una mayor concentraci\u00f3n de los recursos en los grupos sociales privilegiados y, al mismo tiempo, la contracci\u00f3n de la inclusi\u00f3n social a trav\u00e9s del pacto social comparativo, que se debilita y, en consecuencia, tien problemas para cumplir con su funci\u00f3n de control social, cuando ya no existe el apoyo estatal ejercido a trav\u00e9s de su funci\u00f3n distributiva.<\/p>\n<p>&nbsp;<\/p>\n<h3>Datos acad\u00e9micos de la tesis doctoral \u00ab<strong>M\u00e9xico: desigualdad social y ciudadan\u00eda(1990-2000)<\/strong>\u00ab<\/h3>\n<ul>\n<li><strong>T\u00edtulo de la tesis:<\/strong>\u00a0 M\u00e9xico: desigualdad social y ciudadan\u00eda(1990-2000) <\/li>\n<li><strong>Autor:<\/strong>\u00a0  Vite P\u00e9rez Miguel Angel <\/li>\n<li><strong>Universidad:<\/strong>\u00a0 Alicante<\/li>\n<li><strong>Fecha de lectura de la tesis:<\/strong>\u00a0 07\/05\/2004<\/li>\n<\/ul>\n<p>&nbsp;<\/p>\n<h3>Direcci\u00f3n y tribunal<\/h3>\n<ul>\n<li><strong>Director de la tesis<\/strong>\n<ul>\n<li>Fernando D\u00edaz Orueta<\/li>\n<\/ul>\n<\/li>\n<li><strong>Tribunal<\/strong>\n<ul>\n<li>Presidente del tribunal: benjamin Oltra martin de los santos <\/li>\n<li>Andr\u00e9s Pedre\u00f1o c\u00e1novas (vocal)<\/li>\n<li>Juan  Antonio Roche c\u00e1rcel (vocal)<\/li>\n<li>Miguel Carrera troyano (vocal)<\/li>\n<\/ul>\n<\/li>\n<\/ul>\n<p>&nbsp;<\/p>\n","protected":false},"excerpt":{"rendered":"<p>Tesis doctoral de Vite P\u00e9rez Miguel Angel En m\u00e9xico, la expansi\u00f3n de los derechos pol\u00edticos universales ha coincidido con un [&hellip;]<\/p>\n","protected":false},"author":1,"featured_media":0,"comment_status":"open","ping_status":"open","sticky":false,"template":"","format":"standard","meta":{"site-sidebar-layout":"default","site-content-layout":"","ast-site-content-layout":"","site-content-style":"default","site-sidebar-style":"default","ast-global-header-display":"","ast-banner-title-visibility":"","ast-main-header-display":"","ast-hfb-above-header-display":"","ast-hfb-below-header-display":"","ast-hfb-mobile-header-display":"","site-post-title":"","ast-breadcrumbs-content":"","ast-featured-img":"","footer-sml-layout":"","theme-transparent-header-meta":"","adv-header-id-meta":"","stick-header-meta":"","header-above-stick-meta":"","header-main-stick-meta":"","header-below-stick-meta":"","astra-migrate-meta-layouts":"default","ast-page-background-enabled":"default","ast-page-background-meta":{"desktop":{"background-color":"var(--ast-global-color-4)","background-image":"","background-repeat":"repeat","background-position":"center center","background-size":"auto","background-attachment":"scroll","background-type":"","background-media":"","overlay-type":"","overlay-color":"","overlay-gradient":""},"tablet":{"background-color":"","background-image":"","background-repeat":"repeat","background-position":"center center","background-size":"auto","background-attachment":"scroll","background-type":"","background-media":"","overlay-type":"","overlay-color":"","overlay-gradient":""},"mobile":{"background-color":"","background-image":"","background-repeat":"repeat","background-position":"center center","background-size":"auto","background-attachment":"scroll","background-type":"","background-media":"","overlay-type":"","overlay-color":"","overlay-gradient":""}},"ast-content-background-meta":{"desktop":{"background-color":"var(--ast-global-color-5)","background-image":"","background-repeat":"repeat","background-position":"center center","background-size":"auto","background-attachment":"scroll","background-type":"","background-media":"","overlay-type":"","overlay-color":"","overlay-gradient":""},"tablet":{"background-color":"var(--ast-global-color-5)","background-image":"","background-repeat":"repeat","background-position":"center center","background-size":"auto","background-attachment":"scroll","background-type":"","background-media":"","overlay-type":"","overlay-color":"","overlay-gradient":""},"mobile":{"background-color":"var(--ast-global-color-5)","background-image":"","background-repeat":"repeat","background-position":"center center","background-size":"auto","background-attachment":"scroll","background-type":"","background-media":"","overlay-type":"","overlay-color":"","overlay-gradient":""}},"footnotes":""},"categories":[19166],"tags":[46086,19373,57889,84536,84537,84535],"class_list":["post-29997","post","type-post","status-publish","format-standard","hentry","category-alicante","tag-andres-pedreno-canovas","tag-benjamin-oltra-martin-de-los-santos","tag-fernando-diaz-orueta","tag-juan-antonio-roche-carcel","tag-miguel-carrera-troyano","tag-vite-perez-miguel-angel"],"_links":{"self":[{"href":"https:\/\/www.deberes.net\/tesis\/wp-json\/wp\/v2\/posts\/29997","targetHints":{"allow":["GET"]}}],"collection":[{"href":"https:\/\/www.deberes.net\/tesis\/wp-json\/wp\/v2\/posts"}],"about":[{"href":"https:\/\/www.deberes.net\/tesis\/wp-json\/wp\/v2\/types\/post"}],"author":[{"embeddable":true,"href":"https:\/\/www.deberes.net\/tesis\/wp-json\/wp\/v2\/users\/1"}],"replies":[{"embeddable":true,"href":"https:\/\/www.deberes.net\/tesis\/wp-json\/wp\/v2\/comments?post=29997"}],"version-history":[{"count":0,"href":"https:\/\/www.deberes.net\/tesis\/wp-json\/wp\/v2\/posts\/29997\/revisions"}],"wp:attachment":[{"href":"https:\/\/www.deberes.net\/tesis\/wp-json\/wp\/v2\/media?parent=29997"}],"wp:term":[{"taxonomy":"category","embeddable":true,"href":"https:\/\/www.deberes.net\/tesis\/wp-json\/wp\/v2\/categories?post=29997"},{"taxonomy":"post_tag","embeddable":true,"href":"https:\/\/www.deberes.net\/tesis\/wp-json\/wp\/v2\/tags?post=29997"}],"curies":[{"name":"wp","href":"https:\/\/api.w.org\/{rel}","templated":true}]}}