{"id":30051,"date":"2004-10-05T00:00:00","date_gmt":"2004-10-05T00:00:00","guid":{"rendered":"https:\/\/www.deberes.net\/tesis\/sin-categoria\/el-problema-del-mal-en-la-filosofa%c2%ada-de-immanuel-kant\/"},"modified":"2004-10-05T00:00:00","modified_gmt":"2004-10-05T00:00:00","slug":"el-problema-del-mal-en-la-filosofa%c2%ada-de-immanuel-kant","status":"publish","type":"post","link":"https:\/\/www.deberes.net\/tesis\/barcelona\/el-problema-del-mal-en-la-filosofa%c2%ada-de-immanuel-kant\/","title":{"rendered":"El problema del mal en la filosof\u00edade immanuel kant"},"content":{"rendered":"<h2>Tesis doctoral de <strong> Helga Sirchia <\/strong><\/h2>\n<p>El problema del mal en la filosof\u00eda kantiana coincide con la presencia del mal moral en el hombre; a partir de esta tesis, en la que se funda el trabajo de investigaci\u00f3n, y atraves de la lectura y el an\u00e1lisis de algunas obras de kant, la tesis se propone responder esencialmente a una pregunta fundamental:\u00c2\u00bfel hombre es bueno e es malo?  para intentar contestar a esta pregunta, la investigaci\u00f3n se basa en una metodolog\u00eda multidisciplinar e hist\u00f3rica, de modo quel hilo conductor dela cuesti\u00f3n del mal ha llevado a evidenciar la profunda relaci\u00f3n entre diferentes \u00e1mbitos filos\u00f3ficos del pensamiento kantiano, tales como la filosof\u00eda moral, la filosof\u00eda  de la historia, la filosof\u00eda  pol\u00edtica y del derecho, la antropolog\u00eda y la filosof\u00eda de la religi\u00f3n.  en efecto , si por un lado la dimensi\u00f3n moral resulta el \u00e1mbito pricipuo en el que kant admite de considerar filosoficamente el mal , su origen y su segnificado para el hombre, por otro lado no solamente la filosof\u00eda moral, sino tambi\u00e9n otros momentos hist\u00f3ricos de la evoluci\u00f3n del pensamiento kantiano y otros \u00e1mbito disciplinar de su sistema filos\u00f3fico est\u00e1n ivolucrado en la reflexi\u00f3n que el autor desrroll\u00f3 durante muchos a\u00f1os acerca del problema del mal en la naturaleza humana.<\/p>\n<p>&nbsp;<\/p>\n<h3>Datos acad\u00e9micos de la tesis doctoral \u00ab<strong>El problema del mal en la filosof\u00edade immanuel kant<\/strong>\u00ab<\/h3>\n<ul>\n<li><strong>T\u00edtulo de la tesis:<\/strong>\u00a0 El problema del mal en la filosof\u00edade immanuel kant <\/li>\n<li><strong>Autor:<\/strong>\u00a0 Helga Sirchia <\/li>\n<li><strong>Universidad:<\/strong>\u00a0 Barcelona<\/li>\n<li><strong>Fecha de lectura de la tesis:<\/strong>\u00a0 10\/05\/2004<\/li>\n<\/ul>\n<p>&nbsp;<\/p>\n<h3>Direcci\u00f3n y tribunal<\/h3>\n<ul>\n<li><strong>Director de la tesis<\/strong>\n<ul>\n<li>Eudaldo Forment Giralt<\/li>\n<\/ul>\n<\/li>\n<li><strong>Tribunal<\/strong>\n<ul>\n<li>Presidente del tribunal: Jos\u00e9 Luis Arce carrascoso <\/li>\n<li>armando Savignano (vocal)<\/li>\n<li>Jos\u00e9 Manuel Garcia de la mora (vocal)<\/li>\n<li>conrad Vilanou torrado (vocal)<\/li>\n<\/ul>\n<\/li>\n<\/ul>\n<p>&nbsp;<\/p>\n","protected":false},"excerpt":{"rendered":"<p>Tesis doctoral de Helga Sirchia El problema del mal en la filosof\u00eda kantiana coincide con la presencia del mal moral [&hellip;]<\/p>\n","protected":false},"author":1,"featured_media":0,"comment_status":"open","ping_status":"open","sticky":false,"template":"","format":"standard","meta":{"site-sidebar-layout":"default","site-content-layout":"","ast-site-content-layout":"","site-content-style":"default","site-sidebar-style":"default","ast-global-header-display":"","ast-banner-title-visibility":"","ast-main-header-display":"","ast-hfb-above-header-display":"","ast-hfb-below-header-display":"","ast-hfb-mobile-header-display":"","site-post-title":"","ast-breadcrumbs-content":"","ast-featured-img":"","footer-sml-layout":"","theme-transparent-header-meta":"","adv-header-id-meta":"","stick-header-meta":"","header-above-stick-meta":"","header-main-stick-meta":"","header-below-stick-meta":"","astra-migrate-meta-layouts":"default","ast-page-background-enabled":"default","ast-page-background-meta":{"desktop":{"background-color":"var(--ast-global-color-4)","background-image":"","background-repeat":"repeat","background-position":"center center","background-size":"auto","background-attachment":"scroll","background-type":"","background-media":"","overlay-type":"","overlay-color":"","overlay-gradient":""},"tablet":{"background-color":"","background-image":"","background-repeat":"repeat","background-position":"center center","background-size":"auto","background-attachment":"scroll","background-type":"","background-media":"","overlay-type":"","overlay-color":"","overlay-gradient":""},"mobile":{"background-color":"","background-image":"","background-repeat":"repeat","background-position":"center center","background-size":"auto","background-attachment":"scroll","background-type":"","background-media":"","overlay-type":"","overlay-color":"","overlay-gradient":""}},"ast-content-background-meta":{"desktop":{"background-color":"var(--ast-global-color-5)","background-image":"","background-repeat":"repeat","background-position":"center center","background-size":"auto","background-attachment":"scroll","background-type":"","background-media":"","overlay-type":"","overlay-color":"","overlay-gradient":""},"tablet":{"background-color":"var(--ast-global-color-5)","background-image":"","background-repeat":"repeat","background-position":"center center","background-size":"auto","background-attachment":"scroll","background-type":"","background-media":"","overlay-type":"","overlay-color":"","overlay-gradient":""},"mobile":{"background-color":"var(--ast-global-color-5)","background-image":"","background-repeat":"repeat","background-position":"center center","background-size":"auto","background-attachment":"scroll","background-type":"","background-media":"","overlay-type":"","overlay-color":"","overlay-gradient":""}},"footnotes":""},"categories":[951,6428],"tags":[84668,19817,1188,84667,1062,60572],"class_list":["post-30051","post","type-post","status-publish","format-standard","hentry","category-barcelona","category-metafisica-y-ontologia","tag-armando-savignano","tag-conrad-vilanou-torrado","tag-eudaldo-forment-giralt","tag-helga-sirchia","tag-jose-luis-arce-carrascoso","tag-jose-manuel-garcia-de-la-mora"],"_links":{"self":[{"href":"https:\/\/www.deberes.net\/tesis\/wp-json\/wp\/v2\/posts\/30051","targetHints":{"allow":["GET"]}}],"collection":[{"href":"https:\/\/www.deberes.net\/tesis\/wp-json\/wp\/v2\/posts"}],"about":[{"href":"https:\/\/www.deberes.net\/tesis\/wp-json\/wp\/v2\/types\/post"}],"author":[{"embeddable":true,"href":"https:\/\/www.deberes.net\/tesis\/wp-json\/wp\/v2\/users\/1"}],"replies":[{"embeddable":true,"href":"https:\/\/www.deberes.net\/tesis\/wp-json\/wp\/v2\/comments?post=30051"}],"version-history":[{"count":0,"href":"https:\/\/www.deberes.net\/tesis\/wp-json\/wp\/v2\/posts\/30051\/revisions"}],"wp:attachment":[{"href":"https:\/\/www.deberes.net\/tesis\/wp-json\/wp\/v2\/media?parent=30051"}],"wp:term":[{"taxonomy":"category","embeddable":true,"href":"https:\/\/www.deberes.net\/tesis\/wp-json\/wp\/v2\/categories?post=30051"},{"taxonomy":"post_tag","embeddable":true,"href":"https:\/\/www.deberes.net\/tesis\/wp-json\/wp\/v2\/tags?post=30051"}],"curies":[{"name":"wp","href":"https:\/\/api.w.org\/{rel}","templated":true}]}}