{"id":30068,"date":"2004-10-05T00:00:00","date_gmt":"2004-10-05T00:00:00","guid":{"rendered":"https:\/\/www.deberes.net\/tesis\/sin-categoria\/promocion-del-crecimiento-y-desarrollo-del-nino-3\/"},"modified":"2004-10-05T00:00:00","modified_gmt":"2004-10-05T00:00:00","slug":"promocion-del-crecimiento-y-desarrollo-del-nino-3","status":"publish","type":"post","link":"https:\/\/www.deberes.net\/tesis\/pediatria\/promocion-del-crecimiento-y-desarrollo-del-nino-3\/","title":{"rendered":"Promoci\u00f3n del crecimiento y desarrollo del ni\u00f1o."},"content":{"rendered":"<h2>Tesis doctoral de <strong> Jorge  Manuel Amado Apostolo <\/strong><\/h2>\n<p>En los \u00faltimos a\u00f1os se han producido varias alteraciones con relaci\u00f3n a los ni\u00f1os y en la posici\u00f3n de los padres y profesionales sanitarios ante los mismos. La nueva pediatr\u00eda representa un cambio de paradigma y el modelo biom\u00e9dico ser\u00e1 suplantado por un modelo m\u00e1s eco]6gico y social. La consideraci\u00f3n del ni\u00f1o como una unidad  biopsicosocial en estrecha dependencia con el medio, entorno f\u00edsico y humano en que crece y madura, es b\u00e1sica en el concepto de salud integral objetivos: el objetivo principal de la investigaci\u00f3n ha sido evaluar el nivel de la realizaci\u00f3n de las actividades de promoci\u00f3n del crecimiento y del desarrollo del ni\u00f1o auto percibido por los profesionales de enfermer\u00eda. Como objetivos espec\u00edficos se pretendi\u00f3 construir y \u00bb validar un inventario de actividades de promoci\u00f3n del crecimiento y del desarrollo del ni\u00f1o; identificar las \u00e1reas de mayor y de m\u00e1s bajo nivel de realizaci\u00f3n; analizar la influencia ejercida por algunas variables (formaci\u00f3n, categor\u00eda, dominio del conocimiento, importancia atribuida) en el nivel, autopercibido, de la realizaci\u00f3n de las actividades de la promoci\u00f3n del crecimiento y del desarrollo del ni\u00f1o; proponer alteraciones del plan de estudios que estimulan el desarrollo de capacidades en esta \u00e1rea. muestra: representada por 206 enfermeros, de todos los centros de salud de la subregi\u00f3n de salud de coimbra, de la \u00e1rea de prestaci\u00f3n de cuidados. metodolog\u00eda: conceptualizamos una investigaci\u00f3n de car\u00e1cter descriptivo-anafflico, de base cuantitativa y transversal. instrumentos de medida: cuestionarios de auto administraci\u00f3n, construidos al efecto y sometidos a estudios que procuraron confirmar su fidelidad y validez: cuestionario sociodemogr\u00e1fico y de contexto; inventario de actividades de promoci\u00f3n del crecimiento y desarrollo del ni\u00f1o (1apcdc); escalas de medida del dominio de conocimiento y importancia atribuida a las actividades de promoci\u00f3n del crecimiento y desarrollo del ni\u00f1o. resultados: la mayor\u00eda de los enfermeros, 57,3%, presenta puntuaciones en el iapci)c que sugieren un nivel de realizaci\u00f3n (auto percibido) medio. 34% evidencian un nivel bajo, y 8,7% un nivel elevado en la realizaci\u00f3n de las actividades de promoci\u00f3n de crecimiento y desarrollo del  ni\u00f1o. La concretizaci6n de este trabajo permite las siguientes recomendaciones: desarrollar los contenidos y unidades curriculares relacionadas con la promoci\u00f3n del crecimiento desarrollo del ni\u00f1o en los cursos de enfermer\u00eda; proponer a la subregi\u00f3n de salud de coimbra un proyecto de formaci6n-acci6n destinado a mejorar las competencias de los enfermeros en el \u00e1rea del crecimiento y desarrollo del ni\u00f1o.<\/p>\n<p>&nbsp;<\/p>\n<h3>Datos acad\u00e9micos de la tesis doctoral \u00ab<strong>Promoci\u00f3n del crecimiento y desarrollo del ni\u00f1o.<\/strong>\u00ab<\/h3>\n<ul>\n<li><strong>T\u00edtulo de la tesis:<\/strong>\u00a0 Promoci\u00f3n del crecimiento y desarrollo del ni\u00f1o. <\/li>\n<li><strong>Autor:<\/strong>\u00a0 Jorge  Manuel Amado Apostolo <\/li>\n<li><strong>Universidad:<\/strong>\u00a0 Extremadura<\/li>\n<li><strong>Fecha de lectura de la tesis:<\/strong>\u00a0 10\/05\/2004<\/li>\n<\/ul>\n<p>&nbsp;<\/p>\n<h3>Direcci\u00f3n y tribunal<\/h3>\n<ul>\n<li><strong>Director de la tesis<\/strong>\n<ul>\n<li>Florencio Vicente Castro<\/li>\n<\/ul>\n<\/li>\n<li><strong>Tribunal<\/strong>\n<ul>\n<li>Presidente del tribunal: mercedes (secretario) G\u00f3mez acu\u00f1as <\/li>\n<li>  (vocal)<\/li>\n<li>  (vocal)<\/li>\n<li>  (vocal)<\/li>\n<\/ul>\n<\/li>\n<\/ul>\n<p>&nbsp;<\/p>\n","protected":false},"excerpt":{"rendered":"<p>Tesis doctoral de Jorge Manuel Amado Apostolo En los \u00faltimos a\u00f1os se han producido varias alteraciones con relaci\u00f3n a los [&hellip;]<\/p>\n","protected":false},"author":1,"featured_media":0,"comment_status":"open","ping_status":"open","sticky":false,"template":"","format":"standard","meta":{"site-sidebar-layout":"default","site-content-layout":"","ast-site-content-layout":"","site-content-style":"default","site-sidebar-style":"default","ast-global-header-display":"","ast-banner-title-visibility":"","ast-main-header-display":"","ast-hfb-above-header-display":"","ast-hfb-below-header-display":"","ast-hfb-mobile-header-display":"","site-post-title":"","ast-breadcrumbs-content":"","ast-featured-img":"","footer-sml-layout":"","theme-transparent-header-meta":"","adv-header-id-meta":"","stick-header-meta":"","header-above-stick-meta":"","header-main-stick-meta":"","header-below-stick-meta":"","astra-migrate-meta-layouts":"default","ast-page-background-enabled":"default","ast-page-background-meta":{"desktop":{"background-color":"var(--ast-global-color-4)","background-image":"","background-repeat":"repeat","background-position":"center center","background-size":"auto","background-attachment":"scroll","background-type":"","background-media":"","overlay-type":"","overlay-color":"","overlay-gradient":""},"tablet":{"background-color":"","background-image":"","background-repeat":"repeat","background-position":"center center","background-size":"auto","background-attachment":"scroll","background-type":"","background-media":"","overlay-type":"","overlay-color":"","overlay-gradient":""},"mobile":{"background-color":"","background-image":"","background-repeat":"repeat","background-position":"center center","background-size":"auto","background-attachment":"scroll","background-type":"","background-media":"","overlay-type":"","overlay-color":"","overlay-gradient":""}},"ast-content-background-meta":{"desktop":{"background-color":"var(--ast-global-color-5)","background-image":"","background-repeat":"repeat","background-position":"center center","background-size":"auto","background-attachment":"scroll","background-type":"","background-media":"","overlay-type":"","overlay-color":"","overlay-gradient":""},"tablet":{"background-color":"var(--ast-global-color-5)","background-image":"","background-repeat":"repeat","background-position":"center center","background-size":"auto","background-attachment":"scroll","background-type":"","background-media":"","overlay-type":"","overlay-color":"","overlay-gradient":""},"mobile":{"background-color":"var(--ast-global-color-5)","background-image":"","background-repeat":"repeat","background-position":"center center","background-size":"auto","background-attachment":"scroll","background-type":"","background-media":"","overlay-type":"","overlay-color":"","overlay-gradient":""}},"footnotes":""},"categories":[949,161,970],"tags":[7144,84664,84713],"class_list":["post-30068","post","type-post","status-publish","format-standard","hentry","category-extremadura","category-pediatria","category-psicologia-del-nino-y-del-adolescente","tag-florencio-vicente-castro","tag-jorge-manuel-amado-apostolo","tag-mercedes-secretario-gomez-acunas"],"_links":{"self":[{"href":"https:\/\/www.deberes.net\/tesis\/wp-json\/wp\/v2\/posts\/30068","targetHints":{"allow":["GET"]}}],"collection":[{"href":"https:\/\/www.deberes.net\/tesis\/wp-json\/wp\/v2\/posts"}],"about":[{"href":"https:\/\/www.deberes.net\/tesis\/wp-json\/wp\/v2\/types\/post"}],"author":[{"embeddable":true,"href":"https:\/\/www.deberes.net\/tesis\/wp-json\/wp\/v2\/users\/1"}],"replies":[{"embeddable":true,"href":"https:\/\/www.deberes.net\/tesis\/wp-json\/wp\/v2\/comments?post=30068"}],"version-history":[{"count":0,"href":"https:\/\/www.deberes.net\/tesis\/wp-json\/wp\/v2\/posts\/30068\/revisions"}],"wp:attachment":[{"href":"https:\/\/www.deberes.net\/tesis\/wp-json\/wp\/v2\/media?parent=30068"}],"wp:term":[{"taxonomy":"category","embeddable":true,"href":"https:\/\/www.deberes.net\/tesis\/wp-json\/wp\/v2\/categories?post=30068"},{"taxonomy":"post_tag","embeddable":true,"href":"https:\/\/www.deberes.net\/tesis\/wp-json\/wp\/v2\/tags?post=30068"}],"curies":[{"name":"wp","href":"https:\/\/api.w.org\/{rel}","templated":true}]}}