{"id":30089,"date":"2004-12-05T00:00:00","date_gmt":"2004-12-05T00:00:00","guid":{"rendered":"https:\/\/www.deberes.net\/tesis\/sin-categoria\/el-conceptismo-en-la-lengua-literaria-del-siglo-xvii\/"},"modified":"2004-12-05T00:00:00","modified_gmt":"2004-12-05T00:00:00","slug":"el-conceptismo-en-la-lengua-literaria-del-siglo-xvii","status":"publish","type":"post","link":"https:\/\/www.deberes.net\/tesis\/nacional-de-educacion-a-distancia\/el-conceptismo-en-la-lengua-literaria-del-siglo-xvii\/","title":{"rendered":"El conceptismo en la lengua literaria del siglo xvii"},"content":{"rendered":"<h2>Tesis doctoral de <strong> Gregorio Moreno Fern\u00e1ndez <\/strong><\/h2>\n<p>Se analiza previamente el conceptismo de manera te\u00f3rica, desde distintas perspectivas: est\u00e9tica, filos\u00f3fica, teol\u00f3gica o receptiva. Se presta atenci\u00f3n al fen\u00f3meno de la dificultad.  seguidamente, se estudia su naturaleza ling\u00ed\u00bc\u00edstica, entendiendo el concepto como una sentencia admirable que se acompa\u00f1a de una correspondencia con un amplio contenido causal (entimema). Se centra despu\u00e9s la tesis en las agudezas verbales (clave seiscentista). Este es un concepto formal que tiene como base las figuras ret\u00f3ricas tradicionales: met\u00e1fora, hip\u00e9rbole, paradoja, ant\u00edtesis, equ\u00edvoco, iron\u00eda, hip\u00e9rbaton.  se describe el concepto como un fen\u00f3meno de amplificaci\u00f3n, aunque puede presentarse como abreviaci\u00f3n (entimema cnfutativo) en casos como el zeugma de agudez o la elipsis verbal. Tambi\u00e9n como un fen\u00f3meno mixto: alusi\u00f3n. se analiza tamib\u00e9n la selecci\u00f3nl\u00e9xica de cultismos o palabras jergales, la adjetivaci\u00f3n, los refrantes o modismos.  finalmente, sinterpreta la lengua literaria seiscentista en clave conceptista desde sus or\u00edgenes. Se destacan las siguientes caracter\u00edsticas; el desarrollo de la impropiedad, la prolongaci\u00f3n temporal de la descodificaci\u00f3n y el desarrollo de las cualidades de la lengua escrita.<\/p>\n<p>&nbsp;<\/p>\n<h3>Datos acad\u00e9micos de la tesis doctoral \u00ab<strong>El conceptismo en la lengua literaria del siglo xvii<\/strong>\u00ab<\/h3>\n<ul>\n<li><strong>T\u00edtulo de la tesis:<\/strong>\u00a0 El conceptismo en la lengua literaria del siglo xvii <\/li>\n<li><strong>Autor:<\/strong>\u00a0 Gregorio Moreno Fern\u00e1ndez <\/li>\n<li><strong>Universidad:<\/strong>\u00a0 Nacional de educaci\u00f3n a distancia<\/li>\n<li><strong>Fecha de lectura de la tesis:<\/strong>\u00a0 12\/05\/2004<\/li>\n<\/ul>\n<p>&nbsp;<\/p>\n<h3>Direcci\u00f3n y tribunal<\/h3>\n<ul>\n<li><strong>Director de la tesis<\/strong>\n<ul>\n<li>Francisco Abad Nebot<\/li>\n<\/ul>\n<\/li>\n<li><strong>Tribunal<\/strong>\n<ul>\n<li>Presidente del tribunal: ricardo Senabre sempere <\/li>\n<li>Jos\u00e9 Dom\u00ednguez caparr\u00f3s (vocal)<\/li>\n<li>alicia Yllera fernandez (vocal)<\/li>\n<li>tomas Albaladejo mayordomo (vocal)<\/li>\n<\/ul>\n<\/li>\n<\/ul>\n<p>&nbsp;<\/p>\n","protected":false},"excerpt":{"rendered":"<p>Tesis doctoral de Gregorio Moreno Fern\u00e1ndez Se analiza previamente el conceptismo de manera te\u00f3rica, desde distintas perspectivas: est\u00e9tica, filos\u00f3fica, teol\u00f3gica [&hellip;]<\/p>\n","protected":false},"author":1,"featured_media":0,"comment_status":"open","ping_status":"open","sticky":false,"template":"","format":"standard","meta":{"site-sidebar-layout":"default","site-content-layout":"","ast-site-content-layout":"","site-content-style":"default","site-sidebar-style":"default","ast-global-header-display":"","ast-banner-title-visibility":"","ast-main-header-display":"","ast-hfb-above-header-display":"","ast-hfb-below-header-display":"","ast-hfb-mobile-header-display":"","site-post-title":"","ast-breadcrumbs-content":"","ast-featured-img":"","footer-sml-layout":"","theme-transparent-header-meta":"","adv-header-id-meta":"","stick-header-meta":"","header-above-stick-meta":"","header-main-stick-meta":"","header-below-stick-meta":"","astra-migrate-meta-layouts":"default","ast-page-background-enabled":"default","ast-page-background-meta":{"desktop":{"background-color":"var(--ast-global-color-4)","background-image":"","background-repeat":"repeat","background-position":"center center","background-size":"auto","background-attachment":"scroll","background-type":"","background-media":"","overlay-type":"","overlay-color":"","overlay-gradient":""},"tablet":{"background-color":"","background-image":"","background-repeat":"repeat","background-position":"center center","background-size":"auto","background-attachment":"scroll","background-type":"","background-media":"","overlay-type":"","overlay-color":"","overlay-gradient":""},"mobile":{"background-color":"","background-image":"","background-repeat":"repeat","background-position":"center center","background-size":"auto","background-attachment":"scroll","background-type":"","background-media":"","overlay-type":"","overlay-color":"","overlay-gradient":""}},"ast-content-background-meta":{"desktop":{"background-color":"var(--ast-global-color-5)","background-image":"","background-repeat":"repeat","background-position":"center center","background-size":"auto","background-attachment":"scroll","background-type":"","background-media":"","overlay-type":"","overlay-color":"","overlay-gradient":""},"tablet":{"background-color":"var(--ast-global-color-5)","background-image":"","background-repeat":"repeat","background-position":"center center","background-size":"auto","background-attachment":"scroll","background-type":"","background-media":"","overlay-type":"","overlay-color":"","overlay-gradient":""},"mobile":{"background-color":"var(--ast-global-color-5)","background-image":"","background-repeat":"repeat","background-position":"center center","background-size":"auto","background-attachment":"scroll","background-type":"","background-media":"","overlay-type":"","overlay-color":"","overlay-gradient":""}},"footnotes":""},"categories":[17070],"tags":[1780,6374,84754,8739,8738,4759],"class_list":["post-30089","post","type-post","status-publish","format-standard","hentry","category-nacional-de-educacion-a-distancia","tag-alicia-yllera-fernandez","tag-francisco-abad-nebot","tag-gregorio-moreno-fernandez","tag-jose-dominguez-caparros","tag-ricardo-senabre-sempere","tag-tomas-albaladejo-mayordomo"],"_links":{"self":[{"href":"https:\/\/www.deberes.net\/tesis\/wp-json\/wp\/v2\/posts\/30089","targetHints":{"allow":["GET"]}}],"collection":[{"href":"https:\/\/www.deberes.net\/tesis\/wp-json\/wp\/v2\/posts"}],"about":[{"href":"https:\/\/www.deberes.net\/tesis\/wp-json\/wp\/v2\/types\/post"}],"author":[{"embeddable":true,"href":"https:\/\/www.deberes.net\/tesis\/wp-json\/wp\/v2\/users\/1"}],"replies":[{"embeddable":true,"href":"https:\/\/www.deberes.net\/tesis\/wp-json\/wp\/v2\/comments?post=30089"}],"version-history":[{"count":0,"href":"https:\/\/www.deberes.net\/tesis\/wp-json\/wp\/v2\/posts\/30089\/revisions"}],"wp:attachment":[{"href":"https:\/\/www.deberes.net\/tesis\/wp-json\/wp\/v2\/media?parent=30089"}],"wp:term":[{"taxonomy":"category","embeddable":true,"href":"https:\/\/www.deberes.net\/tesis\/wp-json\/wp\/v2\/categories?post=30089"},{"taxonomy":"post_tag","embeddable":true,"href":"https:\/\/www.deberes.net\/tesis\/wp-json\/wp\/v2\/tags?post=30089"}],"curies":[{"name":"wp","href":"https:\/\/api.w.org\/{rel}","templated":true}]}}