{"id":30113,"date":"2018-03-09T09:23:35","date_gmt":"2018-03-09T09:23:35","guid":{"rendered":"https:\/\/www.deberes.net\/tesis\/sin-categoria\/una-corte-de-justicia-para-la-constitucion-mexicana-justicia-constitucional-y-democracia-en-mexico\/"},"modified":"2018-03-09T09:23:35","modified_gmt":"2018-03-09T09:23:35","slug":"una-corte-de-justicia-para-la-constitucion-mexicana-justicia-constitucional-y-democracia-en-mexico","status":"publish","type":"post","link":"https:\/\/www.deberes.net\/tesis\/sin-categoria\/una-corte-de-justicia-para-la-constitucion-mexicana-justicia-constitucional-y-democracia-en-mexico\/","title":{"rendered":"Una corte de justicia para la constituci\u00f3n mexicana. justicia constitucional y democracia en m\u00e9xico"},"content":{"rendered":"<h2>Tesis doctoral de <strong> Rub\u00e9n Vasconcelos M\u00e9ndez <\/strong><\/h2>\n<p>Resumen del objetivo de la tesis:  contribuir en la definici\u00f3n del rol y las tareas que deben desempe\u00f1ar el \u00f3rgano de justicia constitucional en m\u00e9xico y en la determinaci\u00f3n de la forma en que debe desarrollar leg\u00edtimamente sus funciones. Esta propuesta de definici\u00f3n se realiza tomando en consideraci\u00f3n las facultades o competencias del denominado juez constitucional y la legitimidad democr\u00e1tica que sostiene a nuestra constituci\u00f3n, y, en consecuencia, considerando la naturaleza y significado de la labora que corresponde en un sistema pol\u00edtico de \u00e9ste tipo al legislador. Nuestro marco de referencia ser\u00e1 el entendimiento de la constituci\u00f3n como una norma con estructura espec\u00edfica y funciones determiandas que contiene, en una importante relaci\u00f3n de implicaci\u00f3n rec\u00edproca, diversos tipos de normas y principios, entre las que sobresalen las que contienen derechos fundamentales y las que consignan el principio de separaci\u00f3n de poderes.<\/p>\n<p>&nbsp;<\/p>\n<h3>Datos acad\u00e9micos de la tesis doctoral \u00ab<strong>Una corte de justicia para la constituci\u00f3n mexicana. justicia constitucional y democracia en m\u00e9xico<\/strong>\u00ab<\/h3>\n<ul>\n<li><strong>T\u00edtulo de la tesis:<\/strong>\u00a0 Una corte de justicia para la constituci\u00f3n mexicana. justicia constitucional y democracia en m\u00e9xico <\/li>\n<li><strong>Autor:<\/strong>\u00a0 Rub\u00e9n Vasconcelos M\u00e9ndez <\/li>\n<li><strong>Universidad:<\/strong>\u00a0 Complutense de Madrid<\/li>\n<li><strong>Fecha de lectura de la tesis:<\/strong>\u00a0 14\/05\/2004<\/li>\n<\/ul>\n<p>&nbsp;<\/p>\n<h3>Direcci\u00f3n y tribunal<\/h3>\n<ul>\n<li><strong>Director de la tesis<\/strong>\n<ul>\n<li>Pedro De Vega Garcia<\/li>\n<\/ul>\n<\/li>\n<li><strong>Tribunal<\/strong>\n<ul>\n<li>Presidente del tribunal: jose Iturmendi morales <\/li>\n<li>angela Figueruelo burrieza (vocal)<\/li>\n<li> Ruiperez y alamillo Javier (vocal)<\/li>\n<li>pablo Santolaya machetti (vocal)<\/li>\n<\/ul>\n<\/li>\n<\/ul>\n<p>&nbsp;<\/p>\n","protected":false},"excerpt":{"rendered":"<p>Tesis doctoral de Rub\u00e9n Vasconcelos M\u00e9ndez Resumen del objetivo de la tesis: contribuir en la definici\u00f3n del rol y las [&hellip;]<\/p>\n","protected":false},"author":1,"featured_media":0,"comment_status":"open","ping_status":"open","sticky":false,"template":"","format":"standard","meta":{"site-sidebar-layout":"default","site-content-layout":"","ast-site-content-layout":"","site-content-style":"default","site-sidebar-style":"default","ast-global-header-display":"","ast-banner-title-visibility":"","ast-main-header-display":"","ast-hfb-above-header-display":"","ast-hfb-below-header-display":"","ast-hfb-mobile-header-display":"","site-post-title":"","ast-breadcrumbs-content":"","ast-featured-img":"","footer-sml-layout":"","theme-transparent-header-meta":"","adv-header-id-meta":"","stick-header-meta":"","header-above-stick-meta":"","header-main-stick-meta":"","header-below-stick-meta":"","astra-migrate-meta-layouts":"default","ast-page-background-enabled":"default","ast-page-background-meta":{"desktop":{"background-color":"var(--ast-global-color-4)","background-image":"","background-repeat":"repeat","background-position":"center center","background-size":"auto","background-attachment":"scroll","background-type":"","background-media":"","overlay-type":"","overlay-color":"","overlay-gradient":""},"tablet":{"background-color":"","background-image":"","background-repeat":"repeat","background-position":"center center","background-size":"auto","background-attachment":"scroll","background-type":"","background-media":"","overlay-type":"","overlay-color":"","overlay-gradient":""},"mobile":{"background-color":"","background-image":"","background-repeat":"repeat","background-position":"center center","background-size":"auto","background-attachment":"scroll","background-type":"","background-media":"","overlay-type":"","overlay-color":"","overlay-gradient":""}},"ast-content-background-meta":{"desktop":{"background-color":"var(--ast-global-color-5)","background-image":"","background-repeat":"repeat","background-position":"center center","background-size":"auto","background-attachment":"scroll","background-type":"","background-media":"","overlay-type":"","overlay-color":"","overlay-gradient":""},"tablet":{"background-color":"var(--ast-global-color-5)","background-image":"","background-repeat":"repeat","background-position":"center center","background-size":"auto","background-attachment":"scroll","background-type":"","background-media":"","overlay-type":"","overlay-color":"","overlay-gradient":""},"mobile":{"background-color":"var(--ast-global-color-5)","background-image":"","background-repeat":"repeat","background-position":"center center","background-size":"auto","background-attachment":"scroll","background-type":"","background-media":"","overlay-type":"","overlay-color":"","overlay-gradient":""}},"footnotes":""},"categories":[1],"tags":[38156,4854,38448,9449,84805,84806],"class_list":["post-30113","post","type-post","status-publish","format-standard","hentry","category-sin-categoria","tag-angela-figueruelo-burrieza","tag-jose-iturmendi-morales","tag-pablo-santolaya-machetti","tag-pedro-de-vega-garcia","tag-ruben-vasconcelos-mendez","tag-ruiperez-y-alamillo-javier"],"_links":{"self":[{"href":"https:\/\/www.deberes.net\/tesis\/wp-json\/wp\/v2\/posts\/30113","targetHints":{"allow":["GET"]}}],"collection":[{"href":"https:\/\/www.deberes.net\/tesis\/wp-json\/wp\/v2\/posts"}],"about":[{"href":"https:\/\/www.deberes.net\/tesis\/wp-json\/wp\/v2\/types\/post"}],"author":[{"embeddable":true,"href":"https:\/\/www.deberes.net\/tesis\/wp-json\/wp\/v2\/users\/1"}],"replies":[{"embeddable":true,"href":"https:\/\/www.deberes.net\/tesis\/wp-json\/wp\/v2\/comments?post=30113"}],"version-history":[{"count":0,"href":"https:\/\/www.deberes.net\/tesis\/wp-json\/wp\/v2\/posts\/30113\/revisions"}],"wp:attachment":[{"href":"https:\/\/www.deberes.net\/tesis\/wp-json\/wp\/v2\/media?parent=30113"}],"wp:term":[{"taxonomy":"category","embeddable":true,"href":"https:\/\/www.deberes.net\/tesis\/wp-json\/wp\/v2\/categories?post=30113"},{"taxonomy":"post_tag","embeddable":true,"href":"https:\/\/www.deberes.net\/tesis\/wp-json\/wp\/v2\/tags?post=30113"}],"curies":[{"name":"wp","href":"https:\/\/api.w.org\/{rel}","templated":true}]}}