{"id":30128,"date":"2018-03-09T09:23:37","date_gmt":"2018-03-09T09:23:37","guid":{"rendered":"https:\/\/www.deberes.net\/tesis\/sin-categoria\/efectos-del-ozono-troposferico-sobre-la-produccion-relativa-de-trigo-y-cebada-mediterraneos-modulacion-por-factores-ambientales\/"},"modified":"2018-03-09T09:23:37","modified_gmt":"2018-03-09T09:23:37","slug":"efectos-del-ozono-troposferico-sobre-la-produccion-relativa-de-trigo-y-cebada-mediterraneos-modulacion-por-factores-ambientales","status":"publish","type":"post","link":"https:\/\/www.deberes.net\/tesis\/sin-categoria\/efectos-del-ozono-troposferico-sobre-la-produccion-relativa-de-trigo-y-cebada-mediterraneos-modulacion-por-factores-ambientales\/","title":{"rendered":"Efectos del ozono troposf\u00e9rico sobre la producci\u00f3n relativa de trigo y cebada mediterr\u00e1neos. modulaci\u00f3n por factores ambientales"},"content":{"rendered":"<h2>Tesis doctoral de <strong>  Torre Llorente Daniel De La <\/strong><\/h2>\n<p>En esta tesis se presenta una metodolog\u00eda para la estimaci\u00f3n de p\u00e9rdidas relativas de producci\u00f3n bebidas al ozono troposf\u00e9rico en trigo y cebada. dicha metodolog\u00eda se basa en el c\u00e1lculo de p\u00e9rdidas relativas de producci\u00f3n en funci\u00f3n de flujos estom\u00e1ticos acumulados de ozono por encima de cierto umbral. Esta aproximaci\u00f3n tiene en cuenta los par\u00e1metros ecofisiol\u00f3gicos que afectan a la absorci\u00f3n del ozono y ha sido contrastada con la actual propuesta del convenio de ginebra sobre contaminaci\u00f3n atmosf\u00e9rica transfronteriza y a la larga distancia (emep-clrtap) para estimar las p\u00e9rdidas de producci\u00f3n en funci\u00f3n de exposiciones acumuladas de ozono por encima del umbral de 40 ppb (partes de bill\u00f3n).  para verificar su validez, se han contrastado los flujos estom\u00e1ticos calculados al aplicar esta metodolog\u00eda con las medidas realizadas \u00abin situ\u00bb, para determinar los flujos verticales descendentes de ozono.  adem\u00e1s, se han comparado los valores predichos por este m\u00e9todo con los que se obtendr\u00edan al aplicar diversos modelos actualmente disponibles y especialmente dise\u00f1ados para este fin.  con el fin de obtener unas estimaciones m\u00e1s fiables, la metodolog\u00eda propuesta permite calcular los flujos estom\u00e1ticos de ozono para el conjunto del dosel, para ello se ha trabajado con modelos de arquitectura vegetal tridimensional. este hecho constituye una aproximaci\u00f3n muy novedosa en este \u00e1mbito.  se ha constatado que la conductancia estom\u00e1tica, y por tanto, los flujos estom\u00e1ticos de ozono al interior celular, est\u00e1 modulada por diversos factores ambientales. Las condiciones ambientales mediterr\u00e1neas provocan un cierre estom\u00e1tico parcial, disminuyendo as\u00ed los flujos estom\u00e1ticos de ozono al interior celular, a pesar de que los niveles ambientales de ozono registrados superan ampliamente las concentraciones consideradas como fitot\u00f3xicas para estas especies. Por lo tanto, las p\u00e9rdidas de producci\u00f3n en cultivos de trigo y ceb<\/p>\n<p>&nbsp;<\/p>\n<h3>Datos acad\u00e9micos de la tesis doctoral \u00ab<strong>Efectos del ozono troposf\u00e9rico sobre la producci\u00f3n relativa de trigo y cebada mediterr\u00e1neos. modulaci\u00f3n por factores ambientales<\/strong>\u00ab<\/h3>\n<ul>\n<li><strong>T\u00edtulo de la tesis:<\/strong>\u00a0 Efectos del ozono troposf\u00e9rico sobre la producci\u00f3n relativa de trigo y cebada mediterr\u00e1neos. modulaci\u00f3n por factores ambientales <\/li>\n<li><strong>Autor:<\/strong>\u00a0  Torre Llorente Daniel De La <\/li>\n<li><strong>Universidad:<\/strong>\u00a0 Aut\u00f3noma de Madrid<\/li>\n<li><strong>Fecha de lectura de la tesis:<\/strong>\u00a0 14\/05\/2004<\/li>\n<\/ul>\n<p>&nbsp;<\/p>\n<h3>Direcci\u00f3n y tribunal<\/h3>\n<ul>\n<li><strong>Director de la tesis<\/strong>\n<ul>\n<li>Benjam\u00edn S\u00e1nchez Gimeno<\/li>\n<\/ul>\n<\/li>\n<li><strong>Tribunal<\/strong>\n<ul>\n<li>Presidente del tribunal: vicente Mazimpaka nibarere <\/li>\n<li>Jes\u00fas Miguel Santamaria ulecia (vocal)<\/li>\n<li>Fernando Valladares ros (vocal)<\/li>\n<li>Javier Plaza men\u00e9ndez (vocal)<\/li>\n<\/ul>\n<\/li>\n<\/ul>\n<p>&nbsp;<\/p>\n","protected":false},"excerpt":{"rendered":"<p>Tesis doctoral de Torre Llorente Daniel De La En esta tesis se presenta una metodolog\u00eda para la estimaci\u00f3n de p\u00e9rdidas [&hellip;]<\/p>\n","protected":false},"author":1,"featured_media":0,"comment_status":"open","ping_status":"open","sticky":false,"template":"","format":"standard","meta":{"site-sidebar-layout":"default","site-content-layout":"","ast-site-content-layout":"","site-content-style":"default","site-sidebar-style":"default","ast-global-header-display":"","ast-banner-title-visibility":"","ast-main-header-display":"","ast-hfb-above-header-display":"","ast-hfb-below-header-display":"","ast-hfb-mobile-header-display":"","site-post-title":"","ast-breadcrumbs-content":"","ast-featured-img":"","footer-sml-layout":"","theme-transparent-header-meta":"","adv-header-id-meta":"","stick-header-meta":"","header-above-stick-meta":"","header-main-stick-meta":"","header-below-stick-meta":"","astra-migrate-meta-layouts":"default","ast-page-background-enabled":"default","ast-page-background-meta":{"desktop":{"background-color":"var(--ast-global-color-4)","background-image":"","background-repeat":"repeat","background-position":"center center","background-size":"auto","background-attachment":"scroll","background-type":"","background-media":"","overlay-type":"","overlay-color":"","overlay-gradient":""},"tablet":{"background-color":"","background-image":"","background-repeat":"repeat","background-position":"center center","background-size":"auto","background-attachment":"scroll","background-type":"","background-media":"","overlay-type":"","overlay-color":"","overlay-gradient":""},"mobile":{"background-color":"","background-image":"","background-repeat":"repeat","background-position":"center center","background-size":"auto","background-attachment":"scroll","background-type":"","background-media":"","overlay-type":"","overlay-color":"","overlay-gradient":""}},"ast-content-background-meta":{"desktop":{"background-color":"var(--ast-global-color-5)","background-image":"","background-repeat":"repeat","background-position":"center center","background-size":"auto","background-attachment":"scroll","background-type":"","background-media":"","overlay-type":"","overlay-color":"","overlay-gradient":""},"tablet":{"background-color":"var(--ast-global-color-5)","background-image":"","background-repeat":"repeat","background-position":"center center","background-size":"auto","background-attachment":"scroll","background-type":"","background-media":"","overlay-type":"","overlay-color":"","overlay-gradient":""},"mobile":{"background-color":"var(--ast-global-color-5)","background-image":"","background-repeat":"repeat","background-position":"center center","background-size":"auto","background-attachment":"scroll","background-type":"","background-media":"","overlay-type":"","overlay-color":"","overlay-gradient":""}},"footnotes":""},"categories":[1],"tags":[36720,47336,84491,32329,84842,49678],"class_list":["post-30128","post","type-post","status-publish","format-standard","hentry","category-sin-categoria","tag-benjamin-sanchez-gimeno","tag-fernando-valladares-ros","tag-javier-plaza-menendez","tag-jesus-miguel-santamaria-ulecia","tag-torre-llorente-daniel-de-la","tag-vicente-mazimpaka-nibarere"],"_links":{"self":[{"href":"https:\/\/www.deberes.net\/tesis\/wp-json\/wp\/v2\/posts\/30128","targetHints":{"allow":["GET"]}}],"collection":[{"href":"https:\/\/www.deberes.net\/tesis\/wp-json\/wp\/v2\/posts"}],"about":[{"href":"https:\/\/www.deberes.net\/tesis\/wp-json\/wp\/v2\/types\/post"}],"author":[{"embeddable":true,"href":"https:\/\/www.deberes.net\/tesis\/wp-json\/wp\/v2\/users\/1"}],"replies":[{"embeddable":true,"href":"https:\/\/www.deberes.net\/tesis\/wp-json\/wp\/v2\/comments?post=30128"}],"version-history":[{"count":0,"href":"https:\/\/www.deberes.net\/tesis\/wp-json\/wp\/v2\/posts\/30128\/revisions"}],"wp:attachment":[{"href":"https:\/\/www.deberes.net\/tesis\/wp-json\/wp\/v2\/media?parent=30128"}],"wp:term":[{"taxonomy":"category","embeddable":true,"href":"https:\/\/www.deberes.net\/tesis\/wp-json\/wp\/v2\/categories?post=30128"},{"taxonomy":"post_tag","embeddable":true,"href":"https:\/\/www.deberes.net\/tesis\/wp-json\/wp\/v2\/tags?post=30128"}],"curies":[{"name":"wp","href":"https:\/\/api.w.org\/{rel}","templated":true}]}}