{"id":30130,"date":"2018-03-09T09:23:37","date_gmt":"2018-03-09T09:23:37","guid":{"rendered":"https:\/\/www.deberes.net\/tesis\/sin-categoria\/estudio-del-alfatocoferol-serico-en-las-hepatopata%c2%adas-cronicas-no-alcoholicas-ni-colestaticas\/"},"modified":"2018-03-09T09:23:37","modified_gmt":"2018-03-09T09:23:37","slug":"estudio-del-alfatocoferol-serico-en-las-hepatopata%c2%adas-cronicas-no-alcoholicas-ni-colestaticas","status":"publish","type":"post","link":"https:\/\/www.deberes.net\/tesis\/sin-categoria\/estudio-del-alfatocoferol-serico-en-las-hepatopata%c2%adas-cronicas-no-alcoholicas-ni-colestaticas\/","title":{"rendered":"Estudio del alfatocoferol s\u00e9rico en las hepatopat\u00edas cr\u00f3nicas no alcoh\u00f3licas ni colest\u00e1ticas"},"content":{"rendered":"<h2>Tesis doctoral de <strong> Ana Barbado Cano <\/strong><\/h2>\n<p>Se plantea demostrar disminuci\u00f3n del estado nutricional del alfatocoferol s\u00e9rico (ats) en enfermos con cirrosis hep\u00e1tica (ci); si este d\u00e9ficit guarda relaci\u00f3n con la desnutrici\u00f3n, deterioro funcional hep\u00e1tico, grado de cirrosis o alteraci\u00f3n en su sistema lip\u00eddico de transporte, y analizar si existe relaci\u00f3n del ats con la evoluci\u00f3n de la hepatopat\u00eda cr\u00f3nica, y si es independiente de la colestasis y alcoholismo.  pacientes y m\u00e9todos  se seleccionaron 46 pacientes (28 varones y 18 mujeres), seg\u00fan determinados criterios de inclusi\u00f3n y exclusi\u00f3n, con sospecha de hepatitis cr\u00f3nica persistente (hcp), activa (hca) o ci y con biopsia hep\u00e1tica diagn\u00f3stica percut\u00e1nea o laparosc\u00f3pica. Se hizo valoraci\u00f3n nutricional, con \u00edndices antropom\u00e9tricos y anal\u00edticos, de la funci\u00f3n hep\u00e1tica mediante estudio bioqu\u00edmicos y ecogr\u00e1fico. se determin\u00f3 grado de lesi\u00f3n histol\u00f3gica hep\u00e1tica con escala de knodell. se evalu\u00f3 el ats, colesterol (co) y triglic\u00e9ridos s\u00e9ricos.  m\u00e9todo estad\u00edstico  se utiliz\u00f3 la \u00abt\u00bb de student, u de mann &#8211; witney (variables cuantitativas); chi cuadrado con correci\u00f3n de yates, prueba de fisher (variables cualitativas); relaci\u00f3n entre variables cuantitativas mediante correlaci\u00f3n r de pearson.  resultados  grupo i (hcp o hca, 33 casos, edad media 41,7, 17 varones), grupo ii (ci, 13 enfermos, edad media 56,8, 11 varones). No hubo diferencia significativa en la valoraci\u00f3n nutricional en ambos grupos. La funci\u00f3n hep\u00e1tica tuvo mayor deterioro en el gruo ii (mayor grado child &#8211; pugh). El ats y el co fueron inferiores en el grupo ii (p menor 0,05). Se demostr\u00f3 relaci\u00f3n directa entre los niveles de co y el ats.  conclusiones  1,- el ats est\u00e1 reducido en los cirr\u00f3ticos en comparaci\u00f3n con los que presentan hepatitis cr\u00f3nica.  2,- esta reducci\u00f3n no puede atribuirse a la malnutrici\u00f3n ni al grado de fibrosis hep\u00e1tica y es independiente de la presencia de colestasis o alcoholismo.  3,- la dis<\/p>\n<p>&nbsp;<\/p>\n<h3>Datos acad\u00e9micos de la tesis doctoral \u00ab<strong>Estudio del alfatocoferol s\u00e9rico en las hepatopat\u00edas cr\u00f3nicas no alcoh\u00f3licas ni colest\u00e1ticas<\/strong>\u00ab<\/h3>\n<ul>\n<li><strong>T\u00edtulo de la tesis:<\/strong>\u00a0 Estudio del alfatocoferol s\u00e9rico en las hepatopat\u00edas cr\u00f3nicas no alcoh\u00f3licas ni colest\u00e1ticas <\/li>\n<li><strong>Autor:<\/strong>\u00a0 Ana Barbado Cano <\/li>\n<li><strong>Universidad:<\/strong>\u00a0 Aut\u00f3noma de Madrid<\/li>\n<li><strong>Fecha de lectura de la tesis:<\/strong>\u00a0 14\/05\/2004<\/li>\n<\/ul>\n<p>&nbsp;<\/p>\n<h3>Direcci\u00f3n y tribunal<\/h3>\n<ul>\n<li><strong>Director de la tesis<\/strong>\n<ul>\n<li>Jorge Gomez Cerezo<\/li>\n<\/ul>\n<\/li>\n<li><strong>Tribunal<\/strong>\n<ul>\n<li>Presidente del tribunal: Juan  jos\u00e9 V\u00e1zquez rodr\u00edguez <\/li>\n<li> Guerra vales Juan  Manuel (vocal)<\/li>\n<li>\u00e1ngel del Palacio p\u00e9rez-medel (vocal)<\/li>\n<li>  (vocal)<\/li>\n<\/ul>\n<\/li>\n<\/ul>\n<p>&nbsp;<\/p>\n","protected":false},"excerpt":{"rendered":"<p>Tesis doctoral de Ana Barbado Cano Se plantea demostrar disminuci\u00f3n del estado nutricional del alfatocoferol s\u00e9rico (ats) en enfermos con [&hellip;]<\/p>\n","protected":false},"author":1,"featured_media":0,"comment_status":"open","ping_status":"open","sticky":false,"template":"","format":"standard","meta":{"site-sidebar-layout":"default","site-content-layout":"","ast-site-content-layout":"","site-content-style":"default","site-sidebar-style":"default","ast-global-header-display":"","ast-banner-title-visibility":"","ast-main-header-display":"","ast-hfb-above-header-display":"","ast-hfb-below-header-display":"","ast-hfb-mobile-header-display":"","site-post-title":"","ast-breadcrumbs-content":"","ast-featured-img":"","footer-sml-layout":"","theme-transparent-header-meta":"","adv-header-id-meta":"","stick-header-meta":"","header-above-stick-meta":"","header-main-stick-meta":"","header-below-stick-meta":"","astra-migrate-meta-layouts":"default","ast-page-background-enabled":"default","ast-page-background-meta":{"desktop":{"background-color":"var(--ast-global-color-4)","background-image":"","background-repeat":"repeat","background-position":"center center","background-size":"auto","background-attachment":"scroll","background-type":"","background-media":"","overlay-type":"","overlay-color":"","overlay-gradient":""},"tablet":{"background-color":"","background-image":"","background-repeat":"repeat","background-position":"center center","background-size":"auto","background-attachment":"scroll","background-type":"","background-media":"","overlay-type":"","overlay-color":"","overlay-gradient":""},"mobile":{"background-color":"","background-image":"","background-repeat":"repeat","background-position":"center center","background-size":"auto","background-attachment":"scroll","background-type":"","background-media":"","overlay-type":"","overlay-color":"","overlay-gradient":""}},"ast-content-background-meta":{"desktop":{"background-color":"var(--ast-global-color-5)","background-image":"","background-repeat":"repeat","background-position":"center center","background-size":"auto","background-attachment":"scroll","background-type":"","background-media":"","overlay-type":"","overlay-color":"","overlay-gradient":""},"tablet":{"background-color":"var(--ast-global-color-5)","background-image":"","background-repeat":"repeat","background-position":"center center","background-size":"auto","background-attachment":"scroll","background-type":"","background-media":"","overlay-type":"","overlay-color":"","overlay-gradient":""},"mobile":{"background-color":"var(--ast-global-color-5)","background-image":"","background-repeat":"repeat","background-position":"center center","background-size":"auto","background-attachment":"scroll","background-type":"","background-media":"","overlay-type":"","overlay-color":"","overlay-gradient":""}},"footnotes":""},"categories":[1],"tags":[84845,5309,29840,84846,4860],"class_list":["post-30130","post","type-post","status-publish","format-standard","hentry","category-sin-categoria","tag-ana-barbado-cano","tag-angel-del-palacio-perez-medel","tag-guerra-vales-juan-manuel","tag-jorge-gomez-cerezo","tag-juan-jose-vazquez-rodriguez"],"_links":{"self":[{"href":"https:\/\/www.deberes.net\/tesis\/wp-json\/wp\/v2\/posts\/30130","targetHints":{"allow":["GET"]}}],"collection":[{"href":"https:\/\/www.deberes.net\/tesis\/wp-json\/wp\/v2\/posts"}],"about":[{"href":"https:\/\/www.deberes.net\/tesis\/wp-json\/wp\/v2\/types\/post"}],"author":[{"embeddable":true,"href":"https:\/\/www.deberes.net\/tesis\/wp-json\/wp\/v2\/users\/1"}],"replies":[{"embeddable":true,"href":"https:\/\/www.deberes.net\/tesis\/wp-json\/wp\/v2\/comments?post=30130"}],"version-history":[{"count":0,"href":"https:\/\/www.deberes.net\/tesis\/wp-json\/wp\/v2\/posts\/30130\/revisions"}],"wp:attachment":[{"href":"https:\/\/www.deberes.net\/tesis\/wp-json\/wp\/v2\/media?parent=30130"}],"wp:term":[{"taxonomy":"category","embeddable":true,"href":"https:\/\/www.deberes.net\/tesis\/wp-json\/wp\/v2\/categories?post=30130"},{"taxonomy":"post_tag","embeddable":true,"href":"https:\/\/www.deberes.net\/tesis\/wp-json\/wp\/v2\/tags?post=30130"}],"curies":[{"name":"wp","href":"https:\/\/api.w.org\/{rel}","templated":true}]}}