{"id":30170,"date":"2018-03-09T09:23:40","date_gmt":"2018-03-09T09:23:40","guid":{"rendered":"https:\/\/www.deberes.net\/tesis\/sin-categoria\/fatalidad-de-la-palabra-respuesta-fragica-a-la-retorica-sofa%c2%adstica\/"},"modified":"2018-03-09T09:23:40","modified_gmt":"2018-03-09T09:23:40","slug":"fatalidad-de-la-palabra-respuesta-fragica-a-la-retorica-sofa%c2%adstica","status":"publish","type":"post","link":"https:\/\/www.deberes.net\/tesis\/barcelona\/fatalidad-de-la-palabra-respuesta-fragica-a-la-retorica-sofa%c2%adstica\/","title":{"rendered":"Fatalidad de la palabra respuesta fr\u00e1gica a la retorica sof\u00edstica."},"content":{"rendered":"<h2>Tesis doctoral de <strong> Ethel Beatriz Junco De Calabrese <\/strong><\/h2>\n<p>El trabajo plantea el ag\u00f3n entre la poes\u00eda dram\u00e1tica de esquilo, s\u00f3focres y euripides, y los postulados ret\u00f3ricos de los pedagogos sofistas.  la tragedia griega, ocupada del mar c\u00f3smico , introduce el problema de un segundo nivel del mar , obrado desde el lenguaje sebvertido por la operaci\u00f3n defundamentadora del subletivismo.As\u00ed sobre el horizonte de la tradici\u00f3n hom\u00e9rica , y el perpectiva del punto plat\u00f3nico , los tr\u00e1gicos establecen su denuncia y advertencia frente a los riesgos del abandono del parasigma m\u00edtico.<\/p>\n<p>&nbsp;<\/p>\n<h3>Datos acad\u00e9micos de la tesis doctoral \u00ab<strong>Fatalidad de la palabra respuesta fr\u00e1gica a la retorica sof\u00edstica.<\/strong>\u00ab<\/h3>\n<ul>\n<li><strong>T\u00edtulo de la tesis:<\/strong>\u00a0 Fatalidad de la palabra respuesta fr\u00e1gica a la retorica sof\u00edstica. <\/li>\n<li><strong>Autor:<\/strong>\u00a0 Ethel Beatriz Junco De Calabrese <\/li>\n<li><strong>Universidad:<\/strong>\u00a0 Barcelona<\/li>\n<li><strong>Fecha de lectura de la tesis:<\/strong>\u00a0 18\/05\/2004<\/li>\n<\/ul>\n<p>&nbsp;<\/p>\n<h3>Direcci\u00f3n y tribunal<\/h3>\n<ul>\n<li><strong>Director de la tesis<\/strong>\n<ul>\n<li>Eudaldo Forment Giralt<\/li>\n<\/ul>\n<\/li>\n<li><strong>Tribunal<\/strong>\n<ul>\n<li>Presidente del tribunal: Jos\u00e9 Luis Arce carrascoso <\/li>\n<li>Jos\u00e9 Manuel Garcia de la mora (vocal)<\/li>\n<li>Juan Cruz cruz (vocal)<\/li>\n<li>conrad Vilanou torrado (vocal)<\/li>\n<\/ul>\n<\/li>\n<\/ul>\n<p>&nbsp;<\/p>\n","protected":false},"excerpt":{"rendered":"<p>Tesis doctoral de Ethel Beatriz Junco De Calabrese El trabajo plantea el ag\u00f3n entre la poes\u00eda dram\u00e1tica de esquilo, s\u00f3focres [&hellip;]<\/p>\n","protected":false},"author":1,"featured_media":0,"comment_status":"open","ping_status":"open","sticky":false,"template":"","format":"standard","meta":{"site-sidebar-layout":"default","site-content-layout":"","ast-site-content-layout":"","site-content-style":"default","site-sidebar-style":"default","ast-global-header-display":"","ast-banner-title-visibility":"","ast-main-header-display":"","ast-hfb-above-header-display":"","ast-hfb-below-header-display":"","ast-hfb-mobile-header-display":"","site-post-title":"","ast-breadcrumbs-content":"","ast-featured-img":"","footer-sml-layout":"","theme-transparent-header-meta":"","adv-header-id-meta":"","stick-header-meta":"","header-above-stick-meta":"","header-main-stick-meta":"","header-below-stick-meta":"","astra-migrate-meta-layouts":"default","ast-page-background-enabled":"default","ast-page-background-meta":{"desktop":{"background-color":"var(--ast-global-color-4)","background-image":"","background-repeat":"repeat","background-position":"center center","background-size":"auto","background-attachment":"scroll","background-type":"","background-media":"","overlay-type":"","overlay-color":"","overlay-gradient":""},"tablet":{"background-color":"","background-image":"","background-repeat":"repeat","background-position":"center center","background-size":"auto","background-attachment":"scroll","background-type":"","background-media":"","overlay-type":"","overlay-color":"","overlay-gradient":""},"mobile":{"background-color":"","background-image":"","background-repeat":"repeat","background-position":"center center","background-size":"auto","background-attachment":"scroll","background-type":"","background-media":"","overlay-type":"","overlay-color":"","overlay-gradient":""}},"ast-content-background-meta":{"desktop":{"background-color":"var(--ast-global-color-5)","background-image":"","background-repeat":"repeat","background-position":"center center","background-size":"auto","background-attachment":"scroll","background-type":"","background-media":"","overlay-type":"","overlay-color":"","overlay-gradient":""},"tablet":{"background-color":"var(--ast-global-color-5)","background-image":"","background-repeat":"repeat","background-position":"center center","background-size":"auto","background-attachment":"scroll","background-type":"","background-media":"","overlay-type":"","overlay-color":"","overlay-gradient":""},"mobile":{"background-color":"var(--ast-global-color-5)","background-image":"","background-repeat":"repeat","background-position":"center center","background-size":"auto","background-attachment":"scroll","background-type":"","background-media":"","overlay-type":"","overlay-color":"","overlay-gradient":""}},"footnotes":""},"categories":[47559,951,1892,1891,2302],"tags":[19817,84939,1188,1062,60572,18049],"class_list":["post-30170","post","type-post","status-publish","format-standard","hentry","category-aporetica","category-barcelona","category-ensenanza-con-ayuda-de-ordenador","category-ensenanza-de-lenguas","category-linguistica-computacional","tag-conrad-vilanou-torrado","tag-ethel-beatriz-junco-de-calabrese","tag-eudaldo-forment-giralt","tag-jose-luis-arce-carrascoso","tag-jose-manuel-garcia-de-la-mora","tag-juan-cruz-cruz"],"_links":{"self":[{"href":"https:\/\/www.deberes.net\/tesis\/wp-json\/wp\/v2\/posts\/30170","targetHints":{"allow":["GET"]}}],"collection":[{"href":"https:\/\/www.deberes.net\/tesis\/wp-json\/wp\/v2\/posts"}],"about":[{"href":"https:\/\/www.deberes.net\/tesis\/wp-json\/wp\/v2\/types\/post"}],"author":[{"embeddable":true,"href":"https:\/\/www.deberes.net\/tesis\/wp-json\/wp\/v2\/users\/1"}],"replies":[{"embeddable":true,"href":"https:\/\/www.deberes.net\/tesis\/wp-json\/wp\/v2\/comments?post=30170"}],"version-history":[{"count":0,"href":"https:\/\/www.deberes.net\/tesis\/wp-json\/wp\/v2\/posts\/30170\/revisions"}],"wp:attachment":[{"href":"https:\/\/www.deberes.net\/tesis\/wp-json\/wp\/v2\/media?parent=30170"}],"wp:term":[{"taxonomy":"category","embeddable":true,"href":"https:\/\/www.deberes.net\/tesis\/wp-json\/wp\/v2\/categories?post=30170"},{"taxonomy":"post_tag","embeddable":true,"href":"https:\/\/www.deberes.net\/tesis\/wp-json\/wp\/v2\/tags?post=30170"}],"curies":[{"name":"wp","href":"https:\/\/api.w.org\/{rel}","templated":true}]}}