{"id":30226,"date":"2018-03-09T09:23:45","date_gmt":"2018-03-09T09:23:45","guid":{"rendered":"https:\/\/www.deberes.net\/tesis\/sin-categoria\/estudio-de-la-maloclusion-de-denticion-temporal\/"},"modified":"2018-03-09T09:23:45","modified_gmt":"2018-03-09T09:23:45","slug":"estudio-de-la-maloclusion-de-denticion-temporal","status":"publish","type":"post","link":"https:\/\/www.deberes.net\/tesis\/sin-categoria\/estudio-de-la-maloclusion-de-denticion-temporal\/","title":{"rendered":"Estudio de la maloclusi\u00f3n de dentici\u00f3n temporal"},"content":{"rendered":"<h2>Tesis doctoral de <strong> Miriam Guerrero Buitrago <\/strong><\/h2>\n<p>El presente trabajo se describen las caracter\u00edsticas de las arcadas dentarias temporales con maloclusi\u00f3n, en una muestra constituida por 79 ni\u00f1os con edades comprendidas entre los 2,5 y 6 a\u00f1os, estudi\u00e1ndose las relaciones oclusales interarcadas, as\u00ed como sus di\u00e1metros dentarios, las caracter\u00edsticas dimensionales de las arcadas y la presencia o ausencia de diastemas, estableci\u00e9ndose las relaciones entre las diferentes malocluisones y: los di\u00e1metros dentarios, demiensiones de las arcadas y la presencia de diastemas, respecto a los rasgos maloclusivos, observamos que el 51,90% presenta una relaci\u00f3n de clase 2, mientras que el 41,77% presenta mordida cruzada posterior. La relaci\u00f3n entre las diferentes maloclusiones evidencia que las asociaciones m\u00e1s frecuentemente encontradas son: relaci\u00f3n anterposterior de calse 2, sin mordida cruzada posterior y resalte aumentado en 20 casos (25.32%) y relaci\u00f3n anteroposterior de clase 1, con mordida cruzada y resalte normal en 19 casos (24.05%).<\/p>\n<p>&nbsp;<\/p>\n<h3>Datos acad\u00e9micos de la tesis doctoral \u00ab<strong>Estudio de la maloclusi\u00f3n de dentici\u00f3n temporal<\/strong>\u00ab<\/h3>\n<ul>\n<li><strong>T\u00edtulo de la tesis:<\/strong>\u00a0 Estudio de la maloclusi\u00f3n de dentici\u00f3n temporal <\/li>\n<li><strong>Autor:<\/strong>\u00a0 Miriam Guerrero Buitrago <\/li>\n<li><strong>Universidad:<\/strong>\u00a0 Complutense de Madrid<\/li>\n<li><strong>Fecha de lectura de la tesis:<\/strong>\u00a0 21\/05\/2004<\/li>\n<\/ul>\n<p>&nbsp;<\/p>\n<h3>Direcci\u00f3n y tribunal<\/h3>\n<ul>\n<li><strong>Director de la tesis<\/strong>\n<ul>\n<li>Manuel Joaquin De Nova Garcia<\/li>\n<\/ul>\n<\/li>\n<li><strong>Tribunal<\/strong>\n<ul>\n<li>Presidente del tribunal: elena Barber\u00eda leache <\/li>\n<li>bego\u00f1a Corritxo gil (vocal)<\/li>\n<li>teresa Aznar martin (vocal)<\/li>\n<li>Miguel Facal Garc\u00eda (vocal)<\/li>\n<\/ul>\n<\/li>\n<\/ul>\n<p>&nbsp;<\/p>\n","protected":false},"excerpt":{"rendered":"<p>Tesis doctoral de Miriam Guerrero Buitrago El presente trabajo se describen las caracter\u00edsticas de las arcadas dentarias temporales con maloclusi\u00f3n, [&hellip;]<\/p>\n","protected":false},"author":1,"featured_media":0,"comment_status":"open","ping_status":"open","sticky":false,"template":"","format":"standard","meta":{"site-sidebar-layout":"default","site-content-layout":"","ast-site-content-layout":"","site-content-style":"default","site-sidebar-style":"default","ast-global-header-display":"","ast-banner-title-visibility":"","ast-main-header-display":"","ast-hfb-above-header-display":"","ast-hfb-below-header-display":"","ast-hfb-mobile-header-display":"","site-post-title":"","ast-breadcrumbs-content":"","ast-featured-img":"","footer-sml-layout":"","theme-transparent-header-meta":"","adv-header-id-meta":"","stick-header-meta":"","header-above-stick-meta":"","header-main-stick-meta":"","header-below-stick-meta":"","astra-migrate-meta-layouts":"default","ast-page-background-enabled":"default","ast-page-background-meta":{"desktop":{"background-color":"var(--ast-global-color-4)","background-image":"","background-repeat":"repeat","background-position":"center center","background-size":"auto","background-attachment":"scroll","background-type":"","background-media":"","overlay-type":"","overlay-color":"","overlay-gradient":""},"tablet":{"background-color":"","background-image":"","background-repeat":"repeat","background-position":"center center","background-size":"auto","background-attachment":"scroll","background-type":"","background-media":"","overlay-type":"","overlay-color":"","overlay-gradient":""},"mobile":{"background-color":"","background-image":"","background-repeat":"repeat","background-position":"center center","background-size":"auto","background-attachment":"scroll","background-type":"","background-media":"","overlay-type":"","overlay-color":"","overlay-gradient":""}},"ast-content-background-meta":{"desktop":{"background-color":"var(--ast-global-color-5)","background-image":"","background-repeat":"repeat","background-position":"center center","background-size":"auto","background-attachment":"scroll","background-type":"","background-media":"","overlay-type":"","overlay-color":"","overlay-gradient":""},"tablet":{"background-color":"var(--ast-global-color-5)","background-image":"","background-repeat":"repeat","background-position":"center center","background-size":"auto","background-attachment":"scroll","background-type":"","background-media":"","overlay-type":"","overlay-color":"","overlay-gradient":""},"mobile":{"background-color":"var(--ast-global-color-5)","background-image":"","background-repeat":"repeat","background-position":"center center","background-size":"auto","background-attachment":"scroll","background-type":"","background-media":"","overlay-type":"","overlay-color":"","overlay-gradient":""}},"footnotes":""},"categories":[1],"tags":[85065,4995,74073,85067,85064,85066],"class_list":["post-30226","post","type-post","status-publish","format-standard","hentry","category-sin-categoria","tag-begona-corritxo-gil","tag-elena-barberia-leache","tag-manuel-joaquin-de-nova-garcia","tag-miguel-facal-garcia","tag-miriam-guerrero-buitrago","tag-teresa-aznar-martin"],"_links":{"self":[{"href":"https:\/\/www.deberes.net\/tesis\/wp-json\/wp\/v2\/posts\/30226","targetHints":{"allow":["GET"]}}],"collection":[{"href":"https:\/\/www.deberes.net\/tesis\/wp-json\/wp\/v2\/posts"}],"about":[{"href":"https:\/\/www.deberes.net\/tesis\/wp-json\/wp\/v2\/types\/post"}],"author":[{"embeddable":true,"href":"https:\/\/www.deberes.net\/tesis\/wp-json\/wp\/v2\/users\/1"}],"replies":[{"embeddable":true,"href":"https:\/\/www.deberes.net\/tesis\/wp-json\/wp\/v2\/comments?post=30226"}],"version-history":[{"count":0,"href":"https:\/\/www.deberes.net\/tesis\/wp-json\/wp\/v2\/posts\/30226\/revisions"}],"wp:attachment":[{"href":"https:\/\/www.deberes.net\/tesis\/wp-json\/wp\/v2\/media?parent=30226"}],"wp:term":[{"taxonomy":"category","embeddable":true,"href":"https:\/\/www.deberes.net\/tesis\/wp-json\/wp\/v2\/categories?post=30226"},{"taxonomy":"post_tag","embeddable":true,"href":"https:\/\/www.deberes.net\/tesis\/wp-json\/wp\/v2\/tags?post=30226"}],"curies":[{"name":"wp","href":"https:\/\/api.w.org\/{rel}","templated":true}]}}