{"id":30268,"date":"2018-03-09T09:23:48","date_gmt":"2018-03-09T09:23:48","guid":{"rendered":"https:\/\/www.deberes.net\/tesis\/sin-categoria\/alteraciones-metabolicas-inducidas-por-la-edad-modificacion-de-la-expresion-de-ppar-alfa-y-de-la-respuesta-farmacologica\/"},"modified":"2018-03-09T09:23:48","modified_gmt":"2018-03-09T09:23:48","slug":"alteraciones-metabolicas-inducidas-por-la-edad-modificacion-de-la-expresion-de-ppar-alfa-y-de-la-respuesta-farmacologica","status":"publish","type":"post","link":"https:\/\/www.deberes.net\/tesis\/mecanismos-de-accion-de-los-farmacos\/alteraciones-metabolicas-inducidas-por-la-edad-modificacion-de-la-expresion-de-ppar-alfa-y-de-la-respuesta-farmacologica\/","title":{"rendered":"Alteraciones metab\u00f3licas inducidas por la edad  modificaci\u00f3n de la expresi\u00f3n de ppar alfa y de la respuesta farmacol\u00f3gica"},"content":{"rendered":"<h2>Tesis doctoral de <strong> Elena Sanguino L\u00f3pez <\/strong><\/h2>\n<p>El deterioro funcional que aparece asociado al envejecimiento puede deberse, al menos en parte, a una alteraci\u00f3n en la expresi\u00f3n y actividad de algunos de los factores de transcripci\u00f3n claves en el mantenimiento de la homeostasis energ\u00e9tica y de las reacciones inmunoinflamatorias. La utilizaci\u00f3n de f\u00e1rmacos que modulen la actividad de estos factores, como los fibratos y las estatinas hipolipemiantes, podr\u00eda ser de utilidad para paliar, al menos parcialmente, las alteraciones en dichos factores asociadas al envejecimiento. En esta tesis nos hemos propuesto, en un modelo experimental de envejecimientos fisiol\u00f3gico en rata sprague-dawley, estudiar alteraciones metab\u00f3licas asociadas al envejecimiento en los tejidos de h\u00edgado y c\u00f3rtex cerebral, y valorar la eficacia de un tratamiento faracol\u00f3gico con estatinas y fibratos en la prevenci\u00f3n de estas alteraciones asocaidas a la edad.  a partir de los resultados obtenidos en esta tesis podemos extraer las siguientes conclusiones:  * el envejecimiento produce en rata sprague-dawley:  1,- una marcada disminuci\u00f3n de la expresi\u00f3n y actividad hep\u00e1tica de pparalfa que se asocia a diferentes alteraciones del metabolismo energ\u00e9tico.  2,- alteraciones en la actividad de diferentes factores proinflamatorios como son nfkb y ap1 en el tejido cerebral del c\u00f3rtex.  * existe un dimorfismo sexual en la manifestaci\u00f3n de las alteraciones anteriormetne mencionadas.  * los animales viejos son resistentes al efecto hipotriglicerid\u00e9mico de los fibratos  * en machos viejos el tratamiento con atorvastatina revierte algunas de las alteraciones del metabolismo energ\u00e9tico asociadas al envejecimiento, a trav\u00e9s de un incremento de la actividad hep\u00e1tica de pparalfa. Las hembras viejas son  resistentes al efecto terap\u00e9utico de la atorvastatina.  * la atorvasatina revierte la disminuci\u00f3n hep\u00e1tiva del hnf-4 producida en el envejecimiento. Este efecto podr\u00eda ser la causa del incremento del ppar<\/p>\n<p>&nbsp;<\/p>\n<h3>Datos acad\u00e9micos de la tesis doctoral \u00ab<strong>Alteraciones metab\u00f3licas inducidas por la edad  modificaci\u00f3n de la expresi\u00f3n de ppar alfa y de la respuesta farmacol\u00f3gica<\/strong>\u00ab<\/h3>\n<ul>\n<li><strong>T\u00edtulo de la tesis:<\/strong>\u00a0 Alteraciones metab\u00f3licas inducidas por la edad  modificaci\u00f3n de la expresi\u00f3n de ppar alfa y de la respuesta farmacol\u00f3gica <\/li>\n<li><strong>Autor:<\/strong>\u00a0 Elena Sanguino L\u00f3pez <\/li>\n<li><strong>Universidad:<\/strong>\u00a0 Barcelona<\/li>\n<li><strong>Fecha de lectura de la tesis:<\/strong>\u00a0 24\/05\/2004<\/li>\n<\/ul>\n<p>&nbsp;<\/p>\n<h3>Direcci\u00f3n y tribunal<\/h3>\n<ul>\n<li><strong>Director de la tesis<\/strong>\n<ul>\n<li>Juan  Carlos Laguna Egea<\/li>\n<\/ul>\n<\/li>\n<li><strong>Tribunal<\/strong>\n<ul>\n<li>Presidente del tribunal: Juan  Luis Tamargo men\u00e9ndez <\/li>\n<li>Francisco Blanco vaca (vocal)<\/li>\n<li>lina Badimon maestro (vocal)<\/li>\n<li>Jos\u00e9 Carlos Rodriguez rey (vocal)<\/li>\n<\/ul>\n<\/li>\n<\/ul>\n<p>&nbsp;<\/p>\n","protected":false},"excerpt":{"rendered":"<p>Tesis doctoral de Elena Sanguino L\u00f3pez El deterioro funcional que aparece asociado al envejecimiento puede deberse, al menos en parte, [&hellip;]<\/p>\n","protected":false},"author":1,"featured_media":0,"comment_status":"open","ping_status":"open","sticky":false,"template":"","format":"standard","meta":{"site-sidebar-layout":"default","site-content-layout":"","ast-site-content-layout":"","site-content-style":"default","site-sidebar-style":"default","ast-global-header-display":"","ast-banner-title-visibility":"","ast-main-header-display":"","ast-hfb-above-header-display":"","ast-hfb-below-header-display":"","ast-hfb-mobile-header-display":"","site-post-title":"","ast-breadcrumbs-content":"","ast-featured-img":"","footer-sml-layout":"","theme-transparent-header-meta":"","adv-header-id-meta":"","stick-header-meta":"","header-above-stick-meta":"","header-main-stick-meta":"","header-below-stick-meta":"","astra-migrate-meta-layouts":"default","ast-page-background-enabled":"default","ast-page-background-meta":{"desktop":{"background-color":"var(--ast-global-color-4)","background-image":"","background-repeat":"repeat","background-position":"center center","background-size":"auto","background-attachment":"scroll","background-type":"","background-media":"","overlay-type":"","overlay-color":"","overlay-gradient":""},"tablet":{"background-color":"","background-image":"","background-repeat":"repeat","background-position":"center center","background-size":"auto","background-attachment":"scroll","background-type":"","background-media":"","overlay-type":"","overlay-color":"","overlay-gradient":""},"mobile":{"background-color":"","background-image":"","background-repeat":"repeat","background-position":"center center","background-size":"auto","background-attachment":"scroll","background-type":"","background-media":"","overlay-type":"","overlay-color":"","overlay-gradient":""}},"ast-content-background-meta":{"desktop":{"background-color":"var(--ast-global-color-5)","background-image":"","background-repeat":"repeat","background-position":"center center","background-size":"auto","background-attachment":"scroll","background-type":"","background-media":"","overlay-type":"","overlay-color":"","overlay-gradient":""},"tablet":{"background-color":"var(--ast-global-color-5)","background-image":"","background-repeat":"repeat","background-position":"center center","background-size":"auto","background-attachment":"scroll","background-type":"","background-media":"","overlay-type":"","overlay-color":"","overlay-gradient":""},"mobile":{"background-color":"var(--ast-global-color-5)","background-image":"","background-repeat":"repeat","background-position":"center center","background-size":"auto","background-attachment":"scroll","background-type":"","background-media":"","overlay-type":"","overlay-color":"","overlay-gradient":""}},"footnotes":""},"categories":[951,483],"tags":[85155,29287,10658,20224,4665,76981],"class_list":["post-30268","post","type-post","status-publish","format-standard","hentry","category-barcelona","category-mecanismos-de-accion-de-los-farmacos","tag-elena-sanguino-lopez","tag-francisco-blanco-vaca","tag-jose-carlos-rodriguez-rey","tag-juan-carlos-laguna-egea","tag-juan-luis-tamargo-menendez","tag-lina-badimon-maestro"],"_links":{"self":[{"href":"https:\/\/www.deberes.net\/tesis\/wp-json\/wp\/v2\/posts\/30268","targetHints":{"allow":["GET"]}}],"collection":[{"href":"https:\/\/www.deberes.net\/tesis\/wp-json\/wp\/v2\/posts"}],"about":[{"href":"https:\/\/www.deberes.net\/tesis\/wp-json\/wp\/v2\/types\/post"}],"author":[{"embeddable":true,"href":"https:\/\/www.deberes.net\/tesis\/wp-json\/wp\/v2\/users\/1"}],"replies":[{"embeddable":true,"href":"https:\/\/www.deberes.net\/tesis\/wp-json\/wp\/v2\/comments?post=30268"}],"version-history":[{"count":0,"href":"https:\/\/www.deberes.net\/tesis\/wp-json\/wp\/v2\/posts\/30268\/revisions"}],"wp:attachment":[{"href":"https:\/\/www.deberes.net\/tesis\/wp-json\/wp\/v2\/media?parent=30268"}],"wp:term":[{"taxonomy":"category","embeddable":true,"href":"https:\/\/www.deberes.net\/tesis\/wp-json\/wp\/v2\/categories?post=30268"},{"taxonomy":"post_tag","embeddable":true,"href":"https:\/\/www.deberes.net\/tesis\/wp-json\/wp\/v2\/tags?post=30268"}],"curies":[{"name":"wp","href":"https:\/\/api.w.org\/{rel}","templated":true}]}}