{"id":30355,"date":"2018-03-09T09:23:55","date_gmt":"2018-03-09T09:23:55","guid":{"rendered":"https:\/\/www.deberes.net\/tesis\/sin-categoria\/el-sistema-de-genero-en-la-poblacion-aparcera-del-sur-de-gran-canaria\/"},"modified":"2018-03-09T09:23:55","modified_gmt":"2018-03-09T09:23:55","slug":"el-sistema-de-genero-en-la-poblacion-aparcera-del-sur-de-gran-canaria","status":"publish","type":"post","link":"https:\/\/www.deberes.net\/tesis\/sin-categoria\/el-sistema-de-genero-en-la-poblacion-aparcera-del-sur-de-gran-canaria\/","title":{"rendered":"El sistema de g\u00e9nero en la poblaci\u00f3n aparcera del sur de gran canaria"},"content":{"rendered":"<h2>Tesis doctoral de <strong>  Henriquez Rodr\u00edguez Rosa M. <\/strong><\/h2>\n<p>La tesis supone una aproximaci\u00f3n desde la perspectiva de g\u00e9nero al estudio de las relaciones laborales de aparcer\u00eda. Consta de cuatro partes.  la primera, marco te\u00f3rico y metodol\u00f3gico, tiene como objeto presentar la investigaci\u00f3n en el contexto de los estudios del sistema de g\u00e9nero, as\u00ed como en los an\u00e1lisis de la actividad agr\u00edcola y, concretamente, de la aparcer\u00eda.  concluye con la exposici\u00f3n de las fuentes y t\u00e9cnicas empleadas.  la segunda parte, las relaciones de aparcer\u00eda en el cultivo del tomate en gran canaria, consiste en describir las razones por las que las empresas optan por este tipo de contrataci\u00f3n.  la tercera parte, la aparcer\u00eda como explotaci\u00f3n de la mano de obra familiar, presenta y analiza los resultados emp\u00edricos del trabajo de campo.  la cuarta parte, feminizaci\u00f3n de la aparcer\u00eda estrategias del capital y\/o estrategias familiares, tiene como objeto conocer las transformaciones del sistema de aparcer\u00eda con el cambio de rumbo de la econom\u00eda insular hacia la expansi\u00f3n del sector tur\u00edstico.  finalmente, a modo de conclusi\u00f3n se exponen, los resultados te\u00f3ricos y emp\u00edricos obtenidos en la investigaci\u00f3n realizada.<\/p>\n<p>&nbsp;<\/p>\n<h3>Datos acad\u00e9micos de la tesis doctoral \u00ab<strong>El sistema de g\u00e9nero en la poblaci\u00f3n aparcera del sur de gran canaria<\/strong>\u00ab<\/h3>\n<ul>\n<li><strong>T\u00edtulo de la tesis:<\/strong>\u00a0 El sistema de g\u00e9nero en la poblaci\u00f3n aparcera del sur de gran canaria <\/li>\n<li><strong>Autor:<\/strong>\u00a0  Henriquez Rodr\u00edguez Rosa M. <\/li>\n<li><strong>Universidad:<\/strong>\u00a0 Complutense de Madrid<\/li>\n<li><strong>Fecha de lectura de la tesis:<\/strong>\u00a0 28\/05\/2004<\/li>\n<\/ul>\n<p>&nbsp;<\/p>\n<h3>Direcci\u00f3n y tribunal<\/h3>\n<ul>\n<li><strong>Director de la tesis<\/strong>\n<ul>\n<li>Critino Barroso Ribal<\/li>\n<\/ul>\n<\/li>\n<li><strong>Tribunal<\/strong>\n<ul>\n<li>Presidente del tribunal: rosario Otegui pascual <\/li>\n<li>lourdes Mendez perez (vocal)<\/li>\n<li>eduardo Sevilla guzman (vocal)<\/li>\n<li>rosario Sampedro gallego (vocal)<\/li>\n<\/ul>\n<\/li>\n<\/ul>\n<p>&nbsp;<\/p>\n","protected":false},"excerpt":{"rendered":"<p>Tesis doctoral de Henriquez Rodr\u00edguez Rosa M. La tesis supone una aproximaci\u00f3n desde la perspectiva de g\u00e9nero al estudio de [&hellip;]<\/p>\n","protected":false},"author":1,"featured_media":0,"comment_status":"open","ping_status":"open","sticky":false,"template":"","format":"standard","meta":{"site-sidebar-layout":"default","site-content-layout":"","ast-site-content-layout":"","site-content-style":"default","site-sidebar-style":"default","ast-global-header-display":"","ast-banner-title-visibility":"","ast-main-header-display":"","ast-hfb-above-header-display":"","ast-hfb-below-header-display":"","ast-hfb-mobile-header-display":"","site-post-title":"","ast-breadcrumbs-content":"","ast-featured-img":"","footer-sml-layout":"","theme-transparent-header-meta":"","adv-header-id-meta":"","stick-header-meta":"","header-above-stick-meta":"","header-main-stick-meta":"","header-below-stick-meta":"","astra-migrate-meta-layouts":"default","ast-page-background-enabled":"default","ast-page-background-meta":{"desktop":{"background-color":"var(--ast-global-color-4)","background-image":"","background-repeat":"repeat","background-position":"center center","background-size":"auto","background-attachment":"scroll","background-type":"","background-media":"","overlay-type":"","overlay-color":"","overlay-gradient":""},"tablet":{"background-color":"","background-image":"","background-repeat":"repeat","background-position":"center center","background-size":"auto","background-attachment":"scroll","background-type":"","background-media":"","overlay-type":"","overlay-color":"","overlay-gradient":""},"mobile":{"background-color":"","background-image":"","background-repeat":"repeat","background-position":"center center","background-size":"auto","background-attachment":"scroll","background-type":"","background-media":"","overlay-type":"","overlay-color":"","overlay-gradient":""}},"ast-content-background-meta":{"desktop":{"background-color":"var(--ast-global-color-5)","background-image":"","background-repeat":"repeat","background-position":"center center","background-size":"auto","background-attachment":"scroll","background-type":"","background-media":"","overlay-type":"","overlay-color":"","overlay-gradient":""},"tablet":{"background-color":"var(--ast-global-color-5)","background-image":"","background-repeat":"repeat","background-position":"center center","background-size":"auto","background-attachment":"scroll","background-type":"","background-media":"","overlay-type":"","overlay-color":"","overlay-gradient":""},"mobile":{"background-color":"var(--ast-global-color-5)","background-image":"","background-repeat":"repeat","background-position":"center center","background-size":"auto","background-attachment":"scroll","background-type":"","background-media":"","overlay-type":"","overlay-color":"","overlay-gradient":""}},"footnotes":""},"categories":[1],"tags":[26239,21393,85340,13303,33736,85341],"class_list":["post-30355","post","type-post","status-publish","format-standard","hentry","category-sin-categoria","tag-critino-barroso-ribal","tag-eduardo-sevilla-guzman","tag-henriquez-rodriguez-rosa-m","tag-lourdes-mendez-perez","tag-rosario-otegui-pascual","tag-rosario-sampedro-gallego"],"_links":{"self":[{"href":"https:\/\/www.deberes.net\/tesis\/wp-json\/wp\/v2\/posts\/30355","targetHints":{"allow":["GET"]}}],"collection":[{"href":"https:\/\/www.deberes.net\/tesis\/wp-json\/wp\/v2\/posts"}],"about":[{"href":"https:\/\/www.deberes.net\/tesis\/wp-json\/wp\/v2\/types\/post"}],"author":[{"embeddable":true,"href":"https:\/\/www.deberes.net\/tesis\/wp-json\/wp\/v2\/users\/1"}],"replies":[{"embeddable":true,"href":"https:\/\/www.deberes.net\/tesis\/wp-json\/wp\/v2\/comments?post=30355"}],"version-history":[{"count":0,"href":"https:\/\/www.deberes.net\/tesis\/wp-json\/wp\/v2\/posts\/30355\/revisions"}],"wp:attachment":[{"href":"https:\/\/www.deberes.net\/tesis\/wp-json\/wp\/v2\/media?parent=30355"}],"wp:term":[{"taxonomy":"category","embeddable":true,"href":"https:\/\/www.deberes.net\/tesis\/wp-json\/wp\/v2\/categories?post=30355"},{"taxonomy":"post_tag","embeddable":true,"href":"https:\/\/www.deberes.net\/tesis\/wp-json\/wp\/v2\/tags?post=30355"}],"curies":[{"name":"wp","href":"https:\/\/api.w.org\/{rel}","templated":true}]}}