{"id":30371,"date":"2018-03-09T09:23:57","date_gmt":"2018-03-09T09:23:57","guid":{"rendered":"https:\/\/www.deberes.net\/tesis\/sin-categoria\/calidad-de-vida-en-pacientes-con-lumbalgia-cronica\/"},"modified":"2018-03-09T09:23:57","modified_gmt":"2018-03-09T09:23:57","slug":"calidad-de-vida-en-pacientes-con-lumbalgia-cronica","status":"publish","type":"post","link":"https:\/\/www.deberes.net\/tesis\/zaragoza\/calidad-de-vida-en-pacientes-con-lumbalgia-cronica\/","title":{"rendered":"Calidad de vida en pacientes con lumbalgia cr\u00f3nica"},"content":{"rendered":"<h2>Tesis doctoral de <strong> Ana Belen Morata Crespo <\/strong><\/h2>\n<p>La lumbalgia cr\u00f3nica es un importante problema socioecon\u00f3mico en las sociedades industrializadas.  Las pruebas cl\u00e1sicas de laboratorio e imagen nos aportan poca informaci\u00f3n sobre la situaci\u00f3n funcional del paciente, por ello he medido la calidad de vida de estas personas, aplicando los siguientes cuestionarios: oswestry, sf-36, lbos, eav.  Una parte de la tesis ha sido la adaptaci\u00f3n al espa\u00f1ol del cuestionario lbos, obteniendo unos resultados en las caracter\u00edsticas operativas muy similares a las de la versi\u00f3n original, motivo por el cual puede ser utilizado como instrumento de medida en la poblaci\u00f3n espa\u00f1ola.  por otro lado se ha determinado la eficacia de la escuela de espalda para mejorar la capacidad funcional de las personas con lumbalgia cr\u00f3nica, obteniendo una mejor\u00eda en las puntuaciones de todos los cuestionarios aplicados, aunque no siendo estas diferencias no estad\u00edsticamente significativas.  tambi\u00e9n se ha relacionado la sensaci\u00f3n subjetiva de mejor\u00eda o empeoramiento con las puntuaciones obtenidas en las diferentes escalas, estas dos variables han presentado una gran concordancia.  no se han encontrado diferencias entre el nivel cultural y la mejor\u00eda o empeoramiento cl\u00ednico, tras la aplicaci\u00f3n del tratamiento.<\/p>\n<p>&nbsp;<\/p>\n<h3>Datos acad\u00e9micos de la tesis doctoral \u00ab<strong>Calidad de vida en pacientes con lumbalgia cr\u00f3nica<\/strong>\u00ab<\/h3>\n<ul>\n<li><strong>T\u00edtulo de la tesis:<\/strong>\u00a0 Calidad de vida en pacientes con lumbalgia cr\u00f3nica <\/li>\n<li><strong>Autor:<\/strong>\u00a0 Ana Belen Morata Crespo <\/li>\n<li><strong>Universidad:<\/strong>\u00a0 Zaragoza<\/li>\n<li><strong>Fecha de lectura de la tesis:<\/strong>\u00a0 28\/05\/2004<\/li>\n<\/ul>\n<p>&nbsp;<\/p>\n<h3>Direcci\u00f3n y tribunal<\/h3>\n<ul>\n<li><strong>Director de la tesis<\/strong>\n<ul>\n<li>Mar\u00eda no Mar\u00edn Redondo<\/li>\n<\/ul>\n<\/li>\n<li><strong>Tribunal<\/strong>\n<ul>\n<li>Presidente del tribunal: Antonio \u00e1lvarez badillo <\/li>\n<li>adoraci\u00f3n Villarroya aparicio (vocal)<\/li>\n<li> Mart\u00ednez p\u00e9rez Mar\u00eda natividad (vocal)<\/li>\n<li>sara Ner\u00edn ballabriga (vocal)<\/li>\n<\/ul>\n<\/li>\n<\/ul>\n<p>&nbsp;<\/p>\n","protected":false},"excerpt":{"rendered":"<p>Tesis doctoral de Ana Belen Morata Crespo La lumbalgia cr\u00f3nica es un importante problema socioecon\u00f3mico en las sociedades industrializadas. Las [&hellip;]<\/p>\n","protected":false},"author":1,"featured_media":0,"comment_status":"open","ping_status":"open","sticky":false,"template":"","format":"standard","meta":{"site-sidebar-layout":"default","site-content-layout":"","ast-site-content-layout":"","site-content-style":"default","site-sidebar-style":"default","ast-global-header-display":"","ast-banner-title-visibility":"","ast-main-header-display":"","ast-hfb-above-header-display":"","ast-hfb-below-header-display":"","ast-hfb-mobile-header-display":"","site-post-title":"","ast-breadcrumbs-content":"","ast-featured-img":"","footer-sml-layout":"","theme-transparent-header-meta":"","adv-header-id-meta":"","stick-header-meta":"","header-above-stick-meta":"","header-main-stick-meta":"","header-below-stick-meta":"","astra-migrate-meta-layouts":"default","ast-page-background-enabled":"default","ast-page-background-meta":{"desktop":{"background-color":"var(--ast-global-color-4)","background-image":"","background-repeat":"repeat","background-position":"center center","background-size":"auto","background-attachment":"scroll","background-type":"","background-media":"","overlay-type":"","overlay-color":"","overlay-gradient":""},"tablet":{"background-color":"","background-image":"","background-repeat":"repeat","background-position":"center center","background-size":"auto","background-attachment":"scroll","background-type":"","background-media":"","overlay-type":"","overlay-color":"","overlay-gradient":""},"mobile":{"background-color":"","background-image":"","background-repeat":"repeat","background-position":"center center","background-size":"auto","background-attachment":"scroll","background-type":"","background-media":"","overlay-type":"","overlay-color":"","overlay-gradient":""}},"ast-content-background-meta":{"desktop":{"background-color":"var(--ast-global-color-5)","background-image":"","background-repeat":"repeat","background-position":"center center","background-size":"auto","background-attachment":"scroll","background-type":"","background-media":"","overlay-type":"","overlay-color":"","overlay-gradient":""},"tablet":{"background-color":"var(--ast-global-color-5)","background-image":"","background-repeat":"repeat","background-position":"center center","background-size":"auto","background-attachment":"scroll","background-type":"","background-media":"","overlay-type":"","overlay-color":"","overlay-gradient":""},"mobile":{"background-color":"var(--ast-global-color-5)","background-image":"","background-repeat":"repeat","background-position":"center center","background-size":"auto","background-attachment":"scroll","background-type":"","background-media":"","overlay-type":"","overlay-color":"","overlay-gradient":""}},"footnotes":""},"categories":[13610],"tags":[7726,85375,22563,72646,85376,85377],"class_list":["post-30371","post","type-post","status-publish","format-standard","hentry","category-zaragoza","tag-adoracion-villarroya-aparicio","tag-ana-belen-morata-crespo","tag-antonio-alvarez-badillo","tag-maria-no-marin-redondo","tag-Martinez-perez-maria-natividad","tag-sara-nerin-ballabriga"],"_links":{"self":[{"href":"https:\/\/www.deberes.net\/tesis\/wp-json\/wp\/v2\/posts\/30371","targetHints":{"allow":["GET"]}}],"collection":[{"href":"https:\/\/www.deberes.net\/tesis\/wp-json\/wp\/v2\/posts"}],"about":[{"href":"https:\/\/www.deberes.net\/tesis\/wp-json\/wp\/v2\/types\/post"}],"author":[{"embeddable":true,"href":"https:\/\/www.deberes.net\/tesis\/wp-json\/wp\/v2\/users\/1"}],"replies":[{"embeddable":true,"href":"https:\/\/www.deberes.net\/tesis\/wp-json\/wp\/v2\/comments?post=30371"}],"version-history":[{"count":0,"href":"https:\/\/www.deberes.net\/tesis\/wp-json\/wp\/v2\/posts\/30371\/revisions"}],"wp:attachment":[{"href":"https:\/\/www.deberes.net\/tesis\/wp-json\/wp\/v2\/media?parent=30371"}],"wp:term":[{"taxonomy":"category","embeddable":true,"href":"https:\/\/www.deberes.net\/tesis\/wp-json\/wp\/v2\/categories?post=30371"},{"taxonomy":"post_tag","embeddable":true,"href":"https:\/\/www.deberes.net\/tesis\/wp-json\/wp\/v2\/tags?post=30371"}],"curies":[{"name":"wp","href":"https:\/\/api.w.org\/{rel}","templated":true}]}}