{"id":30386,"date":"2018-03-09T09:23:59","date_gmt":"2018-03-09T09:23:59","guid":{"rendered":"https:\/\/www.deberes.net\/tesis\/sin-categoria\/genesis-y-desarrollo-interdisciplinar-del-programa-mertoniano-para-la-ciencia\/"},"modified":"2018-03-09T09:23:59","modified_gmt":"2018-03-09T09:23:59","slug":"genesis-y-desarrollo-interdisciplinar-del-programa-mertoniano-para-la-ciencia","status":"publish","type":"post","link":"https:\/\/www.deberes.net\/tesis\/carlos-iii-de-madrid\/genesis-y-desarrollo-interdisciplinar-del-programa-mertoniano-para-la-ciencia\/","title":{"rendered":"Genesis y desarrollo interdisciplinar del programa mertoniano para la ciencia"},"content":{"rendered":"<h2>Tesis doctoral de <strong> Ana Fernandez Zubieta <\/strong><\/h2>\n<p>\u00abg\u00e9nesis y desarrollo interdisciplinar del programa mertoniano para la ciencia\u00bb da cuenta de la sociolog\u00eda de la ciencia de robert k. Merton atendiendo al papel que juegan las relaciones entre la historia de la ciencia, la filosof\u00eda de la ciencia y la propia sociolog\u00eda en el desarrollo e interpretaci\u00f3n de la misma. El estudio analiza el modo en el que los v\u00ednculos de estas disciplinares y los propios presupuestos disciplinares \u00abcondicionan\u00bb la elaboraci\u00f3n, recepci\u00f3n de su obra y determinan las diferencias entre los supuesto que el autor plantea para su programa sociol\u00f3gico y los que proponen las sociolog\u00edas del conocimiento cient\u00edfico para la renovaci\u00f3n de la sociolog\u00eda. el trabajo aplica una metodolog\u00eda bibliom\u00e9trica con unos fines hist\u00f3rico-interpretativos al apoyar las reflexiones del estudio con un an\u00e1lisis de las referencias de los textos m\u00e1s relevantes de la sociolog\u00eda de la ciencia del autor constat\u00e1ndose as\u00ed las influencias, relaciones y la secuencia temporal de \u00e9stas.<\/p>\n<p>&nbsp;<\/p>\n<h3>Datos acad\u00e9micos de la tesis doctoral \u00ab<strong>Genesis y desarrollo interdisciplinar del programa mertoniano para la ciencia<\/strong>\u00ab<\/h3>\n<ul>\n<li><strong>T\u00edtulo de la tesis:<\/strong>\u00a0 Genesis y desarrollo interdisciplinar del programa mertoniano para la ciencia <\/li>\n<li><strong>Autor:<\/strong>\u00a0 Ana Fernandez Zubieta <\/li>\n<li><strong>Universidad:<\/strong>\u00a0 Carlos III de Madrid<\/li>\n<li><strong>Fecha de lectura de la tesis:<\/strong>\u00a0 28\/05\/2004<\/li>\n<\/ul>\n<p>&nbsp;<\/p>\n<h3>Direcci\u00f3n y tribunal<\/h3>\n<ul>\n<li><strong>Director de la tesis<\/strong>\n<ul>\n<li>Antonio Valdecantos Alcaide<\/li>\n<\/ul>\n<\/li>\n<li><strong>Tribunal<\/strong>\n<ul>\n<li>Presidente del tribunal: Carlos Thiebaut Luis-andre <\/li>\n<li>ram\u00f3n Del castillo santos (vocal)<\/li>\n<li>Fernando Broncano rodriguez (vocal)<\/li>\n<li>Marta Gonzalez garcia (vocal)<\/li>\n<\/ul>\n<\/li>\n<\/ul>\n<p>&nbsp;<\/p>\n","protected":false},"excerpt":{"rendered":"<p>Tesis doctoral de Ana Fernandez Zubieta \u00abg\u00e9nesis y desarrollo interdisciplinar del programa mertoniano para la ciencia\u00bb da cuenta de la [&hellip;]<\/p>\n","protected":false},"author":1,"featured_media":0,"comment_status":"open","ping_status":"open","sticky":false,"template":"","format":"standard","meta":{"site-sidebar-layout":"default","site-content-layout":"","ast-site-content-layout":"","site-content-style":"default","site-sidebar-style":"default","ast-global-header-display":"","ast-banner-title-visibility":"","ast-main-header-display":"","ast-hfb-above-header-display":"","ast-hfb-below-header-display":"","ast-hfb-mobile-header-display":"","site-post-title":"","ast-breadcrumbs-content":"","ast-featured-img":"","footer-sml-layout":"","theme-transparent-header-meta":"","adv-header-id-meta":"","stick-header-meta":"","header-above-stick-meta":"","header-main-stick-meta":"","header-below-stick-meta":"","astra-migrate-meta-layouts":"default","ast-page-background-enabled":"default","ast-page-background-meta":{"desktop":{"background-color":"var(--ast-global-color-4)","background-image":"","background-repeat":"repeat","background-position":"center center","background-size":"auto","background-attachment":"scroll","background-type":"","background-media":"","overlay-type":"","overlay-color":"","overlay-gradient":""},"tablet":{"background-color":"","background-image":"","background-repeat":"repeat","background-position":"center center","background-size":"auto","background-attachment":"scroll","background-type":"","background-media":"","overlay-type":"","overlay-color":"","overlay-gradient":""},"mobile":{"background-color":"","background-image":"","background-repeat":"repeat","background-position":"center center","background-size":"auto","background-attachment":"scroll","background-type":"","background-media":"","overlay-type":"","overlay-color":"","overlay-gradient":""}},"ast-content-background-meta":{"desktop":{"background-color":"var(--ast-global-color-5)","background-image":"","background-repeat":"repeat","background-position":"center center","background-size":"auto","background-attachment":"scroll","background-type":"","background-media":"","overlay-type":"","overlay-color":"","overlay-gradient":""},"tablet":{"background-color":"var(--ast-global-color-5)","background-image":"","background-repeat":"repeat","background-position":"center center","background-size":"auto","background-attachment":"scroll","background-type":"","background-media":"","overlay-type":"","overlay-color":"","overlay-gradient":""},"mobile":{"background-color":"var(--ast-global-color-5)","background-image":"","background-repeat":"repeat","background-position":"center center","background-size":"auto","background-attachment":"scroll","background-type":"","background-media":"","overlay-type":"","overlay-color":"","overlay-gradient":""}},"footnotes":""},"categories":[18550],"tags":[85410,30237,27105,53171,69907,84925],"class_list":["post-30386","post","type-post","status-publish","format-standard","hentry","category-carlos-iii-de-madrid","tag-ana-fernandez-zubieta","tag-antonio-valdecantos-alcaide","tag-carlos-thiebaut-luis-andre","tag-fernando-broncano-rodriguez","tag-marta-gonzalez-garcia","tag-ramon-del-castillo-santos"],"_links":{"self":[{"href":"https:\/\/www.deberes.net\/tesis\/wp-json\/wp\/v2\/posts\/30386","targetHints":{"allow":["GET"]}}],"collection":[{"href":"https:\/\/www.deberes.net\/tesis\/wp-json\/wp\/v2\/posts"}],"about":[{"href":"https:\/\/www.deberes.net\/tesis\/wp-json\/wp\/v2\/types\/post"}],"author":[{"embeddable":true,"href":"https:\/\/www.deberes.net\/tesis\/wp-json\/wp\/v2\/users\/1"}],"replies":[{"embeddable":true,"href":"https:\/\/www.deberes.net\/tesis\/wp-json\/wp\/v2\/comments?post=30386"}],"version-history":[{"count":0,"href":"https:\/\/www.deberes.net\/tesis\/wp-json\/wp\/v2\/posts\/30386\/revisions"}],"wp:attachment":[{"href":"https:\/\/www.deberes.net\/tesis\/wp-json\/wp\/v2\/media?parent=30386"}],"wp:term":[{"taxonomy":"category","embeddable":true,"href":"https:\/\/www.deberes.net\/tesis\/wp-json\/wp\/v2\/categories?post=30386"},{"taxonomy":"post_tag","embeddable":true,"href":"https:\/\/www.deberes.net\/tesis\/wp-json\/wp\/v2\/tags?post=30386"}],"curies":[{"name":"wp","href":"https:\/\/api.w.org\/{rel}","templated":true}]}}