{"id":30398,"date":"2018-03-09T09:24:00","date_gmt":"2018-03-09T09:24:00","guid":{"rendered":"https:\/\/www.deberes.net\/tesis\/sin-categoria\/el-discurso-de-caracter-popular-rural-en-la-narrativa-de-delibes\/"},"modified":"2018-03-09T09:24:00","modified_gmt":"2018-03-09T09:24:00","slug":"el-discurso-de-caracter-popular-rural-en-la-narrativa-de-delibes","status":"publish","type":"post","link":"https:\/\/www.deberes.net\/tesis\/sin-categoria\/el-discurso-de-caracter-popular-rural-en-la-narrativa-de-delibes\/","title":{"rendered":"El discurso de car\u00e1cter popular-rural en la narrativa de delibes"},"content":{"rendered":"<h2>Tesis doctoral de <strong> Jorge Urdiales Yuste <\/strong><\/h2>\n<p>El discurso de car\u00e1cter popular rural en la narrativa de delibes  aparece en sus novela sa trav\u00e9s de numerosos vocablos (cap\u00edtulo v); expresiones, refranes y otros (cap\u00edtulo vi) y en sus personajes (cap\u00edtulo vii). Hay tres cap\u00edtulos que sirven de pilares a los anteriormente mencionados: la biograf\u00eda (cap\u00edtulo ii), el marco hist\u00f3rico de delibes (cap\u00edtulo iii) y la delimitaci\u00f3n de los t\u00e9rminos \u00abdiscurso\u00bb, \u00abpopular\u00bb y \u00abrural\u00bb (cap\u00edtulo iv). La biograf\u00eda se trata desde un punto de vista rural y contiene datos in\u00e9ditos hasta ahora.  muy destacable es el anexo i, que aporta unos cuentos escritos por delibes entre 1949 y 1950, que no han vuelto a ser publicados desde entonces y que pr\u00e1cticamente nadie los conoce. El anexo iii justifica la investigaci\u00f3n de campo realizada con todos aquellos t\u00e9rminos que no aparecen en el drae.  se citan 1.469 palabras de car\u00e1cter popular rural. Muchas de ellas est\u00e1n en trance de desaparecer. La presente tesis quiere salvarlas como parte del tesoro de la lengua castellana.<\/p>\n<p>&nbsp;<\/p>\n<h3>Datos acad\u00e9micos de la tesis doctoral \u00ab<strong>El discurso de car\u00e1cter popular-rural en la narrativa de delibes<\/strong>\u00ab<\/h3>\n<ul>\n<li><strong>T\u00edtulo de la tesis:<\/strong>\u00a0 El discurso de car\u00e1cter popular-rural en la narrativa de delibes <\/li>\n<li><strong>Autor:<\/strong>\u00a0 Jorge Urdiales Yuste <\/li>\n<li><strong>Universidad:<\/strong>\u00a0 Complutense de Madrid<\/li>\n<li><strong>Fecha de lectura de la tesis:<\/strong>\u00a0 31\/05\/2004<\/li>\n<\/ul>\n<p>&nbsp;<\/p>\n<h3>Direcci\u00f3n y tribunal<\/h3>\n<ul>\n<li><strong>Director de la tesis<\/strong>\n<ul>\n<li>Manuel Mourelle Delema<\/li>\n<\/ul>\n<\/li>\n<li><strong>Tribunal<\/strong>\n<ul>\n<li>Presidente del tribunal: Jes\u00fas S\u00e1nchez lobato <\/li>\n<li> Celma valero m. pilar (vocal)<\/li>\n<li>Antonio Briz g\u00f3mez (vocal)<\/li>\n<li>Mar\u00eda  luz Gutierrez araus (vocal)<\/li>\n<\/ul>\n<\/li>\n<\/ul>\n<p>&nbsp;<\/p>\n","protected":false},"excerpt":{"rendered":"<p>Tesis doctoral de Jorge Urdiales Yuste El discurso de car\u00e1cter popular rural en la narrativa de delibes aparece en sus [&hellip;]<\/p>\n","protected":false},"author":1,"featured_media":0,"comment_status":"open","ping_status":"open","sticky":false,"template":"","format":"standard","meta":{"site-sidebar-layout":"default","site-content-layout":"","ast-site-content-layout":"","site-content-style":"default","site-sidebar-style":"default","ast-global-header-display":"","ast-banner-title-visibility":"","ast-main-header-display":"","ast-hfb-above-header-display":"","ast-hfb-below-header-display":"","ast-hfb-mobile-header-display":"","site-post-title":"","ast-breadcrumbs-content":"","ast-featured-img":"","footer-sml-layout":"","theme-transparent-header-meta":"","adv-header-id-meta":"","stick-header-meta":"","header-above-stick-meta":"","header-main-stick-meta":"","header-below-stick-meta":"","astra-migrate-meta-layouts":"default","ast-page-background-enabled":"default","ast-page-background-meta":{"desktop":{"background-color":"var(--ast-global-color-4)","background-image":"","background-repeat":"repeat","background-position":"center center","background-size":"auto","background-attachment":"scroll","background-type":"","background-media":"","overlay-type":"","overlay-color":"","overlay-gradient":""},"tablet":{"background-color":"","background-image":"","background-repeat":"repeat","background-position":"center center","background-size":"auto","background-attachment":"scroll","background-type":"","background-media":"","overlay-type":"","overlay-color":"","overlay-gradient":""},"mobile":{"background-color":"","background-image":"","background-repeat":"repeat","background-position":"center center","background-size":"auto","background-attachment":"scroll","background-type":"","background-media":"","overlay-type":"","overlay-color":"","overlay-gradient":""}},"ast-content-background-meta":{"desktop":{"background-color":"var(--ast-global-color-5)","background-image":"","background-repeat":"repeat","background-position":"center center","background-size":"auto","background-attachment":"scroll","background-type":"","background-media":"","overlay-type":"","overlay-color":"","overlay-gradient":""},"tablet":{"background-color":"var(--ast-global-color-5)","background-image":"","background-repeat":"repeat","background-position":"center center","background-size":"auto","background-attachment":"scroll","background-type":"","background-media":"","overlay-type":"","overlay-color":"","overlay-gradient":""},"mobile":{"background-color":"var(--ast-global-color-5)","background-image":"","background-repeat":"repeat","background-position":"center center","background-size":"auto","background-attachment":"scroll","background-type":"","background-media":"","overlay-type":"","overlay-color":"","overlay-gradient":""}},"footnotes":""},"categories":[1],"tags":[11475,85438,4758,85436,85437,15432],"class_list":["post-30398","post","type-post","status-publish","format-standard","hentry","category-sin-categoria","tag-antonio-briz-gomez","tag-celma-valero-m-pilar","tag-jesus-sanchez-lobato","tag-jorge-urdiales-yuste","tag-manuel-mourelle-delema","tag-maria-luz-gutierrez-araus"],"_links":{"self":[{"href":"https:\/\/www.deberes.net\/tesis\/wp-json\/wp\/v2\/posts\/30398","targetHints":{"allow":["GET"]}}],"collection":[{"href":"https:\/\/www.deberes.net\/tesis\/wp-json\/wp\/v2\/posts"}],"about":[{"href":"https:\/\/www.deberes.net\/tesis\/wp-json\/wp\/v2\/types\/post"}],"author":[{"embeddable":true,"href":"https:\/\/www.deberes.net\/tesis\/wp-json\/wp\/v2\/users\/1"}],"replies":[{"embeddable":true,"href":"https:\/\/www.deberes.net\/tesis\/wp-json\/wp\/v2\/comments?post=30398"}],"version-history":[{"count":0,"href":"https:\/\/www.deberes.net\/tesis\/wp-json\/wp\/v2\/posts\/30398\/revisions"}],"wp:attachment":[{"href":"https:\/\/www.deberes.net\/tesis\/wp-json\/wp\/v2\/media?parent=30398"}],"wp:term":[{"taxonomy":"category","embeddable":true,"href":"https:\/\/www.deberes.net\/tesis\/wp-json\/wp\/v2\/categories?post=30398"},{"taxonomy":"post_tag","embeddable":true,"href":"https:\/\/www.deberes.net\/tesis\/wp-json\/wp\/v2\/tags?post=30398"}],"curies":[{"name":"wp","href":"https:\/\/api.w.org\/{rel}","templated":true}]}}