{"id":30413,"date":"2018-03-09T09:24:01","date_gmt":"2018-03-09T09:24:01","guid":{"rendered":"https:\/\/www.deberes.net\/tesis\/sin-categoria\/analisis-de-la-operacion-de-los-mercados-de-generacion-de-energia-electrica-a-medio-plazo\/"},"modified":"2018-03-09T09:24:01","modified_gmt":"2018-03-09T09:24:01","slug":"analisis-de-la-operacion-de-los-mercados-de-generacion-de-energia-electrica-a-medio-plazo","status":"publish","type":"post","link":"https:\/\/www.deberes.net\/tesis\/pontificia-comillas\/analisis-de-la-operacion-de-los-mercados-de-generacion-de-energia-electrica-a-medio-plazo\/","title":{"rendered":"Analisis de la operacion de los mercados de generacion de energia electrica a medio plazo"},"content":{"rendered":"<h2>Tesis doctoral de <strong> Javier Reneses Guillen <\/strong><\/h2>\n<p>La generaci\u00f3n en sistemas de energ\u00eda el\u00e9ctrica de gran tama\u00f1o entra\u00f1a unos costes muy elevados que deben ser minimizados mediante la explotaci\u00f3n eficiente de los recursos disponibles. Durante las \u00faltimas d\u00e9cadas se viene produciendo un proceso de liberalizaci\u00f3n del negocio de suministro de energ\u00eda el\u00e9ctrica, que ha dado lugar en muchos pa\u00edses a la aparici\u00f3n de mercados de generaci\u00f3n de electricidad.  la tesis se centra en el an\u00e1lisis de los mercados de generaci\u00f3n de energ\u00eda el\u00e9ctrica en el horizonte de medio plazo, que abarca desde unos pocos meses hasta tres a\u00f1os. Este an\u00e1lisis est\u00e1, en la actualidad, en relaci\u00f3n con tres disciplinas del conocimiento: la ingenier\u00eda el\u00e9ctrica, la investigaci\u00f3n operativa y el an\u00e1lisis microecon\u00f3mico. El trabajo realizado en esta tesis profundiza simult\u00e1neamente en las tres, combinando enfoques que hasta ahora s\u00f3lo se hab\u00edan utilizado por separado. La diferencia fundamental respecto a otros trabajos radica en que se propone un m\u00e9todo de resoluci\u00f3n novedoso al que se pueden aplicar t\u00e9cnicas de programaci\u00f3n lineal.  el m\u00e9todo propuesto calcula el punto de equilibrio del mercado con un enfoque enmarcado dentro de los modelos basados en variaciones conjeturales. La utilizaci\u00f3n de programaci\u00f3n lineal permite abordar la resoluci\u00f3n de problemas de un tama\u00f1o muy superior a lo que el resto de t\u00e9cnicas propuestas son capaces, adem\u00e1s de proporcionar informaci\u00f3n dual que aporta un valor a\u00f1adido.  el an\u00e1lisis realizado se enfoca con un doble objetivo: la planificaci\u00f3n de la generaci\u00f3n, que supone disponer de unas previsiones fiables del comportamiento del mercado; y la operaci\u00f3n de la generaci\u00f3n, que se corresponde con la toma decisiones por parte de las empresas participantes.  en la tesis se analiza la localizaci\u00f3n de recursos de medio plazo, distinguiendo dos tipos: recursos limitados en energ\u00eda y recursos de utilizaci\u00f3n obligada. las decisiones de localizaci\u00f3n d<\/p>\n<p>&nbsp;<\/p>\n<h3>Datos acad\u00e9micos de la tesis doctoral \u00ab<strong>Analisis de la operacion de los mercados de generacion de energia electrica a medio plazo<\/strong>\u00ab<\/h3>\n<ul>\n<li><strong>T\u00edtulo de la tesis:<\/strong>\u00a0 Analisis de la operacion de los mercados de generacion de energia electrica a medio plazo <\/li>\n<li><strong>Autor:<\/strong>\u00a0 Javier Reneses Guillen <\/li>\n<li><strong>Universidad:<\/strong>\u00a0 Pontificia comillas<\/li>\n<li><strong>Fecha de lectura de la tesis:<\/strong>\u00a0 31\/05\/2004<\/li>\n<\/ul>\n<p>&nbsp;<\/p>\n<h3>Direcci\u00f3n y tribunal<\/h3>\n<ul>\n<li><strong>Director de la tesis<\/strong>\n<ul>\n<li>Juli\u00e1n Barquin Gil<\/li>\n<\/ul>\n<\/li>\n<li><strong>Tribunal<\/strong>\n<ul>\n<li>Presidente del tribunal: julio Segura sanchez <\/li>\n<li> Ortu\u00f1o sanchez Mar\u00eda  teresa (vocal)<\/li>\n<li> Rivier abbad michel Luis (vocal)<\/li>\n<li>Jos\u00e9 Carpio iba\u00f1ez (vocal)<\/li>\n<\/ul>\n<\/li>\n<\/ul>\n<p>&nbsp;<\/p>\n","protected":false},"excerpt":{"rendered":"<p>Tesis doctoral de Javier Reneses Guillen La generaci\u00f3n en sistemas de energ\u00eda el\u00e9ctrica de gran tama\u00f1o entra\u00f1a unos costes muy [&hellip;]<\/p>\n","protected":false},"author":1,"featured_media":0,"comment_status":"open","ping_status":"open","sticky":false,"template":"","format":"standard","meta":{"site-sidebar-layout":"default","site-content-layout":"","ast-site-content-layout":"","site-content-style":"default","site-sidebar-style":"default","ast-global-header-display":"","ast-banner-title-visibility":"","ast-main-header-display":"","ast-hfb-above-header-display":"","ast-hfb-below-header-display":"","ast-hfb-mobile-header-display":"","site-post-title":"","ast-breadcrumbs-content":"","ast-featured-img":"","footer-sml-layout":"","theme-transparent-header-meta":"","adv-header-id-meta":"","stick-header-meta":"","header-above-stick-meta":"","header-main-stick-meta":"","header-below-stick-meta":"","astra-migrate-meta-layouts":"default","ast-page-background-enabled":"default","ast-page-background-meta":{"desktop":{"background-color":"var(--ast-global-color-4)","background-image":"","background-repeat":"repeat","background-position":"center center","background-size":"auto","background-attachment":"scroll","background-type":"","background-media":"","overlay-type":"","overlay-color":"","overlay-gradient":""},"tablet":{"background-color":"","background-image":"","background-repeat":"repeat","background-position":"center center","background-size":"auto","background-attachment":"scroll","background-type":"","background-media":"","overlay-type":"","overlay-color":"","overlay-gradient":""},"mobile":{"background-color":"","background-image":"","background-repeat":"repeat","background-position":"center center","background-size":"auto","background-attachment":"scroll","background-type":"","background-media":"","overlay-type":"","overlay-color":"","overlay-gradient":""}},"ast-content-background-meta":{"desktop":{"background-color":"var(--ast-global-color-5)","background-image":"","background-repeat":"repeat","background-position":"center center","background-size":"auto","background-attachment":"scroll","background-type":"","background-media":"","overlay-type":"","overlay-color":"","overlay-gradient":""},"tablet":{"background-color":"var(--ast-global-color-5)","background-image":"","background-repeat":"repeat","background-position":"center center","background-size":"auto","background-attachment":"scroll","background-type":"","background-media":"","overlay-type":"","overlay-color":"","overlay-gradient":""},"mobile":{"background-color":"var(--ast-global-color-5)","background-image":"","background-repeat":"repeat","background-position":"center center","background-size":"auto","background-attachment":"scroll","background-type":"","background-media":"","overlay-type":"","overlay-color":"","overlay-gradient":""}},"footnotes":""},"categories":[18397],"tags":[85462,40623,58057,709,85463,83688],"class_list":["post-30413","post","type-post","status-publish","format-standard","hentry","category-pontificia-comillas","tag-javier-reneses-guillen","tag-jose-carpio-ibanez","tag-julian-barquin-gil","tag-julio-segura-sanchez","tag-ortuno-sanchez-maria-teresa","tag-rivier-abbad-michel-luis"],"_links":{"self":[{"href":"https:\/\/www.deberes.net\/tesis\/wp-json\/wp\/v2\/posts\/30413","targetHints":{"allow":["GET"]}}],"collection":[{"href":"https:\/\/www.deberes.net\/tesis\/wp-json\/wp\/v2\/posts"}],"about":[{"href":"https:\/\/www.deberes.net\/tesis\/wp-json\/wp\/v2\/types\/post"}],"author":[{"embeddable":true,"href":"https:\/\/www.deberes.net\/tesis\/wp-json\/wp\/v2\/users\/1"}],"replies":[{"embeddable":true,"href":"https:\/\/www.deberes.net\/tesis\/wp-json\/wp\/v2\/comments?post=30413"}],"version-history":[{"count":0,"href":"https:\/\/www.deberes.net\/tesis\/wp-json\/wp\/v2\/posts\/30413\/revisions"}],"wp:attachment":[{"href":"https:\/\/www.deberes.net\/tesis\/wp-json\/wp\/v2\/media?parent=30413"}],"wp:term":[{"taxonomy":"category","embeddable":true,"href":"https:\/\/www.deberes.net\/tesis\/wp-json\/wp\/v2\/categories?post=30413"},{"taxonomy":"post_tag","embeddable":true,"href":"https:\/\/www.deberes.net\/tesis\/wp-json\/wp\/v2\/tags?post=30413"}],"curies":[{"name":"wp","href":"https:\/\/api.w.org\/{rel}","templated":true}]}}