{"id":30457,"date":"2004-02-06T00:00:00","date_gmt":"2004-02-06T00:00:00","guid":{"rendered":"https:\/\/www.deberes.net\/tesis\/sin-categoria\/verificacion-de-factores-de-riesgo-para-el-carcinoma-escamoso-de-labio\/"},"modified":"2004-02-06T00:00:00","modified_gmt":"2004-02-06T00:00:00","slug":"verificacion-de-factores-de-riesgo-para-el-carcinoma-escamoso-de-labio","status":"publish","type":"post","link":"https:\/\/www.deberes.net\/tesis\/sin-categoria\/verificacion-de-factores-de-riesgo-para-el-carcinoma-escamoso-de-labio\/","title":{"rendered":"Verificaci\u00f3n de factores de riesgo para el carcinoma escamoso de labio"},"content":{"rendered":"<h2>Tesis doctoral de <strong> Jorge Caubet Biayna <\/strong><\/h2>\n<p>Las tasas de c\u00e1ncer de labio en hombres durante el periodo 1993-1996 en mallorca se situaron entre las m\u00e1s altas de europa (tasas ajustadas: 8.1 por 100.000). Entre los a\u00f1os 1997-1998 se realiz\u00f3 un estudio caso-control, sobre 29 pacientes diagnosticados  histol\u00f3gicamente de carcinoma escamoso de labio y 58 controles  apareados por edad +- 5 a\u00f1os, sexo y residencia, con objeto de estudiar e identificar los factores de riesgo relacionados con el c\u00e1ncer de labio (cl). Hallamos asociaci\u00f3n significativa con el pelo pelirrojo (or= 3.3; 95%ci: 1.2-9.4), ojos de color azul (or=2.9; 95%ic: 1.0-8.1), piel clara (or=2.7;95%ci: 1.1-6.8), sensibilidad al sol (or=3.2; 95%ci: 1.2-8.4), coexistencia de lesiones cut\u00e1neomucosas en zonas expuestas al sol (or=7.9; 95% ci:2.9-21.6), exposici\u00f3n solar mayor 6h al d\u00eda (or=6.8; 95%ci: 2.3-20.3) y ocupaci\u00f3n de riesgo (or=9.1; 95%ci: 3.0-27.5). Se detect\u00f3 interacci\u00f3n entre la exposici\u00f3n solar y la coexistencia de lesiones cut\u00e1neomucosas en zonas expuestas al sol (or=11.9; 95%ci: 4.0-35.4).  a los 5 a\u00f1os se revis\u00f3 al grupo de los casos observando una supervivencia general del 89,6% y la supervivencia libre de enfermedad a los cinco a\u00f1os del 96,5%.  tambi\u00e9n fue revisada, a los 5 a\u00f1os, la funcionalidad y repercusi\u00f3n est\u00e1tica de la t\u00e9cnica quir\u00fargica empleada, obteniendo en un 85% de los casos funcionalidad del esf\u00ednter labial puntuada como correcta y resultados est\u00e9ticos puntuados como correctos en un 75% de los pacientes.<\/p>\n<p>&nbsp;<\/p>\n<h3>Datos acad\u00e9micos de la tesis doctoral \u00ab<strong>Verificaci\u00f3n de factores de riesgo para el carcinoma escamoso de labio<\/strong>\u00ab<\/h3>\n<ul>\n<li><strong>T\u00edtulo de la tesis:<\/strong>\u00a0 Verificaci\u00f3n de factores de riesgo para el carcinoma escamoso de labio <\/li>\n<li><strong>Autor:<\/strong>\u00a0 Jorge Caubet Biayna <\/li>\n<li><strong>Universidad:<\/strong>\u00a0 Aut\u00f3noma de barcelona<\/li>\n<li><strong>Fecha de lectura de la tesis:<\/strong>\u00a0 02\/06\/2004<\/li>\n<\/ul>\n<p>&nbsp;<\/p>\n<h3>Direcci\u00f3n y tribunal<\/h3>\n<ul>\n<li><strong>Director de la tesis<\/strong>\n<ul>\n<li>Guillermo Raspall Mart\u00edn<\/li>\n<\/ul>\n<\/li>\n<li><strong>Tribunal<\/strong>\n<ul>\n<li>Presidente del tribunal: manuel Armengol carrasco <\/li>\n<li>enric Piferrer sanahuja (vocal)<\/li>\n<li>vicente Garc\u00eda patos (vocal)<\/li>\n<li>Javier Gonz\u00e1lez lagunas (vocal)<\/li>\n<\/ul>\n<\/li>\n<\/ul>\n<p>&nbsp;<\/p>\n","protected":false},"excerpt":{"rendered":"<p>Tesis doctoral de Jorge Caubet Biayna Las tasas de c\u00e1ncer de labio en hombres durante el periodo 1993-1996 en mallorca [&hellip;]<\/p>\n","protected":false},"author":1,"featured_media":0,"comment_status":"open","ping_status":"open","sticky":false,"template":"","format":"standard","meta":{"site-sidebar-layout":"default","site-content-layout":"","ast-site-content-layout":"","site-content-style":"default","site-sidebar-style":"default","ast-global-header-display":"","ast-banner-title-visibility":"","ast-main-header-display":"","ast-hfb-above-header-display":"","ast-hfb-below-header-display":"","ast-hfb-mobile-header-display":"","site-post-title":"","ast-breadcrumbs-content":"","ast-featured-img":"","footer-sml-layout":"","theme-transparent-header-meta":"","adv-header-id-meta":"","stick-header-meta":"","header-above-stick-meta":"","header-main-stick-meta":"","header-below-stick-meta":"","astra-migrate-meta-layouts":"default","ast-page-background-enabled":"default","ast-page-background-meta":{"desktop":{"background-color":"var(--ast-global-color-4)","background-image":"","background-repeat":"repeat","background-position":"center center","background-size":"auto","background-attachment":"scroll","background-type":"","background-media":"","overlay-type":"","overlay-color":"","overlay-gradient":""},"tablet":{"background-color":"","background-image":"","background-repeat":"repeat","background-position":"center center","background-size":"auto","background-attachment":"scroll","background-type":"","background-media":"","overlay-type":"","overlay-color":"","overlay-gradient":""},"mobile":{"background-color":"","background-image":"","background-repeat":"repeat","background-position":"center center","background-size":"auto","background-attachment":"scroll","background-type":"","background-media":"","overlay-type":"","overlay-color":"","overlay-gradient":""}},"ast-content-background-meta":{"desktop":{"background-color":"var(--ast-global-color-5)","background-image":"","background-repeat":"repeat","background-position":"center center","background-size":"auto","background-attachment":"scroll","background-type":"","background-media":"","overlay-type":"","overlay-color":"","overlay-gradient":""},"tablet":{"background-color":"var(--ast-global-color-5)","background-image":"","background-repeat":"repeat","background-position":"center center","background-size":"auto","background-attachment":"scroll","background-type":"","background-media":"","overlay-type":"","overlay-color":"","overlay-gradient":""},"mobile":{"background-color":"var(--ast-global-color-5)","background-image":"","background-repeat":"repeat","background-position":"center center","background-size":"auto","background-attachment":"scroll","background-type":"","background-media":"","overlay-type":"","overlay-color":"","overlay-gradient":""}},"footnotes":""},"categories":[1],"tags":[85564,64039,85566,85563,13950,85565],"class_list":["post-30457","post","type-post","status-publish","format-standard","hentry","category-sin-categoria","tag-enric-piferrer-sanahuja","tag-guillermo-raspall-martin","tag-javier-gonzalez-lagunas","tag-jorge-caubet-biayna","tag-manuel-armengol-carrasco","tag-vicente-garcia-patos"],"_links":{"self":[{"href":"https:\/\/www.deberes.net\/tesis\/wp-json\/wp\/v2\/posts\/30457","targetHints":{"allow":["GET"]}}],"collection":[{"href":"https:\/\/www.deberes.net\/tesis\/wp-json\/wp\/v2\/posts"}],"about":[{"href":"https:\/\/www.deberes.net\/tesis\/wp-json\/wp\/v2\/types\/post"}],"author":[{"embeddable":true,"href":"https:\/\/www.deberes.net\/tesis\/wp-json\/wp\/v2\/users\/1"}],"replies":[{"embeddable":true,"href":"https:\/\/www.deberes.net\/tesis\/wp-json\/wp\/v2\/comments?post=30457"}],"version-history":[{"count":0,"href":"https:\/\/www.deberes.net\/tesis\/wp-json\/wp\/v2\/posts\/30457\/revisions"}],"wp:attachment":[{"href":"https:\/\/www.deberes.net\/tesis\/wp-json\/wp\/v2\/media?parent=30457"}],"wp:term":[{"taxonomy":"category","embeddable":true,"href":"https:\/\/www.deberes.net\/tesis\/wp-json\/wp\/v2\/categories?post=30457"},{"taxonomy":"post_tag","embeddable":true,"href":"https:\/\/www.deberes.net\/tesis\/wp-json\/wp\/v2\/tags?post=30457"}],"curies":[{"name":"wp","href":"https:\/\/api.w.org\/{rel}","templated":true}]}}