{"id":30465,"date":"2004-03-06T00:00:00","date_gmt":"2004-03-06T00:00:00","guid":{"rendered":"https:\/\/www.deberes.net\/tesis\/sin-categoria\/sa%c2%adntesis-en-fase-solida-de-las-lamellarinas-q-o-y-analogos\/"},"modified":"2004-03-06T00:00:00","modified_gmt":"2004-03-06T00:00:00","slug":"sa%c2%adntesis-en-fase-solida-de-las-lamellarinas-q-o-y-analogos","status":"publish","type":"post","link":"https:\/\/www.deberes.net\/tesis\/barcelona\/sa%c2%adntesis-en-fase-solida-de-las-lamellarinas-q-o-y-analogos\/","title":{"rendered":"S\u00edntesis en fase s\u00f3lida de las lamellarinas q, o y an\u00e1logos"},"content":{"rendered":"<h2>Tesis doctoral de <strong> Marta Marfil S\u00e1nchez <\/strong><\/h2>\n<p>* se ha estudiado el anclaje y desanclaje de heterociclos nitrogenados sobre la resina benceno sulfonilo pero no se ha logrado el acoplamiento catalizado por pd sobre la posici\u00f3n 3 de 3-bromo-7-azaindol.  * se ha estudiado sin \u00e9xito la funcionalizaci\u00f3n de la resina clear en forma de clorometoximetilo (cmom).  * se ha conseguido la funcionalizaci\u00f3n de la resina meerifield-oh en forma de cmom en un 36% y se han anclado con \u00e9xito algunos heterociclos como fenoles, derivados del pirrol, derivados del indol y la 4-quinolona.  * se ha desarrollado una metodolog\u00eda en fase s\u00f3lida para la s\u00edntesis de sistemasdiaril-diazinadicarboxilato de metilo, precursores de un elevado n\u00famero de alcaloides derivados del pirrol que podr\u00eda ser utilizada para la obtenci\u00f3n de una librer\u00eda de este tipo de compuestos.  * se ha desarrollado la s\u00edntesis en fase s\u00f3lida de las lamellarinas q y o as\u00ed como de algunos de sus an\u00e1logos mediante reacciones catalizadas por pd.  * el ensayo de la lamellarina o y sus an\u00e1logos frente a distintas l\u00edneas celulares ha mostrado en todos los casos una actividad moderada sin haber encontrado un compuesto cuya actividad sea suficiente como para proseguir con otros estudios m\u00e1s avanzados.<\/p>\n<p>&nbsp;<\/p>\n<h3>Datos acad\u00e9micos de la tesis doctoral \u00ab<strong>S\u00edntesis en fase s\u00f3lida de las lamellarinas q, o y an\u00e1logos<\/strong>\u00ab<\/h3>\n<ul>\n<li><strong>T\u00edtulo de la tesis:<\/strong>\u00a0 S\u00edntesis en fase s\u00f3lida de las lamellarinas q, o y an\u00e1logos <\/li>\n<li><strong>Autor:<\/strong>\u00a0 Marta Marfil S\u00e1nchez <\/li>\n<li><strong>Universidad:<\/strong>\u00a0 Barcelona<\/li>\n<li><strong>Fecha de lectura de la tesis:<\/strong>\u00a0 03\/06\/2004<\/li>\n<\/ul>\n<p>&nbsp;<\/p>\n<h3>Direcci\u00f3n y tribunal<\/h3>\n<ul>\n<li><strong>Director de la tesis<\/strong>\n<ul>\n<li>Mercedes Alvarez Domingo<\/li>\n<\/ul>\n<\/li>\n<li><strong>Tribunal<\/strong>\n<ul>\n<li>Presidente del tribunal: ernest Giralt lledo <\/li>\n<li>rodolfo Lavilla grifols (vocal)<\/li>\n<li>muriel Amblard (vocal)<\/li>\n<li>miriam Royo exp\u00f3sito (vocal)<\/li>\n<\/ul>\n<\/li>\n<\/ul>\n<p>&nbsp;<\/p>\n","protected":false},"excerpt":{"rendered":"<p>Tesis doctoral de Marta Marfil S\u00e1nchez * se ha estudiado el anclaje y desanclaje de heterociclos nitrogenados sobre la resina [&hellip;]<\/p>\n","protected":false},"author":1,"featured_media":0,"comment_status":"open","ping_status":"open","sticky":false,"template":"","format":"standard","meta":{"site-sidebar-layout":"default","site-content-layout":"","ast-site-content-layout":"","site-content-style":"default","site-sidebar-style":"default","ast-global-header-display":"","ast-banner-title-visibility":"","ast-main-header-display":"","ast-hfb-above-header-display":"","ast-hfb-below-header-display":"","ast-hfb-mobile-header-display":"","site-post-title":"","ast-breadcrumbs-content":"","ast-featured-img":"","footer-sml-layout":"","theme-transparent-header-meta":"","adv-header-id-meta":"","stick-header-meta":"","header-above-stick-meta":"","header-main-stick-meta":"","header-below-stick-meta":"","astra-migrate-meta-layouts":"default","ast-page-background-enabled":"default","ast-page-background-meta":{"desktop":{"background-color":"var(--ast-global-color-4)","background-image":"","background-repeat":"repeat","background-position":"center center","background-size":"auto","background-attachment":"scroll","background-type":"","background-media":"","overlay-type":"","overlay-color":"","overlay-gradient":""},"tablet":{"background-color":"","background-image":"","background-repeat":"repeat","background-position":"center center","background-size":"auto","background-attachment":"scroll","background-type":"","background-media":"","overlay-type":"","overlay-color":"","overlay-gradient":""},"mobile":{"background-color":"","background-image":"","background-repeat":"repeat","background-position":"center center","background-size":"auto","background-attachment":"scroll","background-type":"","background-media":"","overlay-type":"","overlay-color":"","overlay-gradient":""}},"ast-content-background-meta":{"desktop":{"background-color":"var(--ast-global-color-5)","background-image":"","background-repeat":"repeat","background-position":"center center","background-size":"auto","background-attachment":"scroll","background-type":"","background-media":"","overlay-type":"","overlay-color":"","overlay-gradient":""},"tablet":{"background-color":"var(--ast-global-color-5)","background-image":"","background-repeat":"repeat","background-position":"center center","background-size":"auto","background-attachment":"scroll","background-type":"","background-media":"","overlay-type":"","overlay-color":"","overlay-gradient":""},"mobile":{"background-color":"var(--ast-global-color-5)","background-image":"","background-repeat":"repeat","background-position":"center center","background-size":"auto","background-attachment":"scroll","background-type":"","background-media":"","overlay-type":"","overlay-color":"","overlay-gradient":""}},"footnotes":""},"categories":[951,1412],"tags":[1100,85584,33523,1098,85586,85585],"class_list":["post-30465","post","type-post","status-publish","format-standard","hentry","category-barcelona","category-compuestos-heterociclicos","tag-ernest-giralt-lledo","tag-marta-marfil-sanchez","tag-mercedes-alvarez-domingo","tag-miriam-royo-exposito","tag-muriel-amblard","tag-rodolfo-lavilla-grifols"],"_links":{"self":[{"href":"https:\/\/www.deberes.net\/tesis\/wp-json\/wp\/v2\/posts\/30465","targetHints":{"allow":["GET"]}}],"collection":[{"href":"https:\/\/www.deberes.net\/tesis\/wp-json\/wp\/v2\/posts"}],"about":[{"href":"https:\/\/www.deberes.net\/tesis\/wp-json\/wp\/v2\/types\/post"}],"author":[{"embeddable":true,"href":"https:\/\/www.deberes.net\/tesis\/wp-json\/wp\/v2\/users\/1"}],"replies":[{"embeddable":true,"href":"https:\/\/www.deberes.net\/tesis\/wp-json\/wp\/v2\/comments?post=30465"}],"version-history":[{"count":0,"href":"https:\/\/www.deberes.net\/tesis\/wp-json\/wp\/v2\/posts\/30465\/revisions"}],"wp:attachment":[{"href":"https:\/\/www.deberes.net\/tesis\/wp-json\/wp\/v2\/media?parent=30465"}],"wp:term":[{"taxonomy":"category","embeddable":true,"href":"https:\/\/www.deberes.net\/tesis\/wp-json\/wp\/v2\/categories?post=30465"},{"taxonomy":"post_tag","embeddable":true,"href":"https:\/\/www.deberes.net\/tesis\/wp-json\/wp\/v2\/tags?post=30465"}],"curies":[{"name":"wp","href":"https:\/\/api.w.org\/{rel}","templated":true}]}}