{"id":3048,"date":"1994-01-01T00:00:00","date_gmt":"1994-01-01T00:00:00","guid":{"rendered":"https:\/\/www.deberes.net\/tesis\/1994\/01\/01\/la-lengua-en-la-novela-espanola-de-la-restauracion-decimononica\/"},"modified":"1994-01-01T00:00:00","modified_gmt":"1994-01-01T00:00:00","slug":"la-lengua-en-la-novela-espanola-de-la-restauracion-decimononica","status":"publish","type":"post","link":"https:\/\/www.deberes.net\/tesis\/linguistica\/la-lengua-en-la-novela-espanola-de-la-restauracion-decimononica\/","title":{"rendered":"La lengua en la novela espa\u00f1ola de la restauracion decimononica"},"content":{"rendered":"<h2>Tesis doctoral de <strong> Rafael Rodr\u00edguez Mar\u00edn <\/strong><\/h2>\n<p>Los narradores cuya obra da lugar a la gran novela del siglo xix (coincidente cronologicamente con los limites de la restauracion monarquica en el ultimo cuarto de la centuria) le dan especial relevancia a la variacion linguistica motivada por factores diatopicos, diastraticos y diafasicos. Usos verbales caracteristicos de cada una de estas formas de variacion son empleados por los distintos autores como elemento caracterizador, voluntariamente elegido, para definir los ambientes descritos, las situaciones narradas y, sobre todo, los personajes presentados, objeto muchas veces de retratos verbales especificos.  los novelistas de la restauracion decimononica, sin ser los primeros ni, desde luego, los unicos que utilizan la variacion linguistica como procedimiento caracterizador, son los primeros que, salvo excepciones muy justificables, la emplean de modo consciente y sistematico en sus obras de ficcion.  mediante estos usos verbales, los narradores que escriben durante esta epoca pretenden contribuir a la construccion del retrato fiel, verosimil, de la realidad, presentando a esta con toda su complejidad. Logran asi una completisima representacion verbal de la sociedad espa\u00f1ola del ultimo cuarto del siglo xix.<\/p>\n<p>&nbsp;<\/p>\n<h3>Datos acad\u00e9micos de la tesis doctoral \u00ab<strong>La lengua en la novela espa\u00f1ola de la restauracion decimononica<\/strong>\u00ab<\/h3>\n<ul>\n<li><strong>T\u00edtulo de la tesis:<\/strong>\u00a0 La lengua en la novela espa\u00f1ola de la restauracion decimononica <\/li>\n<li><strong>Autor:<\/strong>\u00a0 Rafael Rodr\u00edguez Mar\u00edn <\/li>\n<li><strong>Universidad:<\/strong>\u00a0 Valladolid<\/li>\n<li><strong>Fecha de lectura de la tesis:<\/strong>\u00a0 01\/01\/1994<\/li>\n<\/ul>\n<p>&nbsp;<\/p>\n<h3>Direcci\u00f3n y tribunal<\/h3>\n<ul>\n<li><strong>Director de la tesis<\/strong>\n<ul>\n<li> Granda Gutierrez German De<\/li>\n<\/ul>\n<\/li>\n<li><strong>Tribunal<\/strong>\n<ul>\n<li>Presidente del tribunal: Emilio Ridruejo Alonso <\/li>\n<li>Manuel Seco Reymundo (vocal)<\/li>\n<li> Pascual Martinez Jos\u00e9 Antonio (vocal)<\/li>\n<li>Ram\u00f3n Sarmiento Gonz\u00e1lez (vocal)<\/li>\n<\/ul>\n<\/li>\n<\/ul>\n<p>&nbsp;<\/p>\n","protected":false},"excerpt":{"rendered":"<p>Tesis doctoral de Rafael Rodr\u00edguez Mar\u00edn Los narradores cuya obra da lugar a la gran novela del siglo xix (coincidente [&hellip;]<\/p>\n","protected":false},"author":1,"featured_media":0,"comment_status":"open","ping_status":"open","sticky":false,"template":"","format":"standard","meta":{"site-sidebar-layout":"default","site-content-layout":"","ast-site-content-layout":"","site-content-style":"default","site-sidebar-style":"default","ast-global-header-display":"","ast-banner-title-visibility":"","ast-main-header-display":"","ast-hfb-above-header-display":"","ast-hfb-below-header-display":"","ast-hfb-mobile-header-display":"","site-post-title":"","ast-breadcrumbs-content":"","ast-featured-img":"","footer-sml-layout":"","theme-transparent-header-meta":"","adv-header-id-meta":"","stick-header-meta":"","header-above-stick-meta":"","header-main-stick-meta":"","header-below-stick-meta":"","astra-migrate-meta-layouts":"default","ast-page-background-enabled":"default","ast-page-background-meta":{"desktop":{"background-color":"var(--ast-global-color-4)","background-image":"","background-repeat":"repeat","background-position":"center center","background-size":"auto","background-attachment":"scroll","background-type":"","background-media":"","overlay-type":"","overlay-color":"","overlay-gradient":""},"tablet":{"background-color":"","background-image":"","background-repeat":"repeat","background-position":"center center","background-size":"auto","background-attachment":"scroll","background-type":"","background-media":"","overlay-type":"","overlay-color":"","overlay-gradient":""},"mobile":{"background-color":"","background-image":"","background-repeat":"repeat","background-position":"center center","background-size":"auto","background-attachment":"scroll","background-type":"","background-media":"","overlay-type":"","overlay-color":"","overlay-gradient":""}},"ast-content-background-meta":{"desktop":{"background-color":"var(--ast-global-color-5)","background-image":"","background-repeat":"repeat","background-position":"center center","background-size":"auto","background-attachment":"scroll","background-type":"","background-media":"","overlay-type":"","overlay-color":"","overlay-gradient":""},"tablet":{"background-color":"var(--ast-global-color-5)","background-image":"","background-repeat":"repeat","background-position":"center center","background-size":"auto","background-attachment":"scroll","background-type":"","background-media":"","overlay-type":"","overlay-color":"","overlay-gradient":""},"mobile":{"background-color":"var(--ast-global-color-5)","background-image":"","background-repeat":"repeat","background-position":"center center","background-size":"auto","background-attachment":"scroll","background-type":"","background-media":"","overlay-type":"","overlay-color":"","overlay-gradient":""}},"footnotes":""},"categories":[636,59,60,12451],"tags":[12598,12830,12831,12832,12829,6417],"class_list":["post-3048","post","type-post","status-publish","format-standard","hentry","category-lengua-y-literatura","category-linguistica","category-linguistica-aplicada","category-valladolid","tag-emilio-ridruejo-alonso","tag-granda-gutierrez-german-de","tag-manuel-seco-reymundo","tag-pascual-Martinez-jose-antonio","tag-rafael-rodriguez-marin","tag-ramon-sarmiento-gonzalez"],"_links":{"self":[{"href":"https:\/\/www.deberes.net\/tesis\/wp-json\/wp\/v2\/posts\/3048","targetHints":{"allow":["GET"]}}],"collection":[{"href":"https:\/\/www.deberes.net\/tesis\/wp-json\/wp\/v2\/posts"}],"about":[{"href":"https:\/\/www.deberes.net\/tesis\/wp-json\/wp\/v2\/types\/post"}],"author":[{"embeddable":true,"href":"https:\/\/www.deberes.net\/tesis\/wp-json\/wp\/v2\/users\/1"}],"replies":[{"embeddable":true,"href":"https:\/\/www.deberes.net\/tesis\/wp-json\/wp\/v2\/comments?post=3048"}],"version-history":[{"count":0,"href":"https:\/\/www.deberes.net\/tesis\/wp-json\/wp\/v2\/posts\/3048\/revisions"}],"wp:attachment":[{"href":"https:\/\/www.deberes.net\/tesis\/wp-json\/wp\/v2\/media?parent=3048"}],"wp:term":[{"taxonomy":"category","embeddable":true,"href":"https:\/\/www.deberes.net\/tesis\/wp-json\/wp\/v2\/categories?post=3048"},{"taxonomy":"post_tag","embeddable":true,"href":"https:\/\/www.deberes.net\/tesis\/wp-json\/wp\/v2\/tags?post=3048"}],"curies":[{"name":"wp","href":"https:\/\/api.w.org\/{rel}","templated":true}]}}