{"id":30553,"date":"2004-07-06T00:00:00","date_gmt":"2004-07-06T00:00:00","guid":{"rendered":"https:\/\/www.deberes.net\/tesis\/sin-categoria\/la-violencia-contra-las-mujeres-en-el-espacio-discursivo-publico\/"},"modified":"2004-07-06T00:00:00","modified_gmt":"2004-07-06T00:00:00","slug":"la-violencia-contra-las-mujeres-en-el-espacio-discursivo-publico","status":"publish","type":"post","link":"https:\/\/www.deberes.net\/tesis\/alicante\/la-violencia-contra-las-mujeres-en-el-espacio-discursivo-publico\/","title":{"rendered":"La violencia contra las mujeres en el espacio discursivo p\u00fablico"},"content":{"rendered":"<h2>Tesis doctoral de <strong> Mar\u00eda Del Carmen Vives Cases <\/strong><\/h2>\n<p>Es un trabajo de investigaci\u00f3n sobre la &#8211;, mantenimiento y consecuencias de la violencia contra las mujeres en la pareja en dos \u00e1mbitos de reconocida relevancia social. Las instituciones pol\u00edticas y los medios de comunicaci\u00f3n.  objetivo  explorar la construcci\u00f3n de la violencia contra las mujeres como problema social.  metodolog\u00eda  entrevistas a diputadas y senadores; an\u00e1lisis de contenido cuantitativo de noticias de prensa y actas de sesiones parlamentarias; y, tendencias de denuncias y muertes por esta causa.  resultados  la emergencia del tema en la agenda pol\u00edtica espa\u00f1ola fue descrita por los entrevistados como consecuencia de la acci\u00f3n de grupos feministas y pol\u00edticas y la creciente cobertura period\u00edstica.  su presencia como tema de noticia y debate pol\u00edtico ha sido creciente entre 1997-2001, destaca la eficacia de las medidas con respecto al &#8212; de las denuncias y su efecto cero sobre las muertes de mujeres.<\/p>\n<p>&nbsp;<\/p>\n<h3>Datos acad\u00e9micos de la tesis doctoral \u00ab<strong>La violencia contra las mujeres en el espacio discursivo p\u00fablico<\/strong>\u00ab<\/h3>\n<ul>\n<li><strong>T\u00edtulo de la tesis:<\/strong>\u00a0 La violencia contra las mujeres en el espacio discursivo p\u00fablico <\/li>\n<li><strong>Autor:<\/strong>\u00a0 Mar\u00eda Del Carmen Vives Cases <\/li>\n<li><strong>Universidad:<\/strong>\u00a0 Alicante<\/li>\n<li><strong>Fecha de lectura de la tesis:<\/strong>\u00a0 07\/06\/2004<\/li>\n<\/ul>\n<p>&nbsp;<\/p>\n<h3>Direcci\u00f3n y tribunal<\/h3>\n<ul>\n<li><strong>Director de la tesis<\/strong>\n<ul>\n<li> Frav Llinares  M. Jos\u00e9<\/li>\n<\/ul>\n<\/li>\n<li><strong>Tribunal<\/strong>\n<ul>\n<li>Presidente del tribunal: rosa Ballester a\u00f1on <\/li>\n<li>esteban L\u00f3pez escobar (vocal)<\/li>\n<li>Jos\u00e9 Mar\u00eda Tortosa blasco (vocal)<\/li>\n<li>M\u00aa Jos\u00e9 Gonz\u00e1lez r\u00edo (vocal)<\/li>\n<\/ul>\n<\/li>\n<\/ul>\n<p>&nbsp;<\/p>\n","protected":false},"excerpt":{"rendered":"<p>Tesis doctoral de Mar\u00eda Del Carmen Vives Cases Es un trabajo de investigaci\u00f3n sobre la &#8211;, mantenimiento y consecuencias de [&hellip;]<\/p>\n","protected":false},"author":1,"featured_media":0,"comment_status":"open","ping_status":"open","sticky":false,"template":"","format":"standard","meta":{"site-sidebar-layout":"default","site-content-layout":"","ast-site-content-layout":"","site-content-style":"default","site-sidebar-style":"default","ast-global-header-display":"","ast-banner-title-visibility":"","ast-main-header-display":"","ast-hfb-above-header-display":"","ast-hfb-below-header-display":"","ast-hfb-mobile-header-display":"","site-post-title":"","ast-breadcrumbs-content":"","ast-featured-img":"","footer-sml-layout":"","theme-transparent-header-meta":"","adv-header-id-meta":"","stick-header-meta":"","header-above-stick-meta":"","header-main-stick-meta":"","header-below-stick-meta":"","astra-migrate-meta-layouts":"default","ast-page-background-enabled":"default","ast-page-background-meta":{"desktop":{"background-color":"var(--ast-global-color-4)","background-image":"","background-repeat":"repeat","background-position":"center center","background-size":"auto","background-attachment":"scroll","background-type":"","background-media":"","overlay-type":"","overlay-color":"","overlay-gradient":""},"tablet":{"background-color":"","background-image":"","background-repeat":"repeat","background-position":"center center","background-size":"auto","background-attachment":"scroll","background-type":"","background-media":"","overlay-type":"","overlay-color":"","overlay-gradient":""},"mobile":{"background-color":"","background-image":"","background-repeat":"repeat","background-position":"center center","background-size":"auto","background-attachment":"scroll","background-type":"","background-media":"","overlay-type":"","overlay-color":"","overlay-gradient":""}},"ast-content-background-meta":{"desktop":{"background-color":"var(--ast-global-color-5)","background-image":"","background-repeat":"repeat","background-position":"center center","background-size":"auto","background-attachment":"scroll","background-type":"","background-media":"","overlay-type":"","overlay-color":"","overlay-gradient":""},"tablet":{"background-color":"var(--ast-global-color-5)","background-image":"","background-repeat":"repeat","background-position":"center center","background-size":"auto","background-attachment":"scroll","background-type":"","background-media":"","overlay-type":"","overlay-color":"","overlay-gradient":""},"mobile":{"background-color":"var(--ast-global-color-5)","background-image":"","background-repeat":"repeat","background-position":"center center","background-size":"auto","background-attachment":"scroll","background-type":"","background-media":"","overlay-type":"","overlay-color":"","overlay-gradient":""}},"footnotes":""},"categories":[19166],"tags":[23764,85786,24026,85785,33181,8427],"class_list":["post-30553","post","type-post","status-publish","format-standard","hentry","category-alicante","tag-esteban-lopez-escobar","tag-frav-llinares-m-jose","tag-jose-maria-tortosa-blasco","tag-maria-del-carmen-vives-cases","tag-ma-jose-gonzalez-rio","tag-rosa-ballester-anon"],"_links":{"self":[{"href":"https:\/\/www.deberes.net\/tesis\/wp-json\/wp\/v2\/posts\/30553","targetHints":{"allow":["GET"]}}],"collection":[{"href":"https:\/\/www.deberes.net\/tesis\/wp-json\/wp\/v2\/posts"}],"about":[{"href":"https:\/\/www.deberes.net\/tesis\/wp-json\/wp\/v2\/types\/post"}],"author":[{"embeddable":true,"href":"https:\/\/www.deberes.net\/tesis\/wp-json\/wp\/v2\/users\/1"}],"replies":[{"embeddable":true,"href":"https:\/\/www.deberes.net\/tesis\/wp-json\/wp\/v2\/comments?post=30553"}],"version-history":[{"count":0,"href":"https:\/\/www.deberes.net\/tesis\/wp-json\/wp\/v2\/posts\/30553\/revisions"}],"wp:attachment":[{"href":"https:\/\/www.deberes.net\/tesis\/wp-json\/wp\/v2\/media?parent=30553"}],"wp:term":[{"taxonomy":"category","embeddable":true,"href":"https:\/\/www.deberes.net\/tesis\/wp-json\/wp\/v2\/categories?post=30553"},{"taxonomy":"post_tag","embeddable":true,"href":"https:\/\/www.deberes.net\/tesis\/wp-json\/wp\/v2\/tags?post=30553"}],"curies":[{"name":"wp","href":"https:\/\/api.w.org\/{rel}","templated":true}]}}