{"id":30577,"date":"2004-07-06T00:00:00","date_gmt":"2004-07-06T00:00:00","guid":{"rendered":"https:\/\/www.deberes.net\/tesis\/sin-categoria\/funciones-de-compra-asociados-al-sector-maritimo-sobre-plataformas-de-comercio-electronico\/"},"modified":"2004-07-06T00:00:00","modified_gmt":"2004-07-06T00:00:00","slug":"funciones-de-compra-asociados-al-sector-maritimo-sobre-plataformas-de-comercio-electronico","status":"publish","type":"post","link":"https:\/\/www.deberes.net\/tesis\/a-coruna\/funciones-de-compra-asociados-al-sector-maritimo-sobre-plataformas-de-comercio-electronico\/","title":{"rendered":"Funciones de compra asociados al sector maritimo sobre plataformas de comercio electronico"},"content":{"rendered":"<h2>Tesis doctoral de <strong>  Moral Lacarcel Jorge  Del <\/strong><\/h2>\n<p>En la tesis se aborda el desarrollo de un modelo basado en la t\u00e9cnica de las matices de decisi\u00f3n para facilitar el posicionamiento de las empresas de los sectores naval y mar\u00edtimo en los mercados electr\u00f3nicos, fundamentalmente en sus decisiones de compras.  la estructura del trabajo consta de los siguientes apartados b\u00e1sicos:  &#8211; captura de datos procedentes de publicaciones especializadas y consultor\u00eda tecnol\u00f3gica en comercio electr\u00f3nico, estudio de la presencia empresarial en internet y de experiencias reales.  &#8211; definici\u00f3n de modelos de negocios business to business bb que reflejan todas las actividades posibles de comercio electr\u00f3nico entre empresas.  &#8211; an\u00e1lisis de desempe\u00f1os en entornos b2b  &#8211; identificaci\u00f3n de las caracter\u00edsticas propias de los sectores mar\u00edtimo y naval  &#8211; estudio del estado del arte en comercio electr\u00f3nico en los sectores de la industria mar\u00edtima y naval.  &#8211; generaci\u00f3n de un modelo de posicionamiento para las empresas de los sectores estudiados, y conclusiones sobre las tendencias futuras en la funci\u00f3n de compras en el \u00e1mbito del comercio electr\u00f3nico.<\/p>\n<p>&nbsp;<\/p>\n<h3>Datos acad\u00e9micos de la tesis doctoral \u00ab<strong>Funciones de compra asociados al sector maritimo sobre plataformas de comercio electronico<\/strong>\u00ab<\/h3>\n<ul>\n<li><strong>T\u00edtulo de la tesis:<\/strong>\u00a0 Funciones de compra asociados al sector maritimo sobre plataformas de comercio electronico <\/li>\n<li><strong>Autor:<\/strong>\u00a0  Moral Lacarcel Jorge  Del <\/li>\n<li><strong>Universidad:<\/strong>\u00a0 A coru\u00f1a<\/li>\n<li><strong>Fecha de lectura de la tesis:<\/strong>\u00a0 07\/06\/2004<\/li>\n<\/ul>\n<p>&nbsp;<\/p>\n<h3>Direcci\u00f3n y tribunal<\/h3>\n<ul>\n<li><strong>Director de la tesis<\/strong>\n<ul>\n<li> Moral Hernandez Francisco JavierDel<\/li>\n<\/ul>\n<\/li>\n<li><strong>Tribunal<\/strong>\n<ul>\n<li>Presidente del tribunal: alfonso Garcia ascaso <\/li>\n<li>Emilio Eguia lopez (vocal)<\/li>\n<li>alejandro Mira monerris (vocal)<\/li>\n<li> Benito ortega Juli\u00e1n de (vocal)<\/li>\n<\/ul>\n<\/li>\n<\/ul>\n<p>&nbsp;<\/p>\n","protected":false},"excerpt":{"rendered":"<p>Tesis doctoral de Moral Lacarcel Jorge Del En la tesis se aborda el desarrollo de un modelo basado en la [&hellip;]<\/p>\n","protected":false},"author":1,"featured_media":0,"comment_status":"open","ping_status":"open","sticky":false,"template":"","format":"standard","meta":{"site-sidebar-layout":"default","site-content-layout":"","ast-site-content-layout":"","site-content-style":"default","site-sidebar-style":"default","ast-global-header-display":"","ast-banner-title-visibility":"","ast-main-header-display":"","ast-hfb-above-header-display":"","ast-hfb-below-header-display":"","ast-hfb-mobile-header-display":"","site-post-title":"","ast-breadcrumbs-content":"","ast-featured-img":"","footer-sml-layout":"","theme-transparent-header-meta":"","adv-header-id-meta":"","stick-header-meta":"","header-above-stick-meta":"","header-main-stick-meta":"","header-below-stick-meta":"","astra-migrate-meta-layouts":"default","ast-page-background-enabled":"default","ast-page-background-meta":{"desktop":{"background-color":"var(--ast-global-color-4)","background-image":"","background-repeat":"repeat","background-position":"center center","background-size":"auto","background-attachment":"scroll","background-type":"","background-media":"","overlay-type":"","overlay-color":"","overlay-gradient":""},"tablet":{"background-color":"","background-image":"","background-repeat":"repeat","background-position":"center center","background-size":"auto","background-attachment":"scroll","background-type":"","background-media":"","overlay-type":"","overlay-color":"","overlay-gradient":""},"mobile":{"background-color":"","background-image":"","background-repeat":"repeat","background-position":"center center","background-size":"auto","background-attachment":"scroll","background-type":"","background-media":"","overlay-type":"","overlay-color":"","overlay-gradient":""}},"ast-content-background-meta":{"desktop":{"background-color":"var(--ast-global-color-5)","background-image":"","background-repeat":"repeat","background-position":"center center","background-size":"auto","background-attachment":"scroll","background-type":"","background-media":"","overlay-type":"","overlay-color":"","overlay-gradient":""},"tablet":{"background-color":"var(--ast-global-color-5)","background-image":"","background-repeat":"repeat","background-position":"center center","background-size":"auto","background-attachment":"scroll","background-type":"","background-media":"","overlay-type":"","overlay-color":"","overlay-gradient":""},"mobile":{"background-color":"var(--ast-global-color-5)","background-image":"","background-repeat":"repeat","background-position":"center center","background-size":"auto","background-attachment":"scroll","background-type":"","background-media":"","overlay-type":"","overlay-color":"","overlay-gradient":""}},"footnotes":""},"categories":[18576],"tags":[16223,30853,30854,10060,54058,85841],"class_list":["post-30577","post","type-post","status-publish","format-standard","hentry","category-a-coruna","tag-alejandro-mira-monerris","tag-alfonso-garcia-ascaso","tag-benito-ortega-julian-de","tag-emilio-eguia-lopez","tag-moral-hernandez-francisco-javierdel","tag-moral-lacarcel-jorge-del"],"_links":{"self":[{"href":"https:\/\/www.deberes.net\/tesis\/wp-json\/wp\/v2\/posts\/30577","targetHints":{"allow":["GET"]}}],"collection":[{"href":"https:\/\/www.deberes.net\/tesis\/wp-json\/wp\/v2\/posts"}],"about":[{"href":"https:\/\/www.deberes.net\/tesis\/wp-json\/wp\/v2\/types\/post"}],"author":[{"embeddable":true,"href":"https:\/\/www.deberes.net\/tesis\/wp-json\/wp\/v2\/users\/1"}],"replies":[{"embeddable":true,"href":"https:\/\/www.deberes.net\/tesis\/wp-json\/wp\/v2\/comments?post=30577"}],"version-history":[{"count":0,"href":"https:\/\/www.deberes.net\/tesis\/wp-json\/wp\/v2\/posts\/30577\/revisions"}],"wp:attachment":[{"href":"https:\/\/www.deberes.net\/tesis\/wp-json\/wp\/v2\/media?parent=30577"}],"wp:term":[{"taxonomy":"category","embeddable":true,"href":"https:\/\/www.deberes.net\/tesis\/wp-json\/wp\/v2\/categories?post=30577"},{"taxonomy":"post_tag","embeddable":true,"href":"https:\/\/www.deberes.net\/tesis\/wp-json\/wp\/v2\/tags?post=30577"}],"curies":[{"name":"wp","href":"https:\/\/api.w.org\/{rel}","templated":true}]}}