{"id":30603,"date":"2004-08-06T00:00:00","date_gmt":"2004-08-06T00:00:00","guid":{"rendered":"https:\/\/www.deberes.net\/tesis\/sin-categoria\/una-nueva-medida-del-experienciar\/"},"modified":"2004-08-06T00:00:00","modified_gmt":"2004-08-06T00:00:00","slug":"una-nueva-medida-del-experienciar","status":"publish","type":"post","link":"https:\/\/www.deberes.net\/tesis\/pontificia-comillas\/una-nueva-medida-del-experienciar\/","title":{"rendered":"Una nueva medida del experienciar"},"content":{"rendered":"<h2>Tesis doctoral de <strong> Enrique Pablo Aguilar Pe\u00f1as <\/strong><\/h2>\n<p>El concepto de \u00abexperiencing\u00bb (gendlin y zimring, 1955; gendlin, 1958, 1962) lo traducimos por \u00abexperienciar\u00bb, y trata acerca del  proceso de simbolizaci\u00f3n de los significados sentidos que est\u00e1n impl\u00edcitos en vivenciar eventos. Klein, mathieu, gendlin y kiesler  (1969) crean la \u00abexperiencing scale\u00bb (\u00abescala experiencial\u00bb), que concreta en las manifestaciones verbales del comunicante una  medida operativa de 7 niveles (\u00abstages\u00bb). Gendlin, apoyado en varias investigaciones, considera esta escala relacionada con el  cambio terap\u00e9utico. La escala experiencial presenta problemas de correcci\u00f3n compleja y algunas decisiones metodol\u00f3gicas  discutibles. Para evitarlos, creamos un test experiencial (aguilar, 2004), con \u00edtems de autoubicaci\u00f3n en los niveles experienciales.  el test pasa por un proceso de fiabilidad, an\u00e1lisis de \u00edtems y validez, con una muestra (n=386). Se explora su estructura factorial y  relaci\u00f3n con las variables de personalidad de eysenck y eysenck, a trav\u00e9s del epq-r, con una segunda muestra (n=129). Se  encuentran los factores de \u00abexperienciaci\u00f3n verbal\u00bb, \u00aban\u00e1lisis exploratorio\u00bb y \u00abcomunicaci\u00f3n en confianza\u00bb. La discriminaci\u00f3n entre  los niveles experienciales fue mayor en personas con neuroticismo medio y alto, y mucho m\u00e1s en mujeres que en hombres. Sin  relaci\u00f3n con la edad de la muestra ni el resto del epq-r.<\/p>\n<p>&nbsp;<\/p>\n<h3>Datos acad\u00e9micos de la tesis doctoral \u00ab<strong>Una nueva medida del experienciar<\/strong>\u00ab<\/h3>\n<ul>\n<li><strong>T\u00edtulo de la tesis:<\/strong>\u00a0 Una nueva medida del experienciar <\/li>\n<li><strong>Autor:<\/strong>\u00a0 Enrique Pablo Aguilar Pe\u00f1as <\/li>\n<li><strong>Universidad:<\/strong>\u00a0 Pontificia comillas<\/li>\n<li><strong>Fecha de lectura de la tesis:<\/strong>\u00a0 08\/06\/2004<\/li>\n<\/ul>\n<p>&nbsp;<\/p>\n<h3>Direcci\u00f3n y tribunal<\/h3>\n<ul>\n<li><strong>Director de la tesis<\/strong>\n<ul>\n<li>Carlos Alemany Briz<\/li>\n<\/ul>\n<\/li>\n<li><strong>Tribunal<\/strong>\n<ul>\n<li>Presidente del tribunal: Jos\u00e9 Mar\u00eda Gondra rezola <\/li>\n<li>monica Rodriguez zafra (vocal)<\/li>\n<li> Mateu marques Mar\u00eda  del carmen (vocal)<\/li>\n<li>Luis Lopez-yarto elizalde (vocal)<\/li>\n<\/ul>\n<\/li>\n<\/ul>\n<p>&nbsp;<\/p>\n","protected":false},"excerpt":{"rendered":"<p>Tesis doctoral de Enrique Pablo Aguilar Pe\u00f1as El concepto de \u00abexperiencing\u00bb (gendlin y zimring, 1955; gendlin, 1958, 1962) lo traducimos [&hellip;]<\/p>\n","protected":false},"author":1,"featured_media":0,"comment_status":"open","ping_status":"open","sticky":false,"template":"","format":"standard","meta":{"site-sidebar-layout":"default","site-content-layout":"","ast-site-content-layout":"","site-content-style":"default","site-sidebar-style":"default","ast-global-header-display":"","ast-banner-title-visibility":"","ast-main-header-display":"","ast-hfb-above-header-display":"","ast-hfb-below-header-display":"","ast-hfb-mobile-header-display":"","site-post-title":"","ast-breadcrumbs-content":"","ast-featured-img":"","footer-sml-layout":"","theme-transparent-header-meta":"","adv-header-id-meta":"","stick-header-meta":"","header-above-stick-meta":"","header-main-stick-meta":"","header-below-stick-meta":"","astra-migrate-meta-layouts":"default","ast-page-background-enabled":"default","ast-page-background-meta":{"desktop":{"background-color":"var(--ast-global-color-4)","background-image":"","background-repeat":"repeat","background-position":"center center","background-size":"auto","background-attachment":"scroll","background-type":"","background-media":"","overlay-type":"","overlay-color":"","overlay-gradient":""},"tablet":{"background-color":"","background-image":"","background-repeat":"repeat","background-position":"center center","background-size":"auto","background-attachment":"scroll","background-type":"","background-media":"","overlay-type":"","overlay-color":"","overlay-gradient":""},"mobile":{"background-color":"","background-image":"","background-repeat":"repeat","background-position":"center center","background-size":"auto","background-attachment":"scroll","background-type":"","background-media":"","overlay-type":"","overlay-color":"","overlay-gradient":""}},"ast-content-background-meta":{"desktop":{"background-color":"var(--ast-global-color-5)","background-image":"","background-repeat":"repeat","background-position":"center center","background-size":"auto","background-attachment":"scroll","background-type":"","background-media":"","overlay-type":"","overlay-color":"","overlay-gradient":""},"tablet":{"background-color":"var(--ast-global-color-5)","background-image":"","background-repeat":"repeat","background-position":"center center","background-size":"auto","background-attachment":"scroll","background-type":"","background-media":"","overlay-type":"","overlay-color":"","overlay-gradient":""},"mobile":{"background-color":"var(--ast-global-color-5)","background-image":"","background-repeat":"repeat","background-position":"center center","background-size":"auto","background-attachment":"scroll","background-type":"","background-media":"","overlay-type":"","overlay-color":"","overlay-gradient":""}},"footnotes":""},"categories":[18397],"tags":[85898,85897,13292,18447,85899,74941],"class_list":["post-30603","post","type-post","status-publish","format-standard","hentry","category-pontificia-comillas","tag-carlos-alemany-briz","tag-enrique-pablo-aguilar-penas","tag-jose-maria-gondra-rezola","tag-luis-lopez-yarto-elizalde","tag-mateu-marques-maria-del-carmen","tag-monica-rodriguez-zafra"],"_links":{"self":[{"href":"https:\/\/www.deberes.net\/tesis\/wp-json\/wp\/v2\/posts\/30603","targetHints":{"allow":["GET"]}}],"collection":[{"href":"https:\/\/www.deberes.net\/tesis\/wp-json\/wp\/v2\/posts"}],"about":[{"href":"https:\/\/www.deberes.net\/tesis\/wp-json\/wp\/v2\/types\/post"}],"author":[{"embeddable":true,"href":"https:\/\/www.deberes.net\/tesis\/wp-json\/wp\/v2\/users\/1"}],"replies":[{"embeddable":true,"href":"https:\/\/www.deberes.net\/tesis\/wp-json\/wp\/v2\/comments?post=30603"}],"version-history":[{"count":0,"href":"https:\/\/www.deberes.net\/tesis\/wp-json\/wp\/v2\/posts\/30603\/revisions"}],"wp:attachment":[{"href":"https:\/\/www.deberes.net\/tesis\/wp-json\/wp\/v2\/media?parent=30603"}],"wp:term":[{"taxonomy":"category","embeddable":true,"href":"https:\/\/www.deberes.net\/tesis\/wp-json\/wp\/v2\/categories?post=30603"},{"taxonomy":"post_tag","embeddable":true,"href":"https:\/\/www.deberes.net\/tesis\/wp-json\/wp\/v2\/tags?post=30603"}],"curies":[{"name":"wp","href":"https:\/\/api.w.org\/{rel}","templated":true}]}}