{"id":30608,"date":"2004-08-06T00:00:00","date_gmt":"2004-08-06T00:00:00","guid":{"rendered":"https:\/\/www.deberes.net\/tesis\/sin-categoria\/las-diferencias-de-genero-en-el-conocimiento-profesional-docente-del-alumnado-de-la-facultad-de-ciencias-de-la-actividad-fa%c2%adsica-y-del-deporte-de-la-universidad-de-granada\/"},"modified":"2004-08-06T00:00:00","modified_gmt":"2004-08-06T00:00:00","slug":"las-diferencias-de-genero-en-el-conocimiento-profesional-docente-del-alumnado-de-la-facultad-de-ciencias-de-la-actividad-fa%c2%adsica-y-del-deporte-de-la-universidad-de-granada","status":"publish","type":"post","link":"https:\/\/www.deberes.net\/tesis\/sociologia\/las-diferencias-de-genero-en-el-conocimiento-profesional-docente-del-alumnado-de-la-facultad-de-ciencias-de-la-actividad-fa%c2%adsica-y-del-deporte-de-la-universidad-de-granada\/","title":{"rendered":"Las diferencias de g\u00e9nero en el conocimiento profesional docente del alumnado de la facultad de ciencias de la actividad f\u00edsica y del deporte de la universidad de granada."},"content":{"rendered":"<h2>Tesis doctoral de <strong> Mar\u00eda Jos\u00e9 Girela Rej\u00f3n <\/strong><\/h2>\n<p>Este trabajo tiene su origen en la desigual presencia de mujeres y varones en el \u00e1mbito de la actividad f\u00edsica y el deporte, y m\u00e1s concretamente en los comportamientos de pr\u00e1ctica f\u00edsico-deportiva de tiempo libre. Las causas de esta situaci\u00f3n habr\u00eda que buscarlas tanto entre los factores personales como entre los factores sociales, dentro de estos \u00faltimos es determinante el papel de la educaci\u00f3n. Este desarrollo hist\u00f3rico ha generado una serie de mitos en relaci\u00f3n a las mujeres y la actividad f\u00edsica que han actuado como un importante obst\u00e1culo para la incorporaci\u00f3n de las mujeres a la pr\u00e1ctica de actividades f\u00edsico-deportivas. El proceso de socializaci\u00f3n ha dibujado modelos de conducta diferentes para mujeres y varones que nos remiten a los estereotipos de g\u00e9nero, y que tienen su reflejo en el \u00e1mbito de la actividad f\u00edsica y deportiva. Estos estereotipos, las creencias, los valores, los prejuicios, etc., Se transmiten fundamentalmente por la v\u00eda de lo impl\u00edcito, no siendo, por tanto, objeto de reflexi\u00f3n. Esta circunstancia facilita la perpetuaci\u00f3n de los mismos y se convierte en un fuerte obst\u00e1culo para el desarrollo del modelo coeducativo. Sistema de valores, prejuicios, teor\u00edas impl\u00edcitas, esquemas conceptuales previos, etc., Nos remiten al concepto de conocimiento profesional, el cual determina la conducta del profesorado. Esto unido a su creciente protagonismo en el proceso de ense\u00f1anza-aprendizaje lleva a proponer su an\u00e1lisis como objeto de investigaci\u00f3n.  la presente investigaci\u00f3n plantea como objetivos analizar, desde una perspectiva de g\u00e9nero, la posible relaci\u00f3n entre la experiencia vivida por el alumnado en las clases de educaci\u00f3n f\u00edsica escolar, los comportamientos de pr\u00e1ctica f\u00edsico-deportiva, sus vivencias durante los estudios en esta facultad y la presencia de los estereotipos de g\u00e9nero y actividad f\u00edsica. Adem\u00e1s interesa conocer la proyecci\u00f3n de todo esto sobre el futuro desarrollo d<\/p>\n<p>&nbsp;<\/p>\n<h3>Datos acad\u00e9micos de la tesis doctoral \u00ab<strong>Las diferencias de g\u00e9nero en el conocimiento profesional docente del alumnado de la facultad de ciencias de la actividad f\u00edsica y del deporte de la universidad de granada.<\/strong>\u00ab<\/h3>\n<ul>\n<li><strong>T\u00edtulo de la tesis:<\/strong>\u00a0 Las diferencias de g\u00e9nero en el conocimiento profesional docente del alumnado de la facultad de ciencias de la actividad f\u00edsica y del deporte de la universidad de granada. <\/li>\n<li><strong>Autor:<\/strong>\u00a0 Mar\u00eda Jos\u00e9 Girela Rej\u00f3n <\/li>\n<li><strong>Universidad:<\/strong>\u00a0 Granada<\/li>\n<li><strong>Fecha de lectura de la tesis:<\/strong>\u00a0 08\/06\/2004<\/li>\n<\/ul>\n<p>&nbsp;<\/p>\n<h3>Direcci\u00f3n y tribunal<\/h3>\n<ul>\n<li><strong>Director de la tesis<\/strong>\n<ul>\n<li> Garc\u00eda Montes M. Elena<\/li>\n<\/ul>\n<\/li>\n<li><strong>Tribunal<\/strong>\n<ul>\n<li>Presidente del tribunal: emilia Fern\u00e1ndez Garc\u00eda <\/li>\n<li>clara Lopez crespo (vocal)<\/li>\n<li>elisa Torres ramos (vocal)<\/li>\n<li>Francisco Ruiz Juan (vocal)<\/li>\n<\/ul>\n<\/li>\n<\/ul>\n<p>&nbsp;<\/p>\n","protected":false},"excerpt":{"rendered":"<p>Tesis doctoral de Mar\u00eda Jos\u00e9 Girela Rej\u00f3n Este trabajo tiene su origen en la desigual presencia de mujeres y varones [&hellip;]<\/p>\n","protected":false},"author":1,"featured_media":0,"comment_status":"open","ping_status":"open","sticky":false,"template":"","format":"standard","meta":{"site-sidebar-layout":"default","site-content-layout":"","ast-site-content-layout":"","site-content-style":"default","site-sidebar-style":"default","ast-global-header-display":"","ast-banner-title-visibility":"","ast-main-header-display":"","ast-hfb-above-header-display":"","ast-hfb-below-header-display":"","ast-hfb-mobile-header-display":"","site-post-title":"","ast-breadcrumbs-content":"","ast-featured-img":"","footer-sml-layout":"","theme-transparent-header-meta":"","adv-header-id-meta":"","stick-header-meta":"","header-above-stick-meta":"","header-main-stick-meta":"","header-below-stick-meta":"","astra-migrate-meta-layouts":"default","ast-page-background-enabled":"default","ast-page-background-meta":{"desktop":{"background-color":"var(--ast-global-color-4)","background-image":"","background-repeat":"repeat","background-position":"center center","background-size":"auto","background-attachment":"scroll","background-type":"","background-media":"","overlay-type":"","overlay-color":"","overlay-gradient":""},"tablet":{"background-color":"","background-image":"","background-repeat":"repeat","background-position":"center center","background-size":"auto","background-attachment":"scroll","background-type":"","background-media":"","overlay-type":"","overlay-color":"","overlay-gradient":""},"mobile":{"background-color":"","background-image":"","background-repeat":"repeat","background-position":"center center","background-size":"auto","background-attachment":"scroll","background-type":"","background-media":"","overlay-type":"","overlay-color":"","overlay-gradient":""}},"ast-content-background-meta":{"desktop":{"background-color":"var(--ast-global-color-5)","background-image":"","background-repeat":"repeat","background-position":"center center","background-size":"auto","background-attachment":"scroll","background-type":"","background-media":"","overlay-type":"","overlay-color":"","overlay-gradient":""},"tablet":{"background-color":"var(--ast-global-color-5)","background-image":"","background-repeat":"repeat","background-position":"center center","background-size":"auto","background-attachment":"scroll","background-type":"","background-media":"","overlay-type":"","overlay-color":"","overlay-gradient":""},"mobile":{"background-color":"var(--ast-global-color-5)","background-image":"","background-repeat":"repeat","background-position":"center center","background-size":"auto","background-attachment":"scroll","background-type":"","background-media":"","overlay-type":"","overlay-color":"","overlay-gradient":""}},"footnotes":""},"categories":[291,8113,269],"tags":[71279,85909,31460,85910,65460,85908],"class_list":["post-30608","post","type-post","status-publish","format-standard","hentry","category-grupos-sociales","category-posicion-social-de-la-mujer","category-sociologia","tag-clara-lopez-crespo","tag-elisa-torres-ramos","tag-emilia-fernandez-garcia","tag-francisco-ruiz-juan","tag-garcia-montes-m-elena","tag-maria-jose-girela-rejon"],"_links":{"self":[{"href":"https:\/\/www.deberes.net\/tesis\/wp-json\/wp\/v2\/posts\/30608","targetHints":{"allow":["GET"]}}],"collection":[{"href":"https:\/\/www.deberes.net\/tesis\/wp-json\/wp\/v2\/posts"}],"about":[{"href":"https:\/\/www.deberes.net\/tesis\/wp-json\/wp\/v2\/types\/post"}],"author":[{"embeddable":true,"href":"https:\/\/www.deberes.net\/tesis\/wp-json\/wp\/v2\/users\/1"}],"replies":[{"embeddable":true,"href":"https:\/\/www.deberes.net\/tesis\/wp-json\/wp\/v2\/comments?post=30608"}],"version-history":[{"count":0,"href":"https:\/\/www.deberes.net\/tesis\/wp-json\/wp\/v2\/posts\/30608\/revisions"}],"wp:attachment":[{"href":"https:\/\/www.deberes.net\/tesis\/wp-json\/wp\/v2\/media?parent=30608"}],"wp:term":[{"taxonomy":"category","embeddable":true,"href":"https:\/\/www.deberes.net\/tesis\/wp-json\/wp\/v2\/categories?post=30608"},{"taxonomy":"post_tag","embeddable":true,"href":"https:\/\/www.deberes.net\/tesis\/wp-json\/wp\/v2\/tags?post=30608"}],"curies":[{"name":"wp","href":"https:\/\/api.w.org\/{rel}","templated":true}]}}