{"id":30719,"date":"2004-12-06T00:00:00","date_gmt":"2004-12-06T00:00:00","guid":{"rendered":"https:\/\/www.deberes.net\/tesis\/sin-categoria\/estudio-de-la-memoria-procedimental-analisis-del-aprendizaje-motor-secuencial-en-pacientes-con-lesion-de-la-corteza-prefrontal-y-cerebelo\/"},"modified":"2004-12-06T00:00:00","modified_gmt":"2004-12-06T00:00:00","slug":"estudio-de-la-memoria-procedimental-analisis-del-aprendizaje-motor-secuencial-en-pacientes-con-lesion-de-la-corteza-prefrontal-y-cerebelo","status":"publish","type":"post","link":"https:\/\/www.deberes.net\/tesis\/pais-vasco-euskal-herriko-unibertsitatea\/estudio-de-la-memoria-procedimental-analisis-del-aprendizaje-motor-secuencial-en-pacientes-con-lesion-de-la-corteza-prefrontal-y-cerebelo\/","title":{"rendered":"Estudio de la memoria procedimental: an\u00e1lisis del aprendizaje motor secuencial en pacientes con lesi\u00f3n de la corteza prefrontal y cerebelo"},"content":{"rendered":"<h2>Tesis doctoral de <strong>  G\u00f3mez Beldarrain M. Angeles <\/strong><\/h2>\n<p>El l\u00f3bulo frontal constituye una estructura cr\u00edtica en el desarrollo del sistema nervioso, distintiva del ser humano frente a otros seres superiores. su anantom\u00eda, funci\u00f3n, y conexiones han sido objeto de innumerables estudios a lo largo de los a\u00f1os, pero muchos de los procesos en los que se encuentra involucrado est\u00e1n a\u00fan por definir. En esta tesis doctoral analizamos una funci\u00f3n neuropsicol\u00f3gica poco conocida y en la que recientemente se ha observado que la corteza prefrontal juega un papel relevante: la memoria procedimental. Para ello, y complementando otro tipo de enfoques neuropsicol\u00f3gicos experimentales, hemos empleado un abordaje cl\u00ednico, estudiando esta funci\u00f3n en pacientes con lesiones focales prefrontales y en sujetos sanos. Adem\u00e1s, hemos evaluado en forma similar aunque en menor profundidad, la repercusi\u00f3n que sobre esta funci\u00f3n tiene las lesiones cerebelosas focales, ya que se trata de un tema no claramente establecido en la actualidad. Los resultados aqu\u00ed presentados son el fruto de casi una d\u00e9cada de estudio en esta l\u00ednea, y han dado lugar a diversas publicaciones originales en revistas evaluadas por pares. Nuestros objetivos han sido valorar c\u00f3mo el l\u00f3bulo frontal controla conductas motoras simples (aprendizaje de secuencias motoras) y que constituyen la base de conductas cognitivas, m\u00e1s complejas, compuesta por secuencias de actos, como la toma de decisiones. El hecho de poner los actos en el orden apropiado (secuenciaci\u00f3n) es fundamental para todos los procesos de adaptaci\u00f3n al medio, desde el simple control motor, a la interacci\u00f3n social y consecuci\u00f3n de metas concretas. Todas estas funciones se han atribuido al l\u00f3bulo frontal, que tiene un papel fundamental &#8211; aunque no en exclusiva sino formando parte de una red neuronal m\u00e1s extensa en la que interviene el cerebelo &#8211; en un mecanismo b\u00e1sico que subyace a todas ellas, secuenciar acciones.  los hallazgos los podemos resumir de la siguiente form<\/p>\n<p>&nbsp;<\/p>\n<h3>Datos acad\u00e9micos de la tesis doctoral \u00ab<strong>Estudio de la memoria procedimental: an\u00e1lisis del aprendizaje motor secuencial en pacientes con lesi\u00f3n de la corteza prefrontal y cerebelo<\/strong>\u00ab<\/h3>\n<ul>\n<li><strong>T\u00edtulo de la tesis:<\/strong>\u00a0 Estudio de la memoria procedimental: an\u00e1lisis del aprendizaje motor secuencial en pacientes con lesi\u00f3n de la corteza prefrontal y cerebelo <\/li>\n<li><strong>Autor:<\/strong>\u00a0  G\u00f3mez Beldarrain M. Angeles <\/li>\n<li><strong>Universidad:<\/strong>\u00a0 Pa\u00eds vasco\/euskal herriko unibertsitatea<\/li>\n<li><strong>Fecha de lectura de la tesis:<\/strong>\u00a0 12\/06\/2004<\/li>\n<\/ul>\n<p>&nbsp;<\/p>\n<h3>Direcci\u00f3n y tribunal<\/h3>\n<ul>\n<li><strong>Director de la tesis<\/strong>\n<ul>\n<li> Grandes Moreno Pedro Rolando<\/li>\n<\/ul>\n<\/li>\n<li><strong>Tribunal<\/strong>\n<ul>\n<li>Presidente del tribunal: Francisco Do\u00f1ate oliver <\/li>\n<li>Jos\u00e9 Luis Labandeira garcia (vocal)<\/li>\n<li>carmen Cavada Martinez (vocal)<\/li>\n<li>pablo Mart\u00ednez-lage alvarez (vocal)<\/li>\n<\/ul>\n<\/li>\n<\/ul>\n<p>&nbsp;<\/p>\n","protected":false},"excerpt":{"rendered":"<p>Tesis doctoral de G\u00f3mez Beldarrain M. Angeles El l\u00f3bulo frontal constituye una estructura cr\u00edtica en el desarrollo del sistema nervioso, [&hellip;]<\/p>\n","protected":false},"author":1,"featured_media":0,"comment_status":"open","ping_status":"open","sticky":false,"template":"","format":"standard","meta":{"site-sidebar-layout":"default","site-content-layout":"","ast-site-content-layout":"","site-content-style":"default","site-sidebar-style":"default","ast-global-header-display":"","ast-banner-title-visibility":"","ast-main-header-display":"","ast-hfb-above-header-display":"","ast-hfb-below-header-display":"","ast-hfb-mobile-header-display":"","site-post-title":"","ast-breadcrumbs-content":"","ast-featured-img":"","footer-sml-layout":"","theme-transparent-header-meta":"","adv-header-id-meta":"","stick-header-meta":"","header-above-stick-meta":"","header-main-stick-meta":"","header-below-stick-meta":"","astra-migrate-meta-layouts":"default","ast-page-background-enabled":"default","ast-page-background-meta":{"desktop":{"background-color":"var(--ast-global-color-4)","background-image":"","background-repeat":"repeat","background-position":"center center","background-size":"auto","background-attachment":"scroll","background-type":"","background-media":"","overlay-type":"","overlay-color":"","overlay-gradient":""},"tablet":{"background-color":"","background-image":"","background-repeat":"repeat","background-position":"center center","background-size":"auto","background-attachment":"scroll","background-type":"","background-media":"","overlay-type":"","overlay-color":"","overlay-gradient":""},"mobile":{"background-color":"","background-image":"","background-repeat":"repeat","background-position":"center center","background-size":"auto","background-attachment":"scroll","background-type":"","background-media":"","overlay-type":"","overlay-color":"","overlay-gradient":""}},"ast-content-background-meta":{"desktop":{"background-color":"var(--ast-global-color-5)","background-image":"","background-repeat":"repeat","background-position":"center center","background-size":"auto","background-attachment":"scroll","background-type":"","background-media":"","overlay-type":"","overlay-color":"","overlay-gradient":""},"tablet":{"background-color":"var(--ast-global-color-5)","background-image":"","background-repeat":"repeat","background-position":"center center","background-size":"auto","background-attachment":"scroll","background-type":"","background-media":"","overlay-type":"","overlay-color":"","overlay-gradient":""},"mobile":{"background-color":"var(--ast-global-color-5)","background-image":"","background-repeat":"repeat","background-position":"center center","background-size":"auto","background-attachment":"scroll","background-type":"","background-media":"","overlay-type":"","overlay-color":"","overlay-gradient":""}},"footnotes":""},"categories":[12909],"tags":[14535,13489,86158,36708,3006,86159],"class_list":["post-30719","post","type-post","status-publish","format-standard","hentry","category-pais-vasco-euskal-herriko-unibertsitatea","tag-carmen-cavada-Martinez","tag-francisco-donate-oliver","tag-gomez-beldarrain-m-angeles","tag-grandes-moreno-pedro-rolando","tag-jose-luis-labandeira-garcia","tag-pablo-Martinez-lage-alvarez"],"_links":{"self":[{"href":"https:\/\/www.deberes.net\/tesis\/wp-json\/wp\/v2\/posts\/30719","targetHints":{"allow":["GET"]}}],"collection":[{"href":"https:\/\/www.deberes.net\/tesis\/wp-json\/wp\/v2\/posts"}],"about":[{"href":"https:\/\/www.deberes.net\/tesis\/wp-json\/wp\/v2\/types\/post"}],"author":[{"embeddable":true,"href":"https:\/\/www.deberes.net\/tesis\/wp-json\/wp\/v2\/users\/1"}],"replies":[{"embeddable":true,"href":"https:\/\/www.deberes.net\/tesis\/wp-json\/wp\/v2\/comments?post=30719"}],"version-history":[{"count":0,"href":"https:\/\/www.deberes.net\/tesis\/wp-json\/wp\/v2\/posts\/30719\/revisions"}],"wp:attachment":[{"href":"https:\/\/www.deberes.net\/tesis\/wp-json\/wp\/v2\/media?parent=30719"}],"wp:term":[{"taxonomy":"category","embeddable":true,"href":"https:\/\/www.deberes.net\/tesis\/wp-json\/wp\/v2\/categories?post=30719"},{"taxonomy":"post_tag","embeddable":true,"href":"https:\/\/www.deberes.net\/tesis\/wp-json\/wp\/v2\/tags?post=30719"}],"curies":[{"name":"wp","href":"https:\/\/api.w.org\/{rel}","templated":true}]}}