{"id":30750,"date":"2018-03-09T09:24:30","date_gmt":"2018-03-09T09:24:30","guid":{"rendered":"https:\/\/www.deberes.net\/tesis\/sin-categoria\/gammagrafa%c2%ada-con-leucocitos-marcados-con-99mtc-hmpao-en-el-estudio-de-la-colitis-ulcerosa\/"},"modified":"2018-03-09T09:24:30","modified_gmt":"2018-03-09T09:24:30","slug":"gammagrafa%c2%ada-con-leucocitos-marcados-con-99mtc-hmpao-en-el-estudio-de-la-colitis-ulcerosa","status":"publish","type":"post","link":"https:\/\/www.deberes.net\/tesis\/cordoba\/gammagrafa%c2%ada-con-leucocitos-marcados-con-99mtc-hmpao-en-el-estudio-de-la-colitis-ulcerosa\/","title":{"rendered":"Gammagraf\u00edacon leucocitos marcados con 99mtc-hmpao en el estudio de la colitis ulcerosa"},"content":{"rendered":"<h2>Tesis doctoral de <strong>  Pacheco Capote Mar\u00eda  Del Carmen <\/strong><\/h2>\n<p>La enfermedad inflamatoria cr\u00f3nica intestinal tiene como principal exponente la colitis ulcerosa; en ella no existe ning\u00fan signo o s\u00edntoma patognom\u00f3nico, por lo que para llegar al diagn\u00f3stico, debemos reunir unos criterios cl\u00ednicos, radiol\u00f3gicos, endosc\u00f3picos e histol\u00f3gicos sugestivos. Una vez establecido el diagn\u00f3stico, es fundamental establecer el grado de afectaci\u00f3n (severidad) como la localizaci\u00f3n (extensi\u00f3n); sin embargo, el procedimiento de elecci\u00f3n no est\u00e1 protocolizado de forma sistem\u00e1tica en todos los centros y hasta la fecha s\u00f3lo la colonoscopia completa es la \u00fanica exploraci\u00f3n que ha demostrado ser capaz de precisar la extensi\u00f3n y severidad de la enfermedad.  la gammagraf\u00eda con leucocitos marcados ha sido utilizada para contribuir al manejo de la enfermedad por presentar eficacia diagn\u00f3stica; sin embargo la eficacia diagn\u00f3stica puede ser desglosada en capacidad de detecci\u00f3n, clasificaci\u00f3n, cuantificaci\u00f3n y localizaci\u00f3n de la enfermedad; estos t\u00e9rminos se analizan sistem\u00e1ticamente en nuestro trabajo: la eficacia diagn\u00f3stica de detecci\u00f3n y clasificaci\u00f3n de la gammagraf\u00eda se eval\u00faan fundamentalmente en t\u00e9rminos de sensibilidad y especificidad, comparados con la anatom\u00eda patol\u00f3gica; la capacidad de localizaci\u00f3n se cuantifica en comparaci\u00f3n con la colonoscopia y la de cuantificaci\u00f3n en relaci\u00f3n con el \u00edndice cl\u00ednico-anal\u00edtico de truelove. igualmente se comparan los costes de la colonoscopia completa con los de la gammagraf\u00eda con leucocitos marcados con 99mtc-hmpao.  nuestro estudio es prospectivo e incluye 100 pacientes que fueron evaluados con un estudio anal\u00edtico, endosc\u00f3pico con toma de biopsia y gammagraf\u00eda.  los resultados muestran que la gammagraf\u00eda con leucocitos marcados presenta eficacia diagn\u00f3stica en los t\u00e9rminos previamente descritos, por lo que ser\u00eda capaz de sustituir a la colonoscopia completa en el estudio de la extensi\u00f3n y  severidad de la enfermedad. Dado que<\/p>\n<p>&nbsp;<\/p>\n<h3>Datos acad\u00e9micos de la tesis doctoral \u00ab<strong>Gammagraf\u00edacon leucocitos marcados con 99mtc-hmpao en el estudio de la colitis ulcerosa<\/strong>\u00ab<\/h3>\n<ul>\n<li><strong>T\u00edtulo de la tesis:<\/strong>\u00a0 Gammagraf\u00edacon leucocitos marcados con 99mtc-hmpao en el estudio de la colitis ulcerosa <\/li>\n<li><strong>Autor:<\/strong>\u00a0  Pacheco Capote Mar\u00eda  Del Carmen <\/li>\n<li><strong>Universidad:<\/strong>\u00a0 C\u00f3rdoba<\/li>\n<li><strong>Fecha de lectura de la tesis:<\/strong>\u00a0 15\/06\/2004<\/li>\n<\/ul>\n<p>&nbsp;<\/p>\n<h3>Direcci\u00f3n y tribunal<\/h3>\n<ul>\n<li><strong>Director de la tesis<\/strong>\n<ul>\n<li>Jos\u00e9 Mar\u00eda Latre Romero<\/li>\n<\/ul>\n<\/li>\n<li><strong>Tribunal<\/strong>\n<ul>\n<li>Presidente del tribunal: Francisco Perez jimenez <\/li>\n<li>Francisco Javier Padillo ruiz (vocal)<\/li>\n<li>Antonio Mateo navarro (vocal)<\/li>\n<li>rivera Enrique prats (vocal)<\/li>\n<\/ul>\n<\/li>\n<\/ul>\n<p>&nbsp;<\/p>\n","protected":false},"excerpt":{"rendered":"<p>Tesis doctoral de Pacheco Capote Mar\u00eda Del Carmen La enfermedad inflamatoria cr\u00f3nica intestinal tiene como principal exponente la colitis ulcerosa; [&hellip;]<\/p>\n","protected":false},"author":1,"featured_media":0,"comment_status":"open","ping_status":"open","sticky":false,"template":"","format":"standard","meta":{"site-sidebar-layout":"default","site-content-layout":"","ast-site-content-layout":"","site-content-style":"default","site-sidebar-style":"default","ast-global-header-display":"","ast-banner-title-visibility":"","ast-main-header-display":"","ast-hfb-above-header-display":"","ast-hfb-below-header-display":"","ast-hfb-mobile-header-display":"","site-post-title":"","ast-breadcrumbs-content":"","ast-featured-img":"","footer-sml-layout":"","theme-transparent-header-meta":"","adv-header-id-meta":"","stick-header-meta":"","header-above-stick-meta":"","header-main-stick-meta":"","header-below-stick-meta":"","astra-migrate-meta-layouts":"default","ast-page-background-enabled":"default","ast-page-background-meta":{"desktop":{"background-color":"var(--ast-global-color-4)","background-image":"","background-repeat":"repeat","background-position":"center center","background-size":"auto","background-attachment":"scroll","background-type":"","background-media":"","overlay-type":"","overlay-color":"","overlay-gradient":""},"tablet":{"background-color":"","background-image":"","background-repeat":"repeat","background-position":"center center","background-size":"auto","background-attachment":"scroll","background-type":"","background-media":"","overlay-type":"","overlay-color":"","overlay-gradient":""},"mobile":{"background-color":"","background-image":"","background-repeat":"repeat","background-position":"center center","background-size":"auto","background-attachment":"scroll","background-type":"","background-media":"","overlay-type":"","overlay-color":"","overlay-gradient":""}},"ast-content-background-meta":{"desktop":{"background-color":"var(--ast-global-color-5)","background-image":"","background-repeat":"repeat","background-position":"center center","background-size":"auto","background-attachment":"scroll","background-type":"","background-media":"","overlay-type":"","overlay-color":"","overlay-gradient":""},"tablet":{"background-color":"var(--ast-global-color-5)","background-image":"","background-repeat":"repeat","background-position":"center center","background-size":"auto","background-attachment":"scroll","background-type":"","background-media":"","overlay-type":"","overlay-color":"","overlay-gradient":""},"mobile":{"background-color":"var(--ast-global-color-5)","background-image":"","background-repeat":"repeat","background-position":"center center","background-size":"auto","background-attachment":"scroll","background-type":"","background-media":"","overlay-type":"","overlay-color":"","overlay-gradient":""}},"footnotes":""},"categories":[973],"tags":[1814,71500,1613,86224,86223,86225],"class_list":["post-30750","post","type-post","status-publish","format-standard","hentry","category-cordoba","tag-antonio-mateo-navarro","tag-francisco-javier-padillo-ruiz","tag-francisco-perez-jimenez","tag-jose-maria-latre-romero","tag-pacheco-capote-maria-del-carmen","tag-rivera-enrique-prats"],"_links":{"self":[{"href":"https:\/\/www.deberes.net\/tesis\/wp-json\/wp\/v2\/posts\/30750","targetHints":{"allow":["GET"]}}],"collection":[{"href":"https:\/\/www.deberes.net\/tesis\/wp-json\/wp\/v2\/posts"}],"about":[{"href":"https:\/\/www.deberes.net\/tesis\/wp-json\/wp\/v2\/types\/post"}],"author":[{"embeddable":true,"href":"https:\/\/www.deberes.net\/tesis\/wp-json\/wp\/v2\/users\/1"}],"replies":[{"embeddable":true,"href":"https:\/\/www.deberes.net\/tesis\/wp-json\/wp\/v2\/comments?post=30750"}],"version-history":[{"count":0,"href":"https:\/\/www.deberes.net\/tesis\/wp-json\/wp\/v2\/posts\/30750\/revisions"}],"wp:attachment":[{"href":"https:\/\/www.deberes.net\/tesis\/wp-json\/wp\/v2\/media?parent=30750"}],"wp:term":[{"taxonomy":"category","embeddable":true,"href":"https:\/\/www.deberes.net\/tesis\/wp-json\/wp\/v2\/categories?post=30750"},{"taxonomy":"post_tag","embeddable":true,"href":"https:\/\/www.deberes.net\/tesis\/wp-json\/wp\/v2\/tags?post=30750"}],"curies":[{"name":"wp","href":"https:\/\/api.w.org\/{rel}","templated":true}]}}