{"id":30752,"date":"2018-03-09T09:24:31","date_gmt":"2018-03-09T09:24:31","guid":{"rendered":"https:\/\/www.deberes.net\/tesis\/sin-categoria\/evaluacion-de-la-satisfaccion-y-las-expectativas-de-los-usuarios-de-un-servicio-de-salud-mental\/"},"modified":"2018-03-09T09:24:31","modified_gmt":"2018-03-09T09:24:31","slug":"evaluacion-de-la-satisfaccion-y-las-expectativas-de-los-usuarios-de-un-servicio-de-salud-mental","status":"publish","type":"post","link":"https:\/\/www.deberes.net\/tesis\/santiago-de-compostela\/evaluacion-de-la-satisfaccion-y-las-expectativas-de-los-usuarios-de-un-servicio-de-salud-mental\/","title":{"rendered":"Evaluaci\u00f3n de la satisfacci\u00f3n y las expectativas de los usuarios de un servicio de salud mental"},"content":{"rendered":"<h2>Tesis doctoral de <strong>  Pereira Calvi\u00f1o M. Isabel <\/strong><\/h2>\n<p>En el presente estudio se eval\u00faan las expectativas y la satisfacci\u00f3n de una muestra de pacientes cr\u00f3nicos de un servicio de salud mental del sistema sanitario p\u00fablico.  la metodolog\u00eda utilizada combina t\u00e9cnicas cuantitativas (escala de verona para la valoraci\u00f3n de la satisfacci\u00f3n con el servicio de salud mental y escala de verona de valoraci\u00f3n de las expectativas sobre el tratamiento en el servicio de salud mental) y cualitativas (entrevista semiestructurada).  los resultados se\u00f1alan que, a pesar de una valoraci\u00f3n global de satisfacci\u00f3n general con el servicio, los pacientes se\u00f1alan \u00e1reas que merecen valoraciones cr\u00edticas.  se apuntan las medidas de mejora de calidad que deber\u00edan establecerse desde una perspectiva de cuidados centrados en el paciente.<\/p>\n<p>&nbsp;<\/p>\n<h3>Datos acad\u00e9micos de la tesis doctoral \u00ab<strong>Evaluaci\u00f3n de la satisfacci\u00f3n y las expectativas de los usuarios de un servicio de salud mental<\/strong>\u00ab<\/h3>\n<ul>\n<li><strong>T\u00edtulo de la tesis:<\/strong>\u00a0 Evaluaci\u00f3n de la satisfacci\u00f3n y las expectativas de los usuarios de un servicio de salud mental <\/li>\n<li><strong>Autor:<\/strong>\u00a0  Pereira Calvi\u00f1o M. Isabel <\/li>\n<li><strong>Universidad:<\/strong>\u00a0 Santiago de compostela<\/li>\n<li><strong>Fecha de lectura de la tesis:<\/strong>\u00a0 15\/06\/2004<\/li>\n<\/ul>\n<p>&nbsp;<\/p>\n<h3>Direcci\u00f3n y tribunal<\/h3>\n<ul>\n<li><strong>Director de la tesis<\/strong>\n<ul>\n<li>Hip\u00f3lito Merino Madrid<\/li>\n<\/ul>\n<\/li>\n<li><strong>Tribunal<\/strong>\n<ul>\n<li>Presidente del tribunal: amparo Belloch fuster <\/li>\n<li>Emilio Gonz\u00e1lez fern\u00e1ndez (vocal)<\/li>\n<li>constantino Arce fern\u00e1ndez (vocal)<\/li>\n<li> Garc\u00eda de la torre m. del pilar (vocal)<\/li>\n<\/ul>\n<\/li>\n<\/ul>\n<p>&nbsp;<\/p>\n","protected":false},"excerpt":{"rendered":"<p>Tesis doctoral de Pereira Calvi\u00f1o M. Isabel En el presente estudio se eval\u00faan las expectativas y la satisfacci\u00f3n de una [&hellip;]<\/p>\n","protected":false},"author":1,"featured_media":0,"comment_status":"open","ping_status":"open","sticky":false,"template":"","format":"standard","meta":{"site-sidebar-layout":"default","site-content-layout":"","ast-site-content-layout":"","site-content-style":"default","site-sidebar-style":"default","ast-global-header-display":"","ast-banner-title-visibility":"","ast-main-header-display":"","ast-hfb-above-header-display":"","ast-hfb-below-header-display":"","ast-hfb-mobile-header-display":"","site-post-title":"","ast-breadcrumbs-content":"","ast-featured-img":"","footer-sml-layout":"","theme-transparent-header-meta":"","adv-header-id-meta":"","stick-header-meta":"","header-above-stick-meta":"","header-main-stick-meta":"","header-below-stick-meta":"","astra-migrate-meta-layouts":"default","ast-page-background-enabled":"default","ast-page-background-meta":{"desktop":{"background-color":"var(--ast-global-color-4)","background-image":"","background-repeat":"repeat","background-position":"center center","background-size":"auto","background-attachment":"scroll","background-type":"","background-media":"","overlay-type":"","overlay-color":"","overlay-gradient":""},"tablet":{"background-color":"","background-image":"","background-repeat":"repeat","background-position":"center center","background-size":"auto","background-attachment":"scroll","background-type":"","background-media":"","overlay-type":"","overlay-color":"","overlay-gradient":""},"mobile":{"background-color":"","background-image":"","background-repeat":"repeat","background-position":"center center","background-size":"auto","background-attachment":"scroll","background-type":"","background-media":"","overlay-type":"","overlay-color":"","overlay-gradient":""}},"ast-content-background-meta":{"desktop":{"background-color":"var(--ast-global-color-5)","background-image":"","background-repeat":"repeat","background-position":"center center","background-size":"auto","background-attachment":"scroll","background-type":"","background-media":"","overlay-type":"","overlay-color":"","overlay-gradient":""},"tablet":{"background-color":"var(--ast-global-color-5)","background-image":"","background-repeat":"repeat","background-position":"center center","background-size":"auto","background-attachment":"scroll","background-type":"","background-media":"","overlay-type":"","overlay-color":"","overlay-gradient":""},"mobile":{"background-color":"var(--ast-global-color-5)","background-image":"","background-repeat":"repeat","background-position":"center center","background-size":"auto","background-attachment":"scroll","background-type":"","background-media":"","overlay-type":"","overlay-color":"","overlay-gradient":""}},"footnotes":""},"categories":[977],"tags":[13480,2633,27931,86232,86231,86230],"class_list":["post-30752","post","type-post","status-publish","format-standard","hentry","category-santiago-de-compostela","tag-amparo-belloch-fuster","tag-constantino-arce-fernandez","tag-emilio-gonzalez-fernandez","tag-garcia-de-la-torre-m-del-pilar","tag-hipolito-merino-madrid","tag-pereira-calvino-m-isabel"],"_links":{"self":[{"href":"https:\/\/www.deberes.net\/tesis\/wp-json\/wp\/v2\/posts\/30752","targetHints":{"allow":["GET"]}}],"collection":[{"href":"https:\/\/www.deberes.net\/tesis\/wp-json\/wp\/v2\/posts"}],"about":[{"href":"https:\/\/www.deberes.net\/tesis\/wp-json\/wp\/v2\/types\/post"}],"author":[{"embeddable":true,"href":"https:\/\/www.deberes.net\/tesis\/wp-json\/wp\/v2\/users\/1"}],"replies":[{"embeddable":true,"href":"https:\/\/www.deberes.net\/tesis\/wp-json\/wp\/v2\/comments?post=30752"}],"version-history":[{"count":0,"href":"https:\/\/www.deberes.net\/tesis\/wp-json\/wp\/v2\/posts\/30752\/revisions"}],"wp:attachment":[{"href":"https:\/\/www.deberes.net\/tesis\/wp-json\/wp\/v2\/media?parent=30752"}],"wp:term":[{"taxonomy":"category","embeddable":true,"href":"https:\/\/www.deberes.net\/tesis\/wp-json\/wp\/v2\/categories?post=30752"},{"taxonomy":"post_tag","embeddable":true,"href":"https:\/\/www.deberes.net\/tesis\/wp-json\/wp\/v2\/tags?post=30752"}],"curies":[{"name":"wp","href":"https:\/\/api.w.org\/{rel}","templated":true}]}}