{"id":30776,"date":"2018-03-09T09:24:33","date_gmt":"2018-03-09T09:24:33","guid":{"rendered":""},"modified":"2018-03-09T09:24:33","modified_gmt":"2018-03-09T09:24:33","slug":"atribucion-causal-y-estilos-de-vida-en-la-poblacion-escolarizada-en-los-centros-educativos-del-ayuntamiento-de-oleiros-a-coruna-un-estudio-centrado-en-la-ensenanza-secundaria-en-la-educacion-fa","status":"publish","type":"post","link":"https:\/\/www.deberes.net\/tesis\/evaluacion-de-alumnos\/atribucion-causal-y-estilos-de-vida-en-la-poblacion-escolarizada-en-los-centros-educativos-del-ayuntamiento-de-oleiros-a-coruna-un-estudio-centrado-en-la-ensenanza-secundaria-en-la-educacion-fa\/","title":{"rendered":"Atribuci\u00f3n causal y estilos de vida en la poblaci\u00f3n escolarizada en los centros educativos del ayuntamiento de oleiros (a coru\u00f1a): un estudio centrado en la ense\u00f1anza secundaria en la educaci\u00f3n f\u00edsica"},"content":{"rendered":"<h2>Tesis doctoral de <strong> Miriam Alvari\u00f1as Villaverde <\/strong><\/h2>\n<p>El objeto de estudio de este trabajo se centra en varios aspectos relacionados con la motivaci\u00f3n de logro y el estilo de vida saludable en los jovenes. en primer lugar, se analizan las atribuciones causales del alumnado en educaci\u00f3n f\u00edsica; en segundo lugar, el estilo de vida en relaci\u00f3n con la actividad f\u00edsica y el deporte, haciendo hincapi\u00e9 en aspectos relativos a la participaci\u00f3n f\u00edsico-deportiva extraescolar, el autoconcepto f\u00edsico y la opini\u00f3n sobre las clases de educaci\u00f3n f\u00edsica; finalmente, se establecen relaciones entre algunas de las variables utilizadas en el estudio.  los resultados evidencian que el alumnado se autoatribuye los resultados acad\u00e9micos y que las adscripciones causales var\u00edan en funci\u00f3n del g\u00e9nero, del tipo de centro en el que se estudia y de la calificaci\u00f3n en educaci\u00f3n f\u00edsica, siendo m\u00e1s adaptativas en los chicos, en los centros privados y en los estudiantes con mejores calificaciones. Asi mismo se aprecia que los j\u00f3venes m\u00e1s activos son chicos, pertenecen a centro privados y tienen mejores calificaciones en la asignatura; que los que tienen mejor autoconcepto f\u00edsico son chicos y pertenecen a centros privados; y que la opini\u00f3n sobre las clases de educaci\u00f3n f\u00edsica es m\u00e1s favorable en el alumnado de centros privados y en los estudiantes con mejores calificaciones. Por \u00faltimo, cabe destacar que se confirma la existencia de relaciones entre la participaci\u00f3n f\u00edsico-deportiva extraescolar del alumnado y su atribuci\u00f3n causal en educaci\u00f3n f\u00edsica, de manera que los estudiantes m\u00e1s activos presentan atribuciones m\u00e1s adaptativas.<\/p>\n<p>&nbsp;<\/p>\n<h3>Datos acad\u00e9micos de la tesis doctoral \u00ab<strong>Atribuci\u00f3n causal y estilos de vida en la poblaci\u00f3n escolarizada en los centros educativos del ayuntamiento de oleiros (a coru\u00f1a): un estudio centrado en la ense\u00f1anza secundaria en la educaci\u00f3n f\u00edsica<\/strong>\u00ab<\/h3>\n<ul>\n<li><strong>T\u00edtulo de la tesis:<\/strong>\u00a0 Atribuci\u00f3n causal y estilos de vida en la poblaci\u00f3n escolarizada en los centros educativos del ayuntamiento de oleiros (a coru\u00f1a): un estudio centrado en la ense\u00f1anza secundaria en la educaci\u00f3n f\u00edsica <\/li>\n<li><strong>Autor:<\/strong>\u00a0 Miriam Alvari\u00f1as Villaverde <\/li>\n<li><strong>Universidad:<\/strong>\u00a0 A coru\u00f1a<\/li>\n<li><strong>Fecha de lectura de la tesis:<\/strong>\u00a0 15\/06\/2004<\/li>\n<\/ul>\n<p>&nbsp;<\/p>\n<h3>Direcci\u00f3n y tribunal<\/h3>\n<ul>\n<li><strong>Director de la tesis<\/strong>\n<ul>\n<li> Gonzalez Valeiro Miguel Angel<\/li>\n<\/ul>\n<\/li>\n<li><strong>Tribunal<\/strong>\n<ul>\n<li>Presidente del tribunal: eliseo alfonso Barca lozano <\/li>\n<li>maurice Pieron (vocal)<\/li>\n<li> Carreiro da costa Francisco (vocal)<\/li>\n<li>mar Lorenzo crespo (vocal)<\/li>\n<\/ul>\n<\/li>\n<\/ul>\n<p>&nbsp;<\/p>\n","protected":false},"excerpt":{"rendered":"<p>Tesis doctoral de Miriam Alvari\u00f1as Villaverde El objeto de estudio de este trabajo se centra en varios aspectos relacionados con [&hellip;]<\/p>\n","protected":false},"author":1,"featured_media":0,"comment_status":"open","ping_status":"open","sticky":false,"template":"","format":"standard","meta":{"site-sidebar-layout":"default","site-content-layout":"","ast-site-content-layout":"","site-content-style":"default","site-sidebar-style":"default","ast-global-header-display":"","ast-banner-title-visibility":"","ast-main-header-display":"","ast-hfb-above-header-display":"","ast-hfb-below-header-display":"","ast-hfb-mobile-header-display":"","site-post-title":"","ast-breadcrumbs-content":"","ast-featured-img":"","footer-sml-layout":"","theme-transparent-header-meta":"","adv-header-id-meta":"","stick-header-meta":"","header-above-stick-meta":"","header-main-stick-meta":"","header-below-stick-meta":"","astra-migrate-meta-layouts":"default","ast-page-background-enabled":"default","ast-page-background-meta":{"desktop":{"background-color":"var(--ast-global-color-4)","background-image":"","background-repeat":"repeat","background-position":"center center","background-size":"auto","background-attachment":"scroll","background-type":"","background-media":"","overlay-type":"","overlay-color":"","overlay-gradient":""},"tablet":{"background-color":"","background-image":"","background-repeat":"repeat","background-position":"center center","background-size":"auto","background-attachment":"scroll","background-type":"","background-media":"","overlay-type":"","overlay-color":"","overlay-gradient":""},"mobile":{"background-color":"","background-image":"","background-repeat":"repeat","background-position":"center center","background-size":"auto","background-attachment":"scroll","background-type":"","background-media":"","overlay-type":"","overlay-color":"","overlay-gradient":""}},"ast-content-background-meta":{"desktop":{"background-color":"var(--ast-global-color-5)","background-image":"","background-repeat":"repeat","background-position":"center center","background-size":"auto","background-attachment":"scroll","background-type":"","background-media":"","overlay-type":"","overlay-color":"","overlay-gradient":""},"tablet":{"background-color":"var(--ast-global-color-5)","background-image":"","background-repeat":"repeat","background-position":"center center","background-size":"auto","background-attachment":"scroll","background-type":"","background-media":"","overlay-type":"","overlay-color":"","overlay-gradient":""},"mobile":{"background-color":"var(--ast-global-color-5)","background-image":"","background-repeat":"repeat","background-position":"center center","background-size":"auto","background-attachment":"scroll","background-type":"","background-media":"","overlay-type":"","overlay-color":"","overlay-gradient":""}},"footnotes":""},"categories":[18576,6020,7302],"tags":[40631,21321,86277,86278,34982,86276],"class_list":["post-30776","post","type-post","status-publish","format-standard","hentry","category-a-coruna","category-evaluacion-de-alumnos","category-procesos-cognitivos","tag-carreiro-da-costa-francisco","tag-eliseo-alfonso-barca-lozano","tag-gonzalez-valeiro-miguel-angel","tag-mar-lorenzo-crespo","tag-maurice-pieron","tag-miriam-alvarinas-villaverde"],"_links":{"self":[{"href":"https:\/\/www.deberes.net\/tesis\/wp-json\/wp\/v2\/posts\/30776","targetHints":{"allow":["GET"]}}],"collection":[{"href":"https:\/\/www.deberes.net\/tesis\/wp-json\/wp\/v2\/posts"}],"about":[{"href":"https:\/\/www.deberes.net\/tesis\/wp-json\/wp\/v2\/types\/post"}],"author":[{"embeddable":true,"href":"https:\/\/www.deberes.net\/tesis\/wp-json\/wp\/v2\/users\/1"}],"replies":[{"embeddable":true,"href":"https:\/\/www.deberes.net\/tesis\/wp-json\/wp\/v2\/comments?post=30776"}],"version-history":[{"count":0,"href":"https:\/\/www.deberes.net\/tesis\/wp-json\/wp\/v2\/posts\/30776\/revisions"}],"wp:attachment":[{"href":"https:\/\/www.deberes.net\/tesis\/wp-json\/wp\/v2\/media?parent=30776"}],"wp:term":[{"taxonomy":"category","embeddable":true,"href":"https:\/\/www.deberes.net\/tesis\/wp-json\/wp\/v2\/categories?post=30776"},{"taxonomy":"post_tag","embeddable":true,"href":"https:\/\/www.deberes.net\/tesis\/wp-json\/wp\/v2\/tags?post=30776"}],"curies":[{"name":"wp","href":"https:\/\/api.w.org\/{rel}","templated":true}]}}