{"id":30797,"date":"2018-03-09T09:24:34","date_gmt":"2018-03-09T09:24:34","guid":{"rendered":"https:\/\/www.deberes.net\/tesis\/sin-categoria\/modelado-computacional-de-los-mecanismos-de-atencion-selectiva-mediante-redes-de-interaccion-lateral\/"},"modified":"2018-03-09T09:24:34","modified_gmt":"2018-03-09T09:24:34","slug":"modelado-computacional-de-los-mecanismos-de-atencion-selectiva-mediante-redes-de-interaccion-lateral","status":"publish","type":"post","link":"https:\/\/www.deberes.net\/tesis\/nacional-de-educacion-a-distancia\/modelado-computacional-de-los-mecanismos-de-atencion-selectiva-mediante-redes-de-interaccion-lateral\/","title":{"rendered":"Modelado computacional de los mecanismos de atenci\u00f3n selectiva mediante redes de interacci\u00f3n lateral"},"content":{"rendered":"<h2>Tesis doctoral de <strong> Mar\u00eda  Teresa Lopez Bonal <\/strong><\/h2>\n<p>El prop\u00f3sito del trabajo objeto de esta tesis doctoral ha sido el estudio, modelado e implementaci\u00f3n de un conjunto de mecanismos involucrados en la tarea de atenci\u00f3n visual selectiva en un escenario de blancos m\u00f3viles de formables. Bajo el nombre de atenci\u00f3n selectiva visual din\u00e1mica (asvd) se engloban un conjunto de mecanismos de procesado de im\u00e1genes de bajo y alto nivel encaminados a focalizar la \u00abmirada\u00bb sobre aquella (aquellas) regi\u00f3n (regiones) de la imagen en la (las) que ocurren sucesos espacio-temporales relevantes.  el inter\u00e9s de la soluci\u00f3n computacional de esta tarea de asvd es m\u00faltiple. por un lado, interesa modelar el proceso para comprender mejor los mecanismos neurofisiol\u00f3gicos y psicol\u00f3gicos soportados. Por otro lado, en el contexto de la inteligencia artificial y la ingenier\u00eda del conocimiento, los mecanismos de asvd son b\u00e1sicos en rob\u00f3tica aut\u00f3noma, en teor\u00eda de \u00abagentes m\u00f3viles\u00bb y en las tareas de vigilancia, seguridad y ayuda a discapacitados visuales, entre otros.  las entradas a nuestro sistema de avsd son: una secuencia indefinida de im\u00e1genes, compuesta por una serie de fotogramas captados de una escena, y, por otro lado, el prop\u00f3sito del observador, que indica al sistema las caracter\u00edsticas de los objetos de inter\u00e9s. La salida de este sistema es el foco de atenci\u00f3n, que estar\u00e1 compuesto \u00fanicamente por los objetos de inter\u00e9s de la escena.  en el primer cap\u00edtulo se muestran las distintas teor\u00edas psicol\u00f3gicas y neurofisiologicas y distintos modelos computacionales previos sobre la atenci\u00f3n selectiva visual. El cap\u00edtulo termina con una revisi\u00f3n de algunos de los dominios de aplicaci\u00f3n m\u00e1s usuales. En el cap\u00edtulo segundo se formula la inhibici\u00f3n lateral algor\u00edtmica (ali) y se defiende que tanto los mecanismos ascendentes como los descendentes de la asvd pueden reescribirse de forma computable usando distintas particularizaciones de los m\u00e9todos ali recurrente y ali no recurrent<\/p>\n<p>&nbsp;<\/p>\n<h3>Datos acad\u00e9micos de la tesis doctoral \u00ab<strong>Modelado computacional de los mecanismos de atenci\u00f3n selectiva mediante redes de interacci\u00f3n lateral<\/strong>\u00ab<\/h3>\n<ul>\n<li><strong>T\u00edtulo de la tesis:<\/strong>\u00a0 Modelado computacional de los mecanismos de atenci\u00f3n selectiva mediante redes de interacci\u00f3n lateral <\/li>\n<li><strong>Autor:<\/strong>\u00a0 Mar\u00eda  Teresa Lopez Bonal <\/li>\n<li><strong>Universidad:<\/strong>\u00a0 Nacional de educaci\u00f3n a distancia<\/li>\n<li><strong>Fecha de lectura de la tesis:<\/strong>\u00a0 16\/06\/2004<\/li>\n<\/ul>\n<p>&nbsp;<\/p>\n<h3>Direcci\u00f3n y tribunal<\/h3>\n<ul>\n<li><strong>Director de la tesis<\/strong>\n<ul>\n<li> Delgado Garc\u00eda Ana Esperanza<\/li>\n<\/ul>\n<\/li>\n<li><strong>Tribunal<\/strong>\n<ul>\n<li>Presidente del tribunal: jose Miramira <\/li>\n<li>roque Mar\u00edn morales (vocal)<\/li>\n<li>dar\u00edo Maravall g\u00f3mez-allende (vocal)<\/li>\n<li>Javier De lope asia\u00edn (vocal)<\/li>\n<\/ul>\n<\/li>\n<\/ul>\n<p>&nbsp;<\/p>\n","protected":false},"excerpt":{"rendered":"<p>Tesis doctoral de Mar\u00eda Teresa Lopez Bonal El prop\u00f3sito del trabajo objeto de esta tesis doctoral ha sido el estudio, [&hellip;]<\/p>\n","protected":false},"author":1,"featured_media":0,"comment_status":"open","ping_status":"open","sticky":false,"template":"","format":"standard","meta":{"site-sidebar-layout":"default","site-content-layout":"","ast-site-content-layout":"","site-content-style":"default","site-sidebar-style":"default","ast-global-header-display":"","ast-banner-title-visibility":"","ast-main-header-display":"","ast-hfb-above-header-display":"","ast-hfb-below-header-display":"","ast-hfb-mobile-header-display":"","site-post-title":"","ast-breadcrumbs-content":"","ast-featured-img":"","footer-sml-layout":"","theme-transparent-header-meta":"","adv-header-id-meta":"","stick-header-meta":"","header-above-stick-meta":"","header-main-stick-meta":"","header-below-stick-meta":"","astra-migrate-meta-layouts":"default","ast-page-background-enabled":"default","ast-page-background-meta":{"desktop":{"background-color":"var(--ast-global-color-4)","background-image":"","background-repeat":"repeat","background-position":"center center","background-size":"auto","background-attachment":"scroll","background-type":"","background-media":"","overlay-type":"","overlay-color":"","overlay-gradient":""},"tablet":{"background-color":"","background-image":"","background-repeat":"repeat","background-position":"center center","background-size":"auto","background-attachment":"scroll","background-type":"","background-media":"","overlay-type":"","overlay-color":"","overlay-gradient":""},"mobile":{"background-color":"","background-image":"","background-repeat":"repeat","background-position":"center center","background-size":"auto","background-attachment":"scroll","background-type":"","background-media":"","overlay-type":"","overlay-color":"","overlay-gradient":""}},"ast-content-background-meta":{"desktop":{"background-color":"var(--ast-global-color-5)","background-image":"","background-repeat":"repeat","background-position":"center center","background-size":"auto","background-attachment":"scroll","background-type":"","background-media":"","overlay-type":"","overlay-color":"","overlay-gradient":""},"tablet":{"background-color":"var(--ast-global-color-5)","background-image":"","background-repeat":"repeat","background-position":"center center","background-size":"auto","background-attachment":"scroll","background-type":"","background-media":"","overlay-type":"","overlay-color":"","overlay-gradient":""},"mobile":{"background-color":"var(--ast-global-color-5)","background-image":"","background-repeat":"repeat","background-position":"center center","background-size":"auto","background-attachment":"scroll","background-type":"","background-media":"","overlay-type":"","overlay-color":"","overlay-gradient":""}},"footnotes":""},"categories":[17070],"tags":[31072,66006,65811,86329,86328,2538],"class_list":["post-30797","post","type-post","status-publish","format-standard","hentry","category-nacional-de-educacion-a-distancia","tag-dario-maravall-gomez-allende","tag-delgado-garcia-ana-esperanza","tag-javier-de-lope-asiain","tag-jose-miramira","tag-maria-teresa-lopez-bonal","tag-roque-marin-morales"],"_links":{"self":[{"href":"https:\/\/www.deberes.net\/tesis\/wp-json\/wp\/v2\/posts\/30797","targetHints":{"allow":["GET"]}}],"collection":[{"href":"https:\/\/www.deberes.net\/tesis\/wp-json\/wp\/v2\/posts"}],"about":[{"href":"https:\/\/www.deberes.net\/tesis\/wp-json\/wp\/v2\/types\/post"}],"author":[{"embeddable":true,"href":"https:\/\/www.deberes.net\/tesis\/wp-json\/wp\/v2\/users\/1"}],"replies":[{"embeddable":true,"href":"https:\/\/www.deberes.net\/tesis\/wp-json\/wp\/v2\/comments?post=30797"}],"version-history":[{"count":0,"href":"https:\/\/www.deberes.net\/tesis\/wp-json\/wp\/v2\/posts\/30797\/revisions"}],"wp:attachment":[{"href":"https:\/\/www.deberes.net\/tesis\/wp-json\/wp\/v2\/media?parent=30797"}],"wp:term":[{"taxonomy":"category","embeddable":true,"href":"https:\/\/www.deberes.net\/tesis\/wp-json\/wp\/v2\/categories?post=30797"},{"taxonomy":"post_tag","embeddable":true,"href":"https:\/\/www.deberes.net\/tesis\/wp-json\/wp\/v2\/tags?post=30797"}],"curies":[{"name":"wp","href":"https:\/\/api.w.org\/{rel}","templated":true}]}}