{"id":30800,"date":"2018-03-09T09:24:35","date_gmt":"2018-03-09T09:24:35","guid":{"rendered":"https:\/\/www.deberes.net\/tesis\/sin-categoria\/analisis-de-macrominerales-y-oligoelementos-en-derivados-carnicos-evaluacion-del-aporte-a-la-ingesta-dietetica\/"},"modified":"2018-03-09T09:24:35","modified_gmt":"2018-03-09T09:24:35","slug":"analisis-de-macrominerales-y-oligoelementos-en-derivados-carnicos-evaluacion-del-aporte-a-la-ingesta-dietetica","status":"publish","type":"post","link":"https:\/\/www.deberes.net\/tesis\/navarra\/analisis-de-macrominerales-y-oligoelementos-en-derivados-carnicos-evaluacion-del-aporte-a-la-ingesta-dietetica\/","title":{"rendered":"An\u00e1lisis de macrominerales y oligoelementos en derivados c\u00e1rnicos. evaluaci\u00f3n del aporte a la ingesta diet\u00e9tica"},"content":{"rendered":"<h2>Tesis doctoral de <strong> Cristina Barbarin Aizp\u00fan <\/strong><\/h2>\n<p>La mayor\u00eda de los minerales y elementos traza resultan indispensables para el ser humano: colaboran en la elaboraci\u00f3n de tejidos, s\u00edntesis dehormonas, participan en numerosos sistemas enzim\u00e1ticos, equilibrio \u00e1cido-base, i\u00f3nico, etc. La carencia de estos micronutrientes ha provocado la aparici\u00f3n de diversas enfermedades carenciales, como la anemia u osteoporosis, aunque tambi\u00e9n los excesos se han relacionado con otras, como la hipertensi\u00f3n o las enfermedades cardiovasculares. La principal v\u00eda de entrada de minerales y oligoelementos al organismo es a trav\u00e9s de la cadena alimentaria, por lo que resulta interesante conocer qu\u00e9 alimentos proporcionan los mayores aportes.  los derivados c\u00e1rnicos son alimentos, en general, de consumo frecuente y tradicional entre la poblaci\u00f3n, no s\u00f3lo por sus agradables caracteres organol\u00e9pticos, sino tambi\u00e9n pro su f\u00e1cil y c\u00f3moda adquisici\u00f3n, preparaci\u00f3n y consevaci\u00f3n.  la materia prima requerida para su elaboraci\u00f3n es en gran medida la carne procedente de ganado porcino, con contenidos reconocidos en diversos minerales y elementos traza. Sin embargo, la informaci\u00f3n disponible acerca del contenido de estos micronutrientes en los derivados c\u00e1rnicos es significativamente menor.  a la luz de los resultados, los productos c\u00e1rnicos se consideran valiosas fuentes de sodio, f\u00f3sforo, hierro y zinc; intermedias de cobre, selenio, cromo y potasio; escasas en magnesio y manganesos; y pr\u00e1cticamente nulas de calcio.  la inexistencia de una receeta de obligado cumplimiento para la elaboraci\u00f3n de estos productos conduce a una variabilida da\u00fan mayor en la composici\u00f3n final de minerales y oligoelementos, pudiendo atribuirse \u00e9sta a la adici\u00f3n de condimentos, especias, aditivo su otros ingredientes empleados en su elaboraci\u00f3n. Los productos c\u00e1rnicos de car\u00e1cter mayoritariamente magro presentan altos contenidos de macrominerales; los elaborados con v\u00edsceras y sangre ofrecen cantidades con<\/p>\n<p>&nbsp;<\/p>\n<h3>Datos acad\u00e9micos de la tesis doctoral \u00ab<strong>An\u00e1lisis de macrominerales y oligoelementos en derivados c\u00e1rnicos. evaluaci\u00f3n del aporte a la ingesta diet\u00e9tica<\/strong>\u00ab<\/h3>\n<ul>\n<li><strong>T\u00edtulo de la tesis:<\/strong>\u00a0 An\u00e1lisis de macrominerales y oligoelementos en derivados c\u00e1rnicos. evaluaci\u00f3n del aporte a la ingesta diet\u00e9tica <\/li>\n<li><strong>Autor:<\/strong>\u00a0 Cristina Barbarin Aizp\u00fan <\/li>\n<li><strong>Universidad:<\/strong>\u00a0 Navarra<\/li>\n<li><strong>Fecha de lectura de la tesis:<\/strong>\u00a0 16\/06\/2004<\/li>\n<\/ul>\n<p>&nbsp;<\/p>\n<h3>Direcci\u00f3n y tribunal<\/h3>\n<ul>\n<li><strong>Director de la tesis<\/strong>\n<ul>\n<li>I\u00f1igo Navarro Blasco<\/li>\n<\/ul>\n<\/li>\n<li><strong>Tribunal<\/strong>\n<ul>\n<li>Presidente del tribunal: pilar Bermejo barrera <\/li>\n<li> Fern\u00e1ndez \u00e1lvarez Jos\u00e9 m. (vocal)<\/li>\n<li>olga Moreiras tun\u00ed (vocal)<\/li>\n<li> Alonso de la torre sara (vocal)<\/li>\n<\/ul>\n<\/li>\n<\/ul>\n<p>&nbsp;<\/p>\n","protected":false},"excerpt":{"rendered":"<p>Tesis doctoral de Cristina Barbarin Aizp\u00fan La mayor\u00eda de los minerales y elementos traza resultan indispensables para el ser humano: [&hellip;]<\/p>\n","protected":false},"author":1,"featured_media":0,"comment_status":"open","ping_status":"open","sticky":false,"template":"","format":"standard","meta":{"site-sidebar-layout":"default","site-content-layout":"","ast-site-content-layout":"","site-content-style":"default","site-sidebar-style":"default","ast-global-header-display":"","ast-banner-title-visibility":"","ast-main-header-display":"","ast-hfb-above-header-display":"","ast-hfb-below-header-display":"","ast-hfb-mobile-header-display":"","site-post-title":"","ast-breadcrumbs-content":"","ast-featured-img":"","footer-sml-layout":"","theme-transparent-header-meta":"","adv-header-id-meta":"","stick-header-meta":"","header-above-stick-meta":"","header-main-stick-meta":"","header-below-stick-meta":"","astra-migrate-meta-layouts":"default","ast-page-background-enabled":"default","ast-page-background-meta":{"desktop":{"background-color":"var(--ast-global-color-4)","background-image":"","background-repeat":"repeat","background-position":"center center","background-size":"auto","background-attachment":"scroll","background-type":"","background-media":"","overlay-type":"","overlay-color":"","overlay-gradient":""},"tablet":{"background-color":"","background-image":"","background-repeat":"repeat","background-position":"center center","background-size":"auto","background-attachment":"scroll","background-type":"","background-media":"","overlay-type":"","overlay-color":"","overlay-gradient":""},"mobile":{"background-color":"","background-image":"","background-repeat":"repeat","background-position":"center center","background-size":"auto","background-attachment":"scroll","background-type":"","background-media":"","overlay-type":"","overlay-color":"","overlay-gradient":""}},"ast-content-background-meta":{"desktop":{"background-color":"var(--ast-global-color-5)","background-image":"","background-repeat":"repeat","background-position":"center center","background-size":"auto","background-attachment":"scroll","background-type":"","background-media":"","overlay-type":"","overlay-color":"","overlay-gradient":""},"tablet":{"background-color":"var(--ast-global-color-5)","background-image":"","background-repeat":"repeat","background-position":"center center","background-size":"auto","background-attachment":"scroll","background-type":"","background-media":"","overlay-type":"","overlay-color":"","overlay-gradient":""},"mobile":{"background-color":"var(--ast-global-color-5)","background-image":"","background-repeat":"repeat","background-position":"center center","background-size":"auto","background-attachment":"scroll","background-type":"","background-media":"","overlay-type":"","overlay-color":"","overlay-gradient":""}},"footnotes":""},"categories":[17749],"tags":[86335,86333,86334,32248,24594,3260],"class_list":["post-30800","post","type-post","status-publish","format-standard","hentry","category-navarra","tag-alonso-de-la-torre-sara","tag-cristina-barbarin-aizpun","tag-fernandez-alvarez-jose-m","tag-inigo-navarro-blasco","tag-olga-moreiras-tuni","tag-pilar-bermejo-barrera"],"_links":{"self":[{"href":"https:\/\/www.deberes.net\/tesis\/wp-json\/wp\/v2\/posts\/30800","targetHints":{"allow":["GET"]}}],"collection":[{"href":"https:\/\/www.deberes.net\/tesis\/wp-json\/wp\/v2\/posts"}],"about":[{"href":"https:\/\/www.deberes.net\/tesis\/wp-json\/wp\/v2\/types\/post"}],"author":[{"embeddable":true,"href":"https:\/\/www.deberes.net\/tesis\/wp-json\/wp\/v2\/users\/1"}],"replies":[{"embeddable":true,"href":"https:\/\/www.deberes.net\/tesis\/wp-json\/wp\/v2\/comments?post=30800"}],"version-history":[{"count":0,"href":"https:\/\/www.deberes.net\/tesis\/wp-json\/wp\/v2\/posts\/30800\/revisions"}],"wp:attachment":[{"href":"https:\/\/www.deberes.net\/tesis\/wp-json\/wp\/v2\/media?parent=30800"}],"wp:term":[{"taxonomy":"category","embeddable":true,"href":"https:\/\/www.deberes.net\/tesis\/wp-json\/wp\/v2\/categories?post=30800"},{"taxonomy":"post_tag","embeddable":true,"href":"https:\/\/www.deberes.net\/tesis\/wp-json\/wp\/v2\/tags?post=30800"}],"curies":[{"name":"wp","href":"https:\/\/api.w.org\/{rel}","templated":true}]}}