{"id":30821,"date":"2018-03-09T09:24:36","date_gmt":"2018-03-09T09:24:36","guid":{"rendered":"https:\/\/www.deberes.net\/tesis\/sin-categoria\/prevencion-secundaria-de-la-depresion-en-centros-de-atencion-primaria\/"},"modified":"2018-03-09T09:24:36","modified_gmt":"2018-03-09T09:24:36","slug":"prevencion-secundaria-de-la-depresion-en-centros-de-atencion-primaria","status":"publish","type":"post","link":"https:\/\/www.deberes.net\/tesis\/oviedo\/prevencion-secundaria-de-la-depresion-en-centros-de-atencion-primaria\/","title":{"rendered":"Prevenci\u00f3n secundaria de la depresi\u00f3n en centros de atenci\u00f3n primaria"},"content":{"rendered":"<h2>Tesis doctoral de <strong> Sara Gonz\u00e1lez Gonz\u00e1lez <\/strong><\/h2>\n<p>Introducci\u00f3n: seg\u00fan el modelo comunitario en salud mental ha de otorgarse una especial relevancia a la prevenci\u00f3n de la psicopatolog\u00eda. En esta investigaci\u00f3n emp\u00edrica se pretendi\u00f3 realizar una prevenci\u00f3n secundaria de los trastornos depresivos en personas con riesgo de padecerlos, identificadas por los m\u00e9dicos de familia de tres centros de salud asturianos.  revisi\u00f3n te\u00f3rica: se analizan las principales publicaciones internacionales y espa\u00f1olas de los \u00faltimos a\u00f1os sobre: conceptualizaci\u00f3n de la depresi\u00f3n, psicopatolog\u00eda, teor\u00edas explicativas, evaluaci\u00f3n, tratamiento, promoci\u00f3n de la salud mental y psicolog\u00eda comunitaria, prevenci\u00f3n primaria de los trastornos depresivos y prevenci\u00f3n secundaria.  objetivos: comparar la eficacia, eficiencia y efectividad en la prevenci\u00f3n secundaria de la depresi\u00f3n de varias intervenciones grupales ( psicoterapia cognitivo-conductual, psicoterapia de potenciaci\u00f3n de los recursos personales y grupo de apoyo actual) y un grupo control (lista de espera); adem\u00e1s, hallar variables predictoras de los resultados y analizar los agentes promotores del cambio terap\u00e9utico.  m\u00e9todo: la muestra la formaron personas voluntarias de tres centros de atenci\u00f3n primaria (c.A.P.) Asturianos, que presentaban s\u00edntomas depresivos con la suficiente levedad como para no cumplir los requisitos de ning\u00fan diagn\u00f3stico psicopatol\u00f3gico, tratadas por su m\u00e9dico de atenci\u00f3n primaria (m.A.P.) Mediante psicof\u00e1rmacos y\/o consejo, no derivados a los centros de salud mental (c.S.M.). Se realiz\u00f3 la selecci\u00f3n en los c.A.P. En dos fases: una ejecutada por el m.A.P. Y otra por el psic\u00f3logo (investigador principal). Los 60 sujetos admitidos fueron aleatoriamente asignados a cuatro grupos distintos de tratamiento: psicoterapia grupal cognitivo-conductual, psicoterapia grupal de potenciaci\u00f3n de recursos, grupo de apoyo social y lista de espera. El psic\u00f3logo realiz\u00f3 las intervenciones en subgrupos, durante seis<\/p>\n<p>&nbsp;<\/p>\n<h3>Datos acad\u00e9micos de la tesis doctoral \u00ab<strong>Prevenci\u00f3n secundaria de la depresi\u00f3n en centros de atenci\u00f3n primaria<\/strong>\u00ab<\/h3>\n<ul>\n<li><strong>T\u00edtulo de la tesis:<\/strong>\u00a0 Prevenci\u00f3n secundaria de la depresi\u00f3n en centros de atenci\u00f3n primaria <\/li>\n<li><strong>Autor:<\/strong>\u00a0 Sara Gonz\u00e1lez Gonz\u00e1lez <\/li>\n<li><strong>Universidad:<\/strong>\u00a0 Oviedo<\/li>\n<li><strong>Fecha de lectura de la tesis:<\/strong>\u00a0 17\/06\/2004<\/li>\n<\/ul>\n<p>&nbsp;<\/p>\n<h3>Direcci\u00f3n y tribunal<\/h3>\n<ul>\n<li><strong>Director de la tesis<\/strong>\n<ul>\n<li>Concepci\u00f3n Fern\u00e1ndez Rodr\u00edguez<\/li>\n<\/ul>\n<\/li>\n<li><strong>Tribunal<\/strong>\n<ul>\n<li>Presidente del tribunal: marino P\u00e9rez \u00e1lvarez <\/li>\n<li>Miguel angel Vallejo pareja (vocal)<\/li>\n<li>Francisco Javier Mendez carrillo (vocal)<\/li>\n<li> Diez fern\u00e1ndez Mar\u00eda  eugenia (vocal)<\/li>\n<\/ul>\n<\/li>\n<\/ul>\n<p>&nbsp;<\/p>\n","protected":false},"excerpt":{"rendered":"<p>Tesis doctoral de Sara Gonz\u00e1lez Gonz\u00e1lez Introducci\u00f3n: seg\u00fan el modelo comunitario en salud mental ha de otorgarse una especial relevancia [&hellip;]<\/p>\n","protected":false},"author":1,"featured_media":0,"comment_status":"open","ping_status":"open","sticky":false,"template":"","format":"standard","meta":{"site-sidebar-layout":"default","site-content-layout":"","ast-site-content-layout":"","site-content-style":"default","site-sidebar-style":"default","ast-global-header-display":"","ast-banner-title-visibility":"","ast-main-header-display":"","ast-hfb-above-header-display":"","ast-hfb-below-header-display":"","ast-hfb-mobile-header-display":"","site-post-title":"","ast-breadcrumbs-content":"","ast-featured-img":"","footer-sml-layout":"","theme-transparent-header-meta":"","adv-header-id-meta":"","stick-header-meta":"","header-above-stick-meta":"","header-main-stick-meta":"","header-below-stick-meta":"","astra-migrate-meta-layouts":"default","ast-page-background-enabled":"default","ast-page-background-meta":{"desktop":{"background-color":"var(--ast-global-color-4)","background-image":"","background-repeat":"repeat","background-position":"center center","background-size":"auto","background-attachment":"scroll","background-type":"","background-media":"","overlay-type":"","overlay-color":"","overlay-gradient":""},"tablet":{"background-color":"","background-image":"","background-repeat":"repeat","background-position":"center center","background-size":"auto","background-attachment":"scroll","background-type":"","background-media":"","overlay-type":"","overlay-color":"","overlay-gradient":""},"mobile":{"background-color":"","background-image":"","background-repeat":"repeat","background-position":"center center","background-size":"auto","background-attachment":"scroll","background-type":"","background-media":"","overlay-type":"","overlay-color":"","overlay-gradient":""}},"ast-content-background-meta":{"desktop":{"background-color":"var(--ast-global-color-5)","background-image":"","background-repeat":"repeat","background-position":"center center","background-size":"auto","background-attachment":"scroll","background-type":"","background-media":"","overlay-type":"","overlay-color":"","overlay-gradient":""},"tablet":{"background-color":"var(--ast-global-color-5)","background-image":"","background-repeat":"repeat","background-position":"center center","background-size":"auto","background-attachment":"scroll","background-type":"","background-media":"","overlay-type":"","overlay-color":"","overlay-gradient":""},"mobile":{"background-color":"var(--ast-global-color-5)","background-image":"","background-repeat":"repeat","background-position":"center center","background-size":"auto","background-attachment":"scroll","background-type":"","background-media":"","overlay-type":"","overlay-color":"","overlay-gradient":""}},"footnotes":""},"categories":[8846],"tags":[9096,86378,24938,8884,7306,86377],"class_list":["post-30821","post","type-post","status-publish","format-standard","hentry","category-oviedo","tag-concepcion-fernandez-rodriguez","tag-diez-fernandez-maria-eugenia","tag-francisco-javier-mendez-carrillo","tag-marino-perez-alvarez","tag-miguel-angel-vallejo-pareja","tag-sara-gonzalez-gonzalez"],"_links":{"self":[{"href":"https:\/\/www.deberes.net\/tesis\/wp-json\/wp\/v2\/posts\/30821","targetHints":{"allow":["GET"]}}],"collection":[{"href":"https:\/\/www.deberes.net\/tesis\/wp-json\/wp\/v2\/posts"}],"about":[{"href":"https:\/\/www.deberes.net\/tesis\/wp-json\/wp\/v2\/types\/post"}],"author":[{"embeddable":true,"href":"https:\/\/www.deberes.net\/tesis\/wp-json\/wp\/v2\/users\/1"}],"replies":[{"embeddable":true,"href":"https:\/\/www.deberes.net\/tesis\/wp-json\/wp\/v2\/comments?post=30821"}],"version-history":[{"count":0,"href":"https:\/\/www.deberes.net\/tesis\/wp-json\/wp\/v2\/posts\/30821\/revisions"}],"wp:attachment":[{"href":"https:\/\/www.deberes.net\/tesis\/wp-json\/wp\/v2\/media?parent=30821"}],"wp:term":[{"taxonomy":"category","embeddable":true,"href":"https:\/\/www.deberes.net\/tesis\/wp-json\/wp\/v2\/categories?post=30821"},{"taxonomy":"post_tag","embeddable":true,"href":"https:\/\/www.deberes.net\/tesis\/wp-json\/wp\/v2\/tags?post=30821"}],"curies":[{"name":"wp","href":"https:\/\/api.w.org\/{rel}","templated":true}]}}