{"id":30831,"date":"2018-03-09T09:24:37","date_gmt":"2018-03-09T09:24:37","guid":{"rendered":"https:\/\/www.deberes.net\/tesis\/sin-categoria\/laboratorio-de-una-mirada-procesos-de-creacion-a-traves-de-tecnologa%c2%adas-electrograficas\/"},"modified":"2018-03-09T09:24:37","modified_gmt":"2018-03-09T09:24:37","slug":"laboratorio-de-una-mirada-procesos-de-creacion-a-traves-de-tecnologa%c2%adas-electrograficas","status":"publish","type":"post","link":"https:\/\/www.deberes.net\/tesis\/politecnica-de-valencia\/laboratorio-de-una-mirada-procesos-de-creacion-a-traves-de-tecnologa%c2%adas-electrograficas\/","title":{"rendered":"Laboratorio de una mirada: procesos de creaci\u00f3n a trav\u00e9s de tecnolog\u00edas electrogr\u00e1ficas"},"content":{"rendered":"<h2>Tesis doctoral de <strong> Rub\u00e9n Tortosa Cuesta <\/strong><\/h2>\n<p>La presente tesis doctoral intenta definir el concepto de imagen a partir de los procesos electromec\u00e1nicos y tecnol\u00f3gicos de representaci\u00f3n. La creaci\u00f3n art\u00edstica ha encontrado en estos medios un lenguaje que expresa nuevas experiencias que van desde su utilizaci\u00f3n como simples medios de producci\u00f3n de la imagen, hasta complejos sistemas h\u00edbridos de medios y lenguajes.  para ello situamos hist\u00f3ricamente los artistas que comenzaron a utilizar estos procesos, aportando relaciones te\u00f3ricas y conceptuales y datos t\u00e9cnicos sobre los mismos.  en segundo lugar realizamos un estudio de la imagen y los procesos de reperesentaci\u00f3n surgidos de la utilizaci\u00f3n de estas nuevas tecnolog\u00edas; y en tercer lugar se ha planteado un laboratorio t\u00e9cnico en d\u00f3nde se ha estudiado y analizado el lenguaje de la m\u00e1quina, su mirada, los nuevos signos que genera y las estrategias y t\u00e9cnicas de montaje de la imagen, finalizando con la revisi\u00f3n de los conceptos de m\u00faltiple y fragmento.<\/p>\n<p>&nbsp;<\/p>\n<h3>Datos acad\u00e9micos de la tesis doctoral \u00ab<strong>Laboratorio de una mirada: procesos de creaci\u00f3n a trav\u00e9s de tecnolog\u00edas electrogr\u00e1ficas<\/strong>\u00ab<\/h3>\n<ul>\n<li><strong>T\u00edtulo de la tesis:<\/strong>\u00a0 Laboratorio de una mirada: procesos de creaci\u00f3n a trav\u00e9s de tecnolog\u00edas electrogr\u00e1ficas <\/li>\n<li><strong>Autor:<\/strong>\u00a0 Rub\u00e9n Tortosa Cuesta <\/li>\n<li><strong>Universidad:<\/strong>\u00a0 Polit\u00e9cnica de Valencia<\/li>\n<li><strong>Fecha de lectura de la tesis:<\/strong>\u00a0 17\/06\/2004<\/li>\n<\/ul>\n<p>&nbsp;<\/p>\n<h3>Direcci\u00f3n y tribunal<\/h3>\n<ul>\n<li><strong>Director de la tesis<\/strong>\n<ul>\n<li>Francisco Jarauta Marion<\/li>\n<\/ul>\n<\/li>\n<li><strong>Tribunal<\/strong>\n<ul>\n<li>Presidente del tribunal: Carlos Plasencia climent <\/li>\n<li> Alcal\u00e1 mellado Jos\u00e9 ram\u00f3n (vocal)<\/li>\n<li>Manuel S\u00e1nchez arcenegui (vocal)<\/li>\n<li>Jes\u00fas Pastor bravo (vocal)<\/li>\n<\/ul>\n<\/li>\n<\/ul>\n<p>&nbsp;<\/p>\n","protected":false},"excerpt":{"rendered":"<p>Tesis doctoral de Rub\u00e9n Tortosa Cuesta La presente tesis doctoral intenta definir el concepto de imagen a partir de los [&hellip;]<\/p>\n","protected":false},"author":1,"featured_media":0,"comment_status":"open","ping_status":"open","sticky":false,"template":"","format":"standard","meta":{"site-sidebar-layout":"default","site-content-layout":"","ast-site-content-layout":"","site-content-style":"default","site-sidebar-style":"default","ast-global-header-display":"","ast-banner-title-visibility":"","ast-main-header-display":"","ast-hfb-above-header-display":"","ast-hfb-below-header-display":"","ast-hfb-mobile-header-display":"","site-post-title":"","ast-breadcrumbs-content":"","ast-featured-img":"","footer-sml-layout":"","theme-transparent-header-meta":"","adv-header-id-meta":"","stick-header-meta":"","header-above-stick-meta":"","header-main-stick-meta":"","header-below-stick-meta":"","astra-migrate-meta-layouts":"default","ast-page-background-enabled":"default","ast-page-background-meta":{"desktop":{"background-color":"var(--ast-global-color-4)","background-image":"","background-repeat":"repeat","background-position":"center center","background-size":"auto","background-attachment":"scroll","background-type":"","background-media":"","overlay-type":"","overlay-color":"","overlay-gradient":""},"tablet":{"background-color":"","background-image":"","background-repeat":"repeat","background-position":"center center","background-size":"auto","background-attachment":"scroll","background-type":"","background-media":"","overlay-type":"","overlay-color":"","overlay-gradient":""},"mobile":{"background-color":"","background-image":"","background-repeat":"repeat","background-position":"center center","background-size":"auto","background-attachment":"scroll","background-type":"","background-media":"","overlay-type":"","overlay-color":"","overlay-gradient":""}},"ast-content-background-meta":{"desktop":{"background-color":"var(--ast-global-color-5)","background-image":"","background-repeat":"repeat","background-position":"center center","background-size":"auto","background-attachment":"scroll","background-type":"","background-media":"","overlay-type":"","overlay-color":"","overlay-gradient":""},"tablet":{"background-color":"var(--ast-global-color-5)","background-image":"","background-repeat":"repeat","background-position":"center center","background-size":"auto","background-attachment":"scroll","background-type":"","background-media":"","overlay-type":"","overlay-color":"","overlay-gradient":""},"mobile":{"background-color":"var(--ast-global-color-5)","background-image":"","background-repeat":"repeat","background-position":"center center","background-size":"auto","background-attachment":"scroll","background-type":"","background-media":"","overlay-type":"","overlay-color":"","overlay-gradient":""}},"footnotes":""},"categories":[16820],"tags":[31262,31219,8503,13088,21930,86399],"class_list":["post-30831","post","type-post","status-publish","format-standard","hentry","category-politecnica-de-valencia","tag-alcala-mellado-jose-ramon","tag-carlos-plasencia-climent","tag-francisco-jarauta-marion","tag-jesus-pastor-bravo","tag-manuel-sanchez-arcenegui","tag-ruben-tortosa-cuesta"],"_links":{"self":[{"href":"https:\/\/www.deberes.net\/tesis\/wp-json\/wp\/v2\/posts\/30831","targetHints":{"allow":["GET"]}}],"collection":[{"href":"https:\/\/www.deberes.net\/tesis\/wp-json\/wp\/v2\/posts"}],"about":[{"href":"https:\/\/www.deberes.net\/tesis\/wp-json\/wp\/v2\/types\/post"}],"author":[{"embeddable":true,"href":"https:\/\/www.deberes.net\/tesis\/wp-json\/wp\/v2\/users\/1"}],"replies":[{"embeddable":true,"href":"https:\/\/www.deberes.net\/tesis\/wp-json\/wp\/v2\/comments?post=30831"}],"version-history":[{"count":0,"href":"https:\/\/www.deberes.net\/tesis\/wp-json\/wp\/v2\/posts\/30831\/revisions"}],"wp:attachment":[{"href":"https:\/\/www.deberes.net\/tesis\/wp-json\/wp\/v2\/media?parent=30831"}],"wp:term":[{"taxonomy":"category","embeddable":true,"href":"https:\/\/www.deberes.net\/tesis\/wp-json\/wp\/v2\/categories?post=30831"},{"taxonomy":"post_tag","embeddable":true,"href":"https:\/\/www.deberes.net\/tesis\/wp-json\/wp\/v2\/tags?post=30831"}],"curies":[{"name":"wp","href":"https:\/\/api.w.org\/{rel}","templated":true}]}}