{"id":30833,"date":"2018-03-09T09:24:37","date_gmt":"2018-03-09T09:24:37","guid":{"rendered":"https:\/\/www.deberes.net\/tesis\/sin-categoria\/imagineria-de-la-semana-santa-marinera-de-valencia-el-paso-de-la-crucifixion-del-senor\/"},"modified":"2018-03-09T09:24:37","modified_gmt":"2018-03-09T09:24:37","slug":"imagineria-de-la-semana-santa-marinera-de-valencia-el-paso-de-la-crucifixion-del-senor","status":"publish","type":"post","link":"https:\/\/www.deberes.net\/tesis\/politecnica-de-valencia\/imagineria-de-la-semana-santa-marinera-de-valencia-el-paso-de-la-crucifixion-del-senor\/","title":{"rendered":"Imagineria de la semana santa marinera de Valencia. el paso de la crucifixion del se\u00f1or"},"content":{"rendered":"<h2>Tesis doctoral de <strong> Jos\u00e9 Vicente Grafi\u00e1 Sales <\/strong><\/h2>\n<p>El hombre es un \u00abanimal simb\u00f3lico\u00bb; los signos y s\u00edmbolos nos resultan tan necesarios como el aire que respiramos.  desde sus or\u00edgenes la creaci\u00f3n art\u00edstica ha sido un proceso de g\u00e9nesis de s\u00edmbolos.  la fe tambi\u00e9n ha necesitado del arte para encarnarse en la materia.  las im\u00e1genes, los iconos y los s\u00edmbolos mueven a veces m\u00e1s que las ideas. tienen una conexi\u00f3n m\u00e1s radical y profunda con lo sacro que la que pueda tener el lenguaje abstracto y conceptual. El pensamiento ic\u00f3nico se muestra como el acompa\u00f1ante m\u00e1s propio de la experiencia religiosa.  mientras la vivencia religiosa individual deviene generalmente de un proceso de interiorizaci\u00f3n de lo sagrado, la colectiva, es en esencia, exteriorizaci\u00f3n. la fiesta tuvo su origen en esta vivencia colectiva y social de lo sagrado.  la semana santa marinera de Valencia a diferencia de otras que tienen pasos antiqu\u00edsimos, carec\u00eda de im\u00e1genes talladas y era representada mediante escenificaicones de personajes b\u00edblicos.  la creaci\u00f3n en  1925 de la hermandaz de la santa faz, provoca, la transformaci\u00f3n de la hasta entonces existente semana santa marinera de Valencia. Se crean nuevas hermandades y con ellas aparecen nuevas im\u00e1genes.  un hecho hist\u00f3rico marc\u00f3 el devenir de la imagenier\u00eda de los poblados mar\u00edtimos de Valencia, la guerra civil espa\u00f1ola. El destrozo de im\u00e1genes que se produjo en ella, provoc\u00f3 un deseo por recuperar, en la posguerra, im\u00e1genes similares a las que pose\u00edan con anterioridad. En a\u00f1os sucesivos, se increment\u00f3 el n\u00famero de pasos procesionales.  estas im\u00e1genes, est\u00e1n talladas en madera y debido a factores abi\u00f3ticos (humedad, luz, temperatura, ..) Y bi\u00f3ticos (bacterias, hongos, insectos..) se van deteriorando, precisando de intervenciones de conservaci\u00f3n y restauraci\u00f3n.  se ha realizado un estudio de los distintos pasos existentes, observando las distintas alteraciones que sufren y sus posibles intervenciones de conservaci\u00f3n y r<\/p>\n<p>&nbsp;<\/p>\n<h3>Datos acad\u00e9micos de la tesis doctoral \u00ab<strong>Imagineria de la semana santa marinera de Valencia. el paso de la crucifixion del se\u00f1or<\/strong>\u00ab<\/h3>\n<ul>\n<li><strong>T\u00edtulo de la tesis:<\/strong>\u00a0 Imagineria de la semana santa marinera de Valencia. el paso de la crucifixion del se\u00f1or <\/li>\n<li><strong>Autor:<\/strong>\u00a0 Jos\u00e9 Vicente Grafi\u00e1 Sales <\/li>\n<li><strong>Universidad:<\/strong>\u00a0 Polit\u00e9cnica de Valencia<\/li>\n<li><strong>Fecha de lectura de la tesis:<\/strong>\u00a0 17\/06\/2004<\/li>\n<\/ul>\n<p>&nbsp;<\/p>\n<h3>Direcci\u00f3n y tribunal<\/h3>\n<ul>\n<li><strong>Director de la tesis<\/strong>\n<ul>\n<li> Roig Salom Jos\u00e9 Luis<\/li>\n<\/ul>\n<\/li>\n<li><strong>Tribunal<\/strong>\n<ul>\n<li>Presidente del tribunal: Mar\u00eda pilar Roig picazo <\/li>\n<li>Mar\u00eda  teresa Escohotado ibor (vocal)<\/li>\n<li>pilar Legorburu escudero (vocal)<\/li>\n<li>Jos\u00e9 Esteve edo (vocal)<\/li>\n<\/ul>\n<\/li>\n<\/ul>\n<p>&nbsp;<\/p>\n","protected":false},"excerpt":{"rendered":"<p>Tesis doctoral de Jos\u00e9 Vicente Grafi\u00e1 Sales El hombre es un \u00abanimal simb\u00f3lico\u00bb; los signos y s\u00edmbolos nos resultan tan [&hellip;]<\/p>\n","protected":false},"author":1,"featured_media":0,"comment_status":"open","ping_status":"open","sticky":false,"template":"","format":"standard","meta":{"site-sidebar-layout":"default","site-content-layout":"","ast-site-content-layout":"","site-content-style":"default","site-sidebar-style":"default","ast-global-header-display":"","ast-banner-title-visibility":"","ast-main-header-display":"","ast-hfb-above-header-display":"","ast-hfb-below-header-display":"","ast-hfb-mobile-header-display":"","site-post-title":"","ast-breadcrumbs-content":"","ast-featured-img":"","footer-sml-layout":"","theme-transparent-header-meta":"","adv-header-id-meta":"","stick-header-meta":"","header-above-stick-meta":"","header-main-stick-meta":"","header-below-stick-meta":"","astra-migrate-meta-layouts":"default","ast-page-background-enabled":"default","ast-page-background-meta":{"desktop":{"background-color":"var(--ast-global-color-4)","background-image":"","background-repeat":"repeat","background-position":"center center","background-size":"auto","background-attachment":"scroll","background-type":"","background-media":"","overlay-type":"","overlay-color":"","overlay-gradient":""},"tablet":{"background-color":"","background-image":"","background-repeat":"repeat","background-position":"center center","background-size":"auto","background-attachment":"scroll","background-type":"","background-media":"","overlay-type":"","overlay-color":"","overlay-gradient":""},"mobile":{"background-color":"","background-image":"","background-repeat":"repeat","background-position":"center center","background-size":"auto","background-attachment":"scroll","background-type":"","background-media":"","overlay-type":"","overlay-color":"","overlay-gradient":""}},"ast-content-background-meta":{"desktop":{"background-color":"var(--ast-global-color-5)","background-image":"","background-repeat":"repeat","background-position":"center center","background-size":"auto","background-attachment":"scroll","background-type":"","background-media":"","overlay-type":"","overlay-color":"","overlay-gradient":""},"tablet":{"background-color":"var(--ast-global-color-5)","background-image":"","background-repeat":"repeat","background-position":"center center","background-size":"auto","background-attachment":"scroll","background-type":"","background-media":"","overlay-type":"","overlay-color":"","overlay-gradient":""},"mobile":{"background-color":"var(--ast-global-color-5)","background-image":"","background-repeat":"repeat","background-position":"center center","background-size":"auto","background-attachment":"scroll","background-type":"","background-media":"","overlay-type":"","overlay-color":"","overlay-gradient":""}},"footnotes":""},"categories":[16820],"tags":[74557,86401,16866,6561,24022,63347],"class_list":["post-30833","post","type-post","status-publish","format-standard","hentry","category-politecnica-de-valencia","tag-jose-esteve-edo","tag-jose-vicente-grafia-sales","tag-maria-pilar-roig-picazo","tag-maria-teresa-escohotado-ibor","tag-pilar-legorburu-escudero","tag-roig-salom-jose-luis"],"_links":{"self":[{"href":"https:\/\/www.deberes.net\/tesis\/wp-json\/wp\/v2\/posts\/30833","targetHints":{"allow":["GET"]}}],"collection":[{"href":"https:\/\/www.deberes.net\/tesis\/wp-json\/wp\/v2\/posts"}],"about":[{"href":"https:\/\/www.deberes.net\/tesis\/wp-json\/wp\/v2\/types\/post"}],"author":[{"embeddable":true,"href":"https:\/\/www.deberes.net\/tesis\/wp-json\/wp\/v2\/users\/1"}],"replies":[{"embeddable":true,"href":"https:\/\/www.deberes.net\/tesis\/wp-json\/wp\/v2\/comments?post=30833"}],"version-history":[{"count":0,"href":"https:\/\/www.deberes.net\/tesis\/wp-json\/wp\/v2\/posts\/30833\/revisions"}],"wp:attachment":[{"href":"https:\/\/www.deberes.net\/tesis\/wp-json\/wp\/v2\/media?parent=30833"}],"wp:term":[{"taxonomy":"category","embeddable":true,"href":"https:\/\/www.deberes.net\/tesis\/wp-json\/wp\/v2\/categories?post=30833"},{"taxonomy":"post_tag","embeddable":true,"href":"https:\/\/www.deberes.net\/tesis\/wp-json\/wp\/v2\/tags?post=30833"}],"curies":[{"name":"wp","href":"https:\/\/api.w.org\/{rel}","templated":true}]}}