{"id":30898,"date":"2018-03-09T09:24:43","date_gmt":"2018-03-09T09:24:43","guid":{"rendered":"https:\/\/www.deberes.net\/tesis\/sin-categoria\/historia-militar-de-la-guerra-de-la-independencia-en-galicia-1809\/"},"modified":"2018-03-09T09:24:43","modified_gmt":"2018-03-09T09:24:43","slug":"historia-militar-de-la-guerra-de-la-independencia-en-galicia-1809","status":"publish","type":"post","link":"https:\/\/www.deberes.net\/tesis\/vigo\/historia-militar-de-la-guerra-de-la-independencia-en-galicia-1809\/","title":{"rendered":"Historia militar de la guerra de la independencia en galicia 1809"},"content":{"rendered":"<h2>Tesis doctoral de <strong>  Osuna Rey Juan  Manuel <\/strong><\/h2>\n<p>Con este trabajo se pretende buscar en galicia la presencia de los ej\u00e9rcitos franceses, los itinerarios que siguieron, y las acciones que llevaron a cabo contra los ej\u00e9rcitos ingleses y espa\u00f1oles; de igual forma, las acciones que los enfrentaron a los paisanos en todo el reino de galicia, durante los seis meses de presencia franceses, de enero a junio (a.I) de 1809.<\/p>\n<p>&nbsp;<\/p>\n<h3>Datos acad\u00e9micos de la tesis doctoral \u00ab<strong>Historia militar de la guerra de la independencia en galicia 1809<\/strong>\u00ab<\/h3>\n<ul>\n<li><strong>T\u00edtulo de la tesis:<\/strong>\u00a0 Historia militar de la guerra de la independencia en galicia 1809 <\/li>\n<li><strong>Autor:<\/strong>\u00a0  Osuna Rey Juan  Manuel <\/li>\n<li><strong>Universidad:<\/strong>\u00a0 Vigo<\/li>\n<li><strong>Fecha de lectura de la tesis:<\/strong>\u00a0 18\/06\/2004<\/li>\n<\/ul>\n<p>&nbsp;<\/p>\n<h3>Direcci\u00f3n y tribunal<\/h3>\n<ul>\n<li><strong>Director de la tesis<\/strong>\n<ul>\n<li>Alberto J. Valin Fernandez<\/li>\n<\/ul>\n<\/li>\n<li><strong>Tribunal<\/strong>\n<ul>\n<li>Presidente del tribunal: xose ramon Barreiro  fernandez <\/li>\n<li>Jos\u00e9 Antonio Armillas vicente (vocal)<\/li>\n<li> Ferrer benimeli Jos\u00e9 Antonio (vocal)<\/li>\n<li>octavio Ruiz-manj\u00f3n cabeza (vocal)<\/li>\n<\/ul>\n<\/li>\n<\/ul>\n<p>&nbsp;<\/p>\n","protected":false},"excerpt":{"rendered":"<p>Tesis doctoral de Osuna Rey Juan Manuel Con este trabajo se pretende buscar en galicia la presencia de los ej\u00e9rcitos [&hellip;]<\/p>\n","protected":false},"author":1,"featured_media":0,"comment_status":"open","ping_status":"open","sticky":false,"template":"","format":"standard","meta":{"site-sidebar-layout":"default","site-content-layout":"","ast-site-content-layout":"","site-content-style":"default","site-sidebar-style":"default","ast-global-header-display":"","ast-banner-title-visibility":"","ast-main-header-display":"","ast-hfb-above-header-display":"","ast-hfb-below-header-display":"","ast-hfb-mobile-header-display":"","site-post-title":"","ast-breadcrumbs-content":"","ast-featured-img":"","footer-sml-layout":"","theme-transparent-header-meta":"","adv-header-id-meta":"","stick-header-meta":"","header-above-stick-meta":"","header-main-stick-meta":"","header-below-stick-meta":"","astra-migrate-meta-layouts":"default","ast-page-background-enabled":"default","ast-page-background-meta":{"desktop":{"background-color":"var(--ast-global-color-4)","background-image":"","background-repeat":"repeat","background-position":"center center","background-size":"auto","background-attachment":"scroll","background-type":"","background-media":"","overlay-type":"","overlay-color":"","overlay-gradient":""},"tablet":{"background-color":"","background-image":"","background-repeat":"repeat","background-position":"center center","background-size":"auto","background-attachment":"scroll","background-type":"","background-media":"","overlay-type":"","overlay-color":"","overlay-gradient":""},"mobile":{"background-color":"","background-image":"","background-repeat":"repeat","background-position":"center center","background-size":"auto","background-attachment":"scroll","background-type":"","background-media":"","overlay-type":"","overlay-color":"","overlay-gradient":""}},"ast-content-background-meta":{"desktop":{"background-color":"var(--ast-global-color-5)","background-image":"","background-repeat":"repeat","background-position":"center center","background-size":"auto","background-attachment":"scroll","background-type":"","background-media":"","overlay-type":"","overlay-color":"","overlay-gradient":""},"tablet":{"background-color":"var(--ast-global-color-5)","background-image":"","background-repeat":"repeat","background-position":"center center","background-size":"auto","background-attachment":"scroll","background-type":"","background-media":"","overlay-type":"","overlay-color":"","overlay-gradient":""},"mobile":{"background-color":"var(--ast-global-color-5)","background-image":"","background-repeat":"repeat","background-position":"center center","background-size":"auto","background-attachment":"scroll","background-type":"","background-media":"","overlay-type":"","overlay-color":"","overlay-gradient":""}},"footnotes":""},"categories":[18657],"tags":[65185,49190,4941,6900,86542,34822],"class_list":["post-30898","post","type-post","status-publish","format-standard","hentry","category-vigo","tag-alberto-j-valin-fernandez","tag-ferrer-benimeli-jose-antonio","tag-jose-antonio-armillas-vicente","tag-octavio-ruiz-manjon-cabeza","tag-osuna-rey-juan-manuel","tag-xose-ramon-barreiro-fernandez"],"_links":{"self":[{"href":"https:\/\/www.deberes.net\/tesis\/wp-json\/wp\/v2\/posts\/30898","targetHints":{"allow":["GET"]}}],"collection":[{"href":"https:\/\/www.deberes.net\/tesis\/wp-json\/wp\/v2\/posts"}],"about":[{"href":"https:\/\/www.deberes.net\/tesis\/wp-json\/wp\/v2\/types\/post"}],"author":[{"embeddable":true,"href":"https:\/\/www.deberes.net\/tesis\/wp-json\/wp\/v2\/users\/1"}],"replies":[{"embeddable":true,"href":"https:\/\/www.deberes.net\/tesis\/wp-json\/wp\/v2\/comments?post=30898"}],"version-history":[{"count":0,"href":"https:\/\/www.deberes.net\/tesis\/wp-json\/wp\/v2\/posts\/30898\/revisions"}],"wp:attachment":[{"href":"https:\/\/www.deberes.net\/tesis\/wp-json\/wp\/v2\/media?parent=30898"}],"wp:term":[{"taxonomy":"category","embeddable":true,"href":"https:\/\/www.deberes.net\/tesis\/wp-json\/wp\/v2\/categories?post=30898"},{"taxonomy":"post_tag","embeddable":true,"href":"https:\/\/www.deberes.net\/tesis\/wp-json\/wp\/v2\/tags?post=30898"}],"curies":[{"name":"wp","href":"https:\/\/api.w.org\/{rel}","templated":true}]}}