{"id":30931,"date":"2018-03-09T09:24:45","date_gmt":"2018-03-09T09:24:45","guid":{"rendered":"https:\/\/www.deberes.net\/tesis\/sin-categoria\/el-pensamiento-de-los-primeros-administrativas-espanoles-y-su-plasmacion-en-la-estructura-de-la-administrativistas-del-estado\/"},"modified":"2018-03-09T09:24:45","modified_gmt":"2018-03-09T09:24:45","slug":"el-pensamiento-de-los-primeros-administrativas-espanoles-y-su-plasmacion-en-la-estructura-de-la-administrativistas-del-estado","status":"publish","type":"post","link":"https:\/\/www.deberes.net\/tesis\/sin-categoria\/el-pensamiento-de-los-primeros-administrativas-espanoles-y-su-plasmacion-en-la-estructura-de-la-administrativistas-del-estado\/","title":{"rendered":"El pensamiento de los primeros administrativas espa\u00f1oles y su plasmaci\u00f3n en la estructura de la administrativistas del estado."},"content":{"rendered":"<h2>Tesis doctoral de <strong>  Gonz\u00e1lez Leonor M. Carmen <\/strong><\/h2>\n<p>El objeto del presente trabajo dc investigaci\u00f3n lo constituyc el proceso de formaci\u00f3n del modelo de estado espa\u00f1ol decimon\u00f3nico. Elementos esenciales de este proceso son los individuos que lo formularon te\u00f3ricamente. De ah\u00ed la importancia del estudio de sus figuras.  para explicar este proceso, se ha divido en varias etapas que se corresponden con cada lino de los cap\u00edtulos de esta tesis doe loral, realizando un recorrido desde los \u00faltimos a\u00f1os del reinado de fernando vii, momento en el cual los administrativistas espa\u00f1oles se enfrentan a la tarea de crear una nueva estructura administrativa, hasta la consolidaci\u00f3n del modelo de administraci\u00f3n de los moderados a partir de 1845. Para la delimitaci\u00f3n cronol\u00f3gica de las fases en las que se ha dividido el proceso se han utilizado como criterio aproximado los per\u00edodos de vigencia de cada uno de los textos conslitucionales que se sucedieron entre 1833 y 1845. El primero de los cap\u00edtulos se dedica a los \u00faltimos a\u00f1os del reinado de fernando vii y al reformismo femandino y se analizan las figuras de luis l\u00f3pez ballesteros y de pedro sa\u00ednz de andino. El segundo abarca el per\u00edodo de transici\u00f3n comprendido entre la muerte de fernando vii y el mot\u00edn de la granja, que coincide aproximadamente con la vigencia del estatuto real, yen el plano administrativo viene marcado por el ensayo de implantaci\u00f3n del modelo ilustrado de administraci\u00f3n de fomento por lavier de hurgas. El tercero se dedica a los a\u00f1os comprendidos entre el mot\u00edn de la granja y la renuncia de m\u00bb\u00bb cristina  a la regencia, a\u00f1os durante los cuales el pensamiento administrativo evoluciona abandonando ya los planteamientos ilustrados y adquiere un verdadero car\u00e9\u00edcter liberal, y madura la base doctrinal del modelo moderado fundamentalmente con las obras de oliv\u00e9\u00edn y silvela, a las que hay que a\u00f1adir,  con menos originalidad, las de manuel ortiz de z\u00fa\u00f1iga. Finalmente, el cap\u00edtulo cuarto, tras una breve alusi\u00f3<\/p>\n<p>&nbsp;<\/p>\n<h3>Datos acad\u00e9micos de la tesis doctoral \u00ab<strong>El pensamiento de los primeros administrativas espa\u00f1oles y su plasmaci\u00f3n en la estructura de la administrativistas del estado.<\/strong>\u00ab<\/h3>\n<ul>\n<li><strong>T\u00edtulo de la tesis:<\/strong>\u00a0 El pensamiento de los primeros administrativas espa\u00f1oles y su plasmaci\u00f3n en la estructura de la administrativistas del estado. <\/li>\n<li><strong>Autor:<\/strong>\u00a0  Gonz\u00e1lez Leonor M. Carmen <\/li>\n<li><strong>Universidad:<\/strong>\u00a0 Complutense de Madrid<\/li>\n<li><strong>Fecha de lectura de la tesis:<\/strong>\u00a0 21\/06\/2004<\/li>\n<\/ul>\n<p>&nbsp;<\/p>\n<h3>Direcci\u00f3n y tribunal<\/h3>\n<ul>\n<li><strong>Director de la tesis<\/strong>\n<ul>\n<li>Juan  Pablo Fusi Aizpurua<\/li>\n<\/ul>\n<\/li>\n<li><strong>Tribunal<\/strong>\n<ul>\n<li>Presidente del tribunal:  G\u00f3mez ferrer morant guadalupe <\/li>\n<li>Carlos Dard\u00e9 morales (vocal)<\/li>\n<li>Francisco Javier Campos fernandez de sevilla (vocal)<\/li>\n<li>Antonio Morales moya (vocal)<\/li>\n<\/ul>\n<\/li>\n<\/ul>\n<p>&nbsp;<\/p>\n","protected":false},"excerpt":{"rendered":"<p>Tesis doctoral de Gonz\u00e1lez Leonor M. Carmen El objeto del presente trabajo dc investigaci\u00f3n lo constituyc el proceso de formaci\u00f3n [&hellip;]<\/p>\n","protected":false},"author":1,"featured_media":0,"comment_status":"open","ping_status":"open","sticky":false,"template":"","format":"standard","meta":{"site-sidebar-layout":"default","site-content-layout":"","ast-site-content-layout":"","site-content-style":"default","site-sidebar-style":"default","ast-global-header-display":"","ast-banner-title-visibility":"","ast-main-header-display":"","ast-hfb-above-header-display":"","ast-hfb-below-header-display":"","ast-hfb-mobile-header-display":"","site-post-title":"","ast-breadcrumbs-content":"","ast-featured-img":"","footer-sml-layout":"","theme-transparent-header-meta":"","adv-header-id-meta":"","stick-header-meta":"","header-above-stick-meta":"","header-main-stick-meta":"","header-below-stick-meta":"","astra-migrate-meta-layouts":"default","ast-page-background-enabled":"default","ast-page-background-meta":{"desktop":{"background-color":"var(--ast-global-color-4)","background-image":"","background-repeat":"repeat","background-position":"center center","background-size":"auto","background-attachment":"scroll","background-type":"","background-media":"","overlay-type":"","overlay-color":"","overlay-gradient":""},"tablet":{"background-color":"","background-image":"","background-repeat":"repeat","background-position":"center center","background-size":"auto","background-attachment":"scroll","background-type":"","background-media":"","overlay-type":"","overlay-color":"","overlay-gradient":""},"mobile":{"background-color":"","background-image":"","background-repeat":"repeat","background-position":"center center","background-size":"auto","background-attachment":"scroll","background-type":"","background-media":"","overlay-type":"","overlay-color":"","overlay-gradient":""}},"ast-content-background-meta":{"desktop":{"background-color":"var(--ast-global-color-5)","background-image":"","background-repeat":"repeat","background-position":"center center","background-size":"auto","background-attachment":"scroll","background-type":"","background-media":"","overlay-type":"","overlay-color":"","overlay-gradient":""},"tablet":{"background-color":"var(--ast-global-color-5)","background-image":"","background-repeat":"repeat","background-position":"center center","background-size":"auto","background-attachment":"scroll","background-type":"","background-media":"","overlay-type":"","overlay-color":"","overlay-gradient":""},"mobile":{"background-color":"var(--ast-global-color-5)","background-image":"","background-repeat":"repeat","background-position":"center center","background-size":"auto","background-attachment":"scroll","background-type":"","background-media":"","overlay-type":"","overlay-color":"","overlay-gradient":""}},"footnotes":""},"categories":[1],"tags":[7176,26299,64142,86619,86618,6662],"class_list":["post-30931","post","type-post","status-publish","format-standard","hentry","category-sin-categoria","tag-antonio-morales-moya","tag-carlos-darde-morales","tag-francisco-javier-campos-fernandez-de-sevilla","tag-gomez-ferrer-morant-guadalupe","tag-gonzalez-leonor-m-carmen","tag-juan-pablo-fusi-aizpurua"],"_links":{"self":[{"href":"https:\/\/www.deberes.net\/tesis\/wp-json\/wp\/v2\/posts\/30931","targetHints":{"allow":["GET"]}}],"collection":[{"href":"https:\/\/www.deberes.net\/tesis\/wp-json\/wp\/v2\/posts"}],"about":[{"href":"https:\/\/www.deberes.net\/tesis\/wp-json\/wp\/v2\/types\/post"}],"author":[{"embeddable":true,"href":"https:\/\/www.deberes.net\/tesis\/wp-json\/wp\/v2\/users\/1"}],"replies":[{"embeddable":true,"href":"https:\/\/www.deberes.net\/tesis\/wp-json\/wp\/v2\/comments?post=30931"}],"version-history":[{"count":0,"href":"https:\/\/www.deberes.net\/tesis\/wp-json\/wp\/v2\/posts\/30931\/revisions"}],"wp:attachment":[{"href":"https:\/\/www.deberes.net\/tesis\/wp-json\/wp\/v2\/media?parent=30931"}],"wp:term":[{"taxonomy":"category","embeddable":true,"href":"https:\/\/www.deberes.net\/tesis\/wp-json\/wp\/v2\/categories?post=30931"},{"taxonomy":"post_tag","embeddable":true,"href":"https:\/\/www.deberes.net\/tesis\/wp-json\/wp\/v2\/tags?post=30931"}],"curies":[{"name":"wp","href":"https:\/\/api.w.org\/{rel}","templated":true}]}}