{"id":30976,"date":"2018-03-09T09:24:49","date_gmt":"2018-03-09T09:24:49","guid":{"rendered":"https:\/\/www.deberes.net\/tesis\/sin-categoria\/influencia-de-la-prensa-en-la-transicion-pola%c2%adtica-espanola\/"},"modified":"2018-03-09T09:24:49","modified_gmt":"2018-03-09T09:24:49","slug":"influencia-de-la-prensa-en-la-transicion-pola%c2%adtica-espanola","status":"publish","type":"post","link":"https:\/\/www.deberes.net\/tesis\/cadiz\/influencia-de-la-prensa-en-la-transicion-pola%c2%adtica-espanola\/","title":{"rendered":"Influencia de la prensa en la transici\u00f3n pol\u00edtica espa\u00f1ola"},"content":{"rendered":"<h2>Tesis doctoral de <strong> Mar\u00eda  Del Carmen Castro Torres <\/strong><\/h2>\n<p>Uno de los aspectos diferenciadores de la transici\u00f3n pol\u00edtica espa\u00f1ola respecto a otros procesos similares de europa y am\u00e9rica fue el papel de la prensa independiente.  con la promulagaci\u00f3n de la ley de prensa e imprenta de 1966 algunas publicaciones independientes como el diario Madrid y cuadernos para el di\u00e1logo contribuyen a liberalizar el r\u00e9gimen poniendo en cuesti\u00f3n las bases del franquismo.  desde 1973 a 1975 la transici\u00f3n democr\u00e1tica en las publicaciones que no pertencen a la prensa del movimiento es una realidad. Las que m\u00e1s contribuyeron a ello fueron nuevas revistas como cambio 16 que desde un primer momento se lanz\u00f3 a la arena pol\u00edtica sin temor a las sanciones administrativas. en esta etapa se inicia una colaboraci\u00f3n entre pol\u00edticos y periodistas que llegar\u00e1 hasta la transici\u00f3n pol\u00edtica.  tras la muerte de franco la prensa se consolida democr\u00e1ticamente pues los periodistas que desde el final del franquismo se decantaron por la lucha de las libertades acumulan una gran experiencia y de nuevo se al\u00edan con los pol\u00edticos; unos y otros tienen un objetivo com\u00fan: lograr la democratizaci\u00f3n del pa\u00eds. A ello van a contribuir dos nuevas publicaciones el pa\u00eds y diario 16.<\/p>\n<p>&nbsp;<\/p>\n<h3>Datos acad\u00e9micos de la tesis doctoral \u00ab<strong>Influencia de la prensa en la transici\u00f3n pol\u00edtica espa\u00f1ola<\/strong>\u00ab<\/h3>\n<ul>\n<li><strong>T\u00edtulo de la tesis:<\/strong>\u00a0 Influencia de la prensa en la transici\u00f3n pol\u00edtica espa\u00f1ola <\/li>\n<li><strong>Autor:<\/strong>\u00a0 Mar\u00eda  Del Carmen Castro Torres <\/li>\n<li><strong>Universidad:<\/strong>\u00a0 C\u00e1diz<\/li>\n<li><strong>Fecha de lectura de la tesis:<\/strong>\u00a0 22\/06\/2004<\/li>\n<\/ul>\n<p>&nbsp;<\/p>\n<h3>Direcci\u00f3n y tribunal<\/h3>\n<ul>\n<li><strong>Director de la tesis<\/strong>\n<ul>\n<li>Julio P\u00e9rez Serrano<\/li>\n<\/ul>\n<\/li>\n<li><strong>Tribunal<\/strong>\n<ul>\n<li>Presidente del tribunal: Jos\u00e9 manuel Cuenca toribio <\/li>\n<li>Antonio Nadal s\u00e1nchez (vocal)<\/li>\n<li>Manuel Gonz\u00e1lez protilla (vocal)<\/li>\n<li>Juan  cristobal Gay armenteros (vocal)<\/li>\n<\/ul>\n<\/li>\n<\/ul>\n<p>&nbsp;<\/p>\n","protected":false},"excerpt":{"rendered":"<p>Tesis doctoral de Mar\u00eda Del Carmen Castro Torres Uno de los aspectos diferenciadores de la transici\u00f3n pol\u00edtica espa\u00f1ola respecto a [&hellip;]<\/p>\n","protected":false},"author":1,"featured_media":0,"comment_status":"open","ping_status":"open","sticky":false,"template":"","format":"standard","meta":{"site-sidebar-layout":"default","site-content-layout":"","ast-site-content-layout":"","site-content-style":"default","site-sidebar-style":"default","ast-global-header-display":"","ast-banner-title-visibility":"","ast-main-header-display":"","ast-hfb-above-header-display":"","ast-hfb-below-header-display":"","ast-hfb-mobile-header-display":"","site-post-title":"","ast-breadcrumbs-content":"","ast-featured-img":"","footer-sml-layout":"","theme-transparent-header-meta":"","adv-header-id-meta":"","stick-header-meta":"","header-above-stick-meta":"","header-main-stick-meta":"","header-below-stick-meta":"","astra-migrate-meta-layouts":"default","ast-page-background-enabled":"default","ast-page-background-meta":{"desktop":{"background-color":"var(--ast-global-color-4)","background-image":"","background-repeat":"repeat","background-position":"center center","background-size":"auto","background-attachment":"scroll","background-type":"","background-media":"","overlay-type":"","overlay-color":"","overlay-gradient":""},"tablet":{"background-color":"","background-image":"","background-repeat":"repeat","background-position":"center center","background-size":"auto","background-attachment":"scroll","background-type":"","background-media":"","overlay-type":"","overlay-color":"","overlay-gradient":""},"mobile":{"background-color":"","background-image":"","background-repeat":"repeat","background-position":"center center","background-size":"auto","background-attachment":"scroll","background-type":"","background-media":"","overlay-type":"","overlay-color":"","overlay-gradient":""}},"ast-content-background-meta":{"desktop":{"background-color":"var(--ast-global-color-5)","background-image":"","background-repeat":"repeat","background-position":"center center","background-size":"auto","background-attachment":"scroll","background-type":"","background-media":"","overlay-type":"","overlay-color":"","overlay-gradient":""},"tablet":{"background-color":"var(--ast-global-color-5)","background-image":"","background-repeat":"repeat","background-position":"center center","background-size":"auto","background-attachment":"scroll","background-type":"","background-media":"","overlay-type":"","overlay-color":"","overlay-gradient":""},"mobile":{"background-color":"var(--ast-global-color-5)","background-image":"","background-repeat":"repeat","background-position":"center center","background-size":"auto","background-attachment":"scroll","background-type":"","background-media":"","overlay-type":"","overlay-color":"","overlay-gradient":""}},"footnotes":""},"categories":[1506],"tags":[8221,2226,3544,2230,86728,86727],"class_list":["post-30976","post","type-post","status-publish","format-standard","hentry","category-cadiz","tag-antonio-nadal-sanchez","tag-jose-manuel-cuenca-toribio","tag-juan-cristobal-gay-armenteros","tag-julio-perez-serrano","tag-manuel-gonzalez-protilla","tag-maria-del-carmen-castro-torres"],"_links":{"self":[{"href":"https:\/\/www.deberes.net\/tesis\/wp-json\/wp\/v2\/posts\/30976","targetHints":{"allow":["GET"]}}],"collection":[{"href":"https:\/\/www.deberes.net\/tesis\/wp-json\/wp\/v2\/posts"}],"about":[{"href":"https:\/\/www.deberes.net\/tesis\/wp-json\/wp\/v2\/types\/post"}],"author":[{"embeddable":true,"href":"https:\/\/www.deberes.net\/tesis\/wp-json\/wp\/v2\/users\/1"}],"replies":[{"embeddable":true,"href":"https:\/\/www.deberes.net\/tesis\/wp-json\/wp\/v2\/comments?post=30976"}],"version-history":[{"count":0,"href":"https:\/\/www.deberes.net\/tesis\/wp-json\/wp\/v2\/posts\/30976\/revisions"}],"wp:attachment":[{"href":"https:\/\/www.deberes.net\/tesis\/wp-json\/wp\/v2\/media?parent=30976"}],"wp:term":[{"taxonomy":"category","embeddable":true,"href":"https:\/\/www.deberes.net\/tesis\/wp-json\/wp\/v2\/categories?post=30976"},{"taxonomy":"post_tag","embeddable":true,"href":"https:\/\/www.deberes.net\/tesis\/wp-json\/wp\/v2\/tags?post=30976"}],"curies":[{"name":"wp","href":"https:\/\/api.w.org\/{rel}","templated":true}]}}