{"id":30986,"date":"2018-03-09T09:24:51","date_gmt":"2018-03-09T09:24:51","guid":{"rendered":"https:\/\/www.deberes.net\/tesis\/sin-categoria\/la-libertad-de-pensamiento-y-creencias-de-los-menores-de-edad\/"},"modified":"2018-03-09T09:24:51","modified_gmt":"2018-03-09T09:24:51","slug":"la-libertad-de-pensamiento-y-creencias-de-los-menores-de-edad","status":"publish","type":"post","link":"https:\/\/www.deberes.net\/tesis\/sin-categoria\/la-libertad-de-pensamiento-y-creencias-de-los-menores-de-edad\/","title":{"rendered":"La libertad de pensamiento y creencias de los menores de edad"},"content":{"rendered":"<h2>Tesis doctoral de <strong>  Rodrigo Lara M. Belen <\/strong><\/h2>\n<p>La tesis doctoral aborda el tratamiento jur\u00eddico de la libertad religiosa de los menores de edad as\u00ed como los supuestos pr\u00e1cticos que pueden plantearse con relaci\u00f3n a aquella. Para ello, la tesis, en primer lugar, realiza una aproximaci\u00f3n al tratamiento jur\u00eddico de la infancia en la historia con el objeto de constatar como paulatinamente se configuran los derechos del menor. A continuaci\u00f3n, se analiza el marco jur\u00eddico de los menores de edad en el derecho internacional y en el derecho espa\u00f1ol, considerando que los derechos de la infancia son concreci\u00f3n en un \u00e1mbito espec\u00edfico de los derechos humanos, as\u00ed como que los menores son titulares de derechos.  a continuaci\u00f3n, la parte principal de la tesis se centra en el estudio del derecho de libertad religiosa de los menores de edad, trat\u00e1ndose, por un lado, la titularidad del mismo por \u00e9stos y, por toro lado, la capacidad de los menores para ejercer su derecho.  esta \u00faltima cuesti\u00f3n, la capacidad en el ejercicio del derecho, constituye una de las partes fundamentales del trabajo, recurriendo para su estudio a la legislaci\u00f3n, la doctrina y la jurisprudencia para establecer nuestras propias conclusiones.  finalmente, en los tres \u00faltimos cap\u00edtulos nos referimos a supuestos pr\u00e1cticos que pueden o se han planteado ante los tribunales en relaci\u00f3n con la libertad religiosa del menor y\/o sus padres en distintos \u00e1mbitos:  1,- en las situaciones de crisis familiares y las medidas tomadas que puedan afectar al menor.  2,- en el \u00e1mbito educativo, en el que se trata la cuesti\u00f3n de la ense\u00f1anza religiosa, la elecci\u00f3n del centro educativo, la educaci\u00f3n en casa, la objeci\u00f3n de conciencia a determinadas materias escolares y m\u00e9todos pedag\u00f3gicos y la exhibici\u00f3n de s\u00edmbolos y prendas de car\u00e1cter religioso en la escuela.  3,- en los casos de adscripci\u00f3n de los menores y\/o sus padres a nuevos movimientos religiosos, tratando especialmente las situaciones en las que se obje<\/p>\n<p>&nbsp;<\/p>\n<h3>Datos acad\u00e9micos de la tesis doctoral \u00ab<strong>La libertad de pensamiento y creencias de los menores de edad<\/strong>\u00ab<\/h3>\n<ul>\n<li><strong>T\u00edtulo de la tesis:<\/strong>\u00a0 La libertad de pensamiento y creencias de los menores de edad <\/li>\n<li><strong>Autor:<\/strong>\u00a0  Rodrigo Lara M. Belen <\/li>\n<li><strong>Universidad:<\/strong>\u00a0 Complutense de Madrid<\/li>\n<li><strong>Fecha de lectura de la tesis:<\/strong>\u00a0 22\/06\/2004<\/li>\n<\/ul>\n<p>&nbsp;<\/p>\n<h3>Direcci\u00f3n y tribunal<\/h3>\n<ul>\n<li><strong>Director de la tesis<\/strong>\n<ul>\n<li>torr\u00f3n Mart\u00ednez<\/li>\n<\/ul>\n<\/li>\n<li><strong>Tribunal<\/strong>\n<ul>\n<li>Presidente del tribunal: dionisio Llamazares fernandez <\/li>\n<li> V\u00e1zquez Garc\u00eda-pe\u00f1uela Jos\u00e9 Mar\u00eda (vocal)<\/li>\n<li>Javier Ferrer ortiz (vocal)<\/li>\n<li>Santiago Bueno slainas (vocal)<\/li>\n<\/ul>\n<\/li>\n<\/ul>\n<p>&nbsp;<\/p>\n","protected":false},"excerpt":{"rendered":"<p>Tesis doctoral de Rodrigo Lara M. Belen La tesis doctoral aborda el tratamiento jur\u00eddico de la libertad religiosa de los [&hellip;]<\/p>\n","protected":false},"author":1,"featured_media":0,"comment_status":"open","ping_status":"open","sticky":false,"template":"","format":"standard","meta":{"site-sidebar-layout":"default","site-content-layout":"","ast-site-content-layout":"","site-content-style":"default","site-sidebar-style":"default","ast-global-header-display":"","ast-banner-title-visibility":"","ast-main-header-display":"","ast-hfb-above-header-display":"","ast-hfb-below-header-display":"","ast-hfb-mobile-header-display":"","site-post-title":"","ast-breadcrumbs-content":"","ast-featured-img":"","footer-sml-layout":"","theme-transparent-header-meta":"","adv-header-id-meta":"","stick-header-meta":"","header-above-stick-meta":"","header-main-stick-meta":"","header-below-stick-meta":"","astra-migrate-meta-layouts":"default","ast-page-background-enabled":"default","ast-page-background-meta":{"desktop":{"background-color":"var(--ast-global-color-4)","background-image":"","background-repeat":"repeat","background-position":"center center","background-size":"auto","background-attachment":"scroll","background-type":"","background-media":"","overlay-type":"","overlay-color":"","overlay-gradient":""},"tablet":{"background-color":"","background-image":"","background-repeat":"repeat","background-position":"center center","background-size":"auto","background-attachment":"scroll","background-type":"","background-media":"","overlay-type":"","overlay-color":"","overlay-gradient":""},"mobile":{"background-color":"","background-image":"","background-repeat":"repeat","background-position":"center center","background-size":"auto","background-attachment":"scroll","background-type":"","background-media":"","overlay-type":"","overlay-color":"","overlay-gradient":""}},"ast-content-background-meta":{"desktop":{"background-color":"var(--ast-global-color-5)","background-image":"","background-repeat":"repeat","background-position":"center center","background-size":"auto","background-attachment":"scroll","background-type":"","background-media":"","overlay-type":"","overlay-color":"","overlay-gradient":""},"tablet":{"background-color":"var(--ast-global-color-5)","background-image":"","background-repeat":"repeat","background-position":"center center","background-size":"auto","background-attachment":"scroll","background-type":"","background-media":"","overlay-type":"","overlay-color":"","overlay-gradient":""},"mobile":{"background-color":"var(--ast-global-color-5)","background-image":"","background-repeat":"repeat","background-position":"center center","background-size":"auto","background-attachment":"scroll","background-type":"","background-media":"","overlay-type":"","overlay-color":"","overlay-gradient":""}},"footnotes":""},"categories":[1],"tags":[63292,25421,86744,86746,86745,45591],"class_list":["post-30986","post","type-post","status-publish","format-standard","hentry","category-sin-categoria","tag-dionisio-llamazares-fernandez","tag-javier-ferrer-ortiz","tag-rodrigo-lara-m-belen","tag-santiago-bueno-slainas","tag-torron-Martinez","tag-vazquez-garcia-penuela-jose-maria"],"_links":{"self":[{"href":"https:\/\/www.deberes.net\/tesis\/wp-json\/wp\/v2\/posts\/30986","targetHints":{"allow":["GET"]}}],"collection":[{"href":"https:\/\/www.deberes.net\/tesis\/wp-json\/wp\/v2\/posts"}],"about":[{"href":"https:\/\/www.deberes.net\/tesis\/wp-json\/wp\/v2\/types\/post"}],"author":[{"embeddable":true,"href":"https:\/\/www.deberes.net\/tesis\/wp-json\/wp\/v2\/users\/1"}],"replies":[{"embeddable":true,"href":"https:\/\/www.deberes.net\/tesis\/wp-json\/wp\/v2\/comments?post=30986"}],"version-history":[{"count":0,"href":"https:\/\/www.deberes.net\/tesis\/wp-json\/wp\/v2\/posts\/30986\/revisions"}],"wp:attachment":[{"href":"https:\/\/www.deberes.net\/tesis\/wp-json\/wp\/v2\/media?parent=30986"}],"wp:term":[{"taxonomy":"category","embeddable":true,"href":"https:\/\/www.deberes.net\/tesis\/wp-json\/wp\/v2\/categories?post=30986"},{"taxonomy":"post_tag","embeddable":true,"href":"https:\/\/www.deberes.net\/tesis\/wp-json\/wp\/v2\/tags?post=30986"}],"curies":[{"name":"wp","href":"https:\/\/api.w.org\/{rel}","templated":true}]}}