{"id":31006,"date":"2018-03-09T09:24:52","date_gmt":"2018-03-09T09:24:52","guid":{"rendered":"https:\/\/www.deberes.net\/tesis\/sin-categoria\/participacion-y-representacion-pola%c2%adtica-en-peru\/"},"modified":"2018-03-09T09:24:52","modified_gmt":"2018-03-09T09:24:52","slug":"participacion-y-representacion-pola%c2%adtica-en-peru","status":"publish","type":"post","link":"https:\/\/www.deberes.net\/tesis\/nacional-de-educacion-a-distancia\/participacion-y-representacion-pola%c2%adtica-en-peru\/","title":{"rendered":"Participaci\u00f3n y representaci\u00f3n pol\u00edtica en per\u00fa"},"content":{"rendered":"<h2>Tesis doctoral de <strong> Hector Oliva Camps <\/strong><\/h2>\n<p>La tesis, a trav\u00e9s de un estudio sobre la participaci\u00f3n y cultura pol\u00edtica, representaci\u00f3n, y estudios sobre el sistema electoral, sistemas de partidos y gobernabilidad,se adentra en el sistema de partidos y el sistema representativo en per\u00fa, con un estudio sobre las opciones pol\u00edticas y el sistema electoral y los \u00f3rganos electoral.<\/p>\n<p>&nbsp;<\/p>\n<h3>Datos acad\u00e9micos de la tesis doctoral \u00ab<strong>Participaci\u00f3n y representaci\u00f3n pol\u00edtica en per\u00fa<\/strong>\u00ab<\/h3>\n<ul>\n<li><strong>T\u00edtulo de la tesis:<\/strong>\u00a0 Participaci\u00f3n y representaci\u00f3n pol\u00edtica en per\u00fa <\/li>\n<li><strong>Autor:<\/strong>\u00a0 Hector Oliva Camps <\/li>\n<li><strong>Universidad:<\/strong>\u00a0 Nacional de educaci\u00f3n a distancia<\/li>\n<li><strong>Fecha de lectura de la tesis:<\/strong>\u00a0 22\/06\/2004<\/li>\n<\/ul>\n<p>&nbsp;<\/p>\n<h3>Direcci\u00f3n y tribunal<\/h3>\n<ul>\n<li><strong>Director de la tesis<\/strong>\n<ul>\n<li> Nu\u00f1ez Rivero Jos\u00e9 Mar\u00eda  Cayetano<\/li>\n<\/ul>\n<\/li>\n<li><strong>Tribunal<\/strong>\n<ul>\n<li>Presidente del tribunal: javier Garc\u00eda fernandez <\/li>\n<li>Jos\u00e9 D\u00edaz nieva (vocal)<\/li>\n<li>david Ortega guti\u00e9rrez (vocal)<\/li>\n<li> Garc\u00eda atance Mar\u00eda victoria (vocal)<\/li>\n<\/ul>\n<\/li>\n<\/ul>\n<p>&nbsp;<\/p>\n","protected":false},"excerpt":{"rendered":"<p>Tesis doctoral de Hector Oliva Camps La tesis, a trav\u00e9s de un estudio sobre la participaci\u00f3n y cultura pol\u00edtica, representaci\u00f3n, [&hellip;]<\/p>\n","protected":false},"author":1,"featured_media":0,"comment_status":"open","ping_status":"open","sticky":false,"template":"","format":"standard","meta":{"site-sidebar-layout":"default","site-content-layout":"","ast-site-content-layout":"","site-content-style":"default","site-sidebar-style":"default","ast-global-header-display":"","ast-banner-title-visibility":"","ast-main-header-display":"","ast-hfb-above-header-display":"","ast-hfb-below-header-display":"","ast-hfb-mobile-header-display":"","site-post-title":"","ast-breadcrumbs-content":"","ast-featured-img":"","footer-sml-layout":"","theme-transparent-header-meta":"","adv-header-id-meta":"","stick-header-meta":"","header-above-stick-meta":"","header-main-stick-meta":"","header-below-stick-meta":"","astra-migrate-meta-layouts":"default","ast-page-background-enabled":"default","ast-page-background-meta":{"desktop":{"background-color":"var(--ast-global-color-4)","background-image":"","background-repeat":"repeat","background-position":"center center","background-size":"auto","background-attachment":"scroll","background-type":"","background-media":"","overlay-type":"","overlay-color":"","overlay-gradient":""},"tablet":{"background-color":"","background-image":"","background-repeat":"repeat","background-position":"center center","background-size":"auto","background-attachment":"scroll","background-type":"","background-media":"","overlay-type":"","overlay-color":"","overlay-gradient":""},"mobile":{"background-color":"","background-image":"","background-repeat":"repeat","background-position":"center center","background-size":"auto","background-attachment":"scroll","background-type":"","background-media":"","overlay-type":"","overlay-color":"","overlay-gradient":""}},"ast-content-background-meta":{"desktop":{"background-color":"var(--ast-global-color-5)","background-image":"","background-repeat":"repeat","background-position":"center center","background-size":"auto","background-attachment":"scroll","background-type":"","background-media":"","overlay-type":"","overlay-color":"","overlay-gradient":""},"tablet":{"background-color":"var(--ast-global-color-5)","background-image":"","background-repeat":"repeat","background-position":"center center","background-size":"auto","background-attachment":"scroll","background-type":"","background-media":"","overlay-type":"","overlay-color":"","overlay-gradient":""},"mobile":{"background-color":"var(--ast-global-color-5)","background-image":"","background-repeat":"repeat","background-position":"center center","background-size":"auto","background-attachment":"scroll","background-type":"","background-media":"","overlay-type":"","overlay-color":"","overlay-gradient":""}},"footnotes":""},"categories":[17070],"tags":[15161,80026,86789,24485,58608,71222],"class_list":["post-31006","post","type-post","status-publish","format-standard","hentry","category-nacional-de-educacion-a-distancia","tag-david-ortega-gutierrez","tag-garcia-atance-maria-victoria","tag-hector-oliva-camps","tag-javier-garcia-fernandez","tag-jose-diaz-nieva","tag-nunez-rivero-jose-maria-cayetano"],"_links":{"self":[{"href":"https:\/\/www.deberes.net\/tesis\/wp-json\/wp\/v2\/posts\/31006","targetHints":{"allow":["GET"]}}],"collection":[{"href":"https:\/\/www.deberes.net\/tesis\/wp-json\/wp\/v2\/posts"}],"about":[{"href":"https:\/\/www.deberes.net\/tesis\/wp-json\/wp\/v2\/types\/post"}],"author":[{"embeddable":true,"href":"https:\/\/www.deberes.net\/tesis\/wp-json\/wp\/v2\/users\/1"}],"replies":[{"embeddable":true,"href":"https:\/\/www.deberes.net\/tesis\/wp-json\/wp\/v2\/comments?post=31006"}],"version-history":[{"count":0,"href":"https:\/\/www.deberes.net\/tesis\/wp-json\/wp\/v2\/posts\/31006\/revisions"}],"wp:attachment":[{"href":"https:\/\/www.deberes.net\/tesis\/wp-json\/wp\/v2\/media?parent=31006"}],"wp:term":[{"taxonomy":"category","embeddable":true,"href":"https:\/\/www.deberes.net\/tesis\/wp-json\/wp\/v2\/categories?post=31006"},{"taxonomy":"post_tag","embeddable":true,"href":"https:\/\/www.deberes.net\/tesis\/wp-json\/wp\/v2\/tags?post=31006"}],"curies":[{"name":"wp","href":"https:\/\/api.w.org\/{rel}","templated":true}]}}