{"id":31027,"date":"2018-03-09T09:24:54","date_gmt":"2018-03-09T09:24:54","guid":{"rendered":"https:\/\/www.deberes.net\/tesis\/sin-categoria\/el-bloque-constitucional-local-un-estudio-de-derecho-argentino-y-espanol\/"},"modified":"2018-03-09T09:24:54","modified_gmt":"2018-03-09T09:24:54","slug":"el-bloque-constitucional-local-un-estudio-de-derecho-argentino-y-espanol","status":"publish","type":"post","link":"https:\/\/www.deberes.net\/tesis\/sin-categoria\/el-bloque-constitucional-local-un-estudio-de-derecho-argentino-y-espanol\/","title":{"rendered":"El bloque constitucional local. un estudio de derecho argentino y espa\u00f1ol"},"content":{"rendered":"<h2>Tesis doctoral de <strong>  Vega Madue\u00f1o Ana M. De La <\/strong><\/h2>\n<p>Se efect\u00faa una aproximaci\u00f3n hist\u00f3rica a la noci\u00f3n de autonom\u00eda municipal en el derecho argentino y en el derecho espa\u00f1ol y su progresiva configuraci\u00f3n en el nivel constitucional de ambos pa\u00edses, con los aportes ideol\u00f3gicos europeos. Se desarrolla luego la autonom\u00eda municipal desde las normas constitucionales vigentes propugnando una comprensi\u00f3n constitucional superadora del concepto meramente legalista. Ello conduce a la noci\u00f3n de bloque constitucional y su aplicaci\u00f3n en el ordenamiento espa\u00f1ol, introduci\u00e9ndola en el ordenamiento argentino para la configuraci\u00f3n, garant\u00eda y defensa de los elementos fundamentales de la autonom\u00eda municipal en la interacci\u00f3n con los niveles territoriales superiores de poder. Se analizan los elementos hermen\u00e9uticos y los principios que integran el bloque en cada pa\u00eds y las dificultades que se plantean en el nivel normativo. La metodolog\u00eda propuesta se aplica luego a algunos de los tradicionales problemas del municipio: la organizaic\u00f3n, las competencias, los controles y la suficiencia financiera.<\/p>\n<p>&nbsp;<\/p>\n<h3>Datos acad\u00e9micos de la tesis doctoral \u00ab<strong>El bloque constitucional local. un estudio de derecho argentino y espa\u00f1ol<\/strong>\u00ab<\/h3>\n<ul>\n<li><strong>T\u00edtulo de la tesis:<\/strong>\u00a0 El bloque constitucional local. un estudio de derecho argentino y espa\u00f1ol <\/li>\n<li><strong>Autor:<\/strong>\u00a0  Vega Madue\u00f1o Ana M. De La <\/li>\n<li><strong>Universidad:<\/strong>\u00a0 Complutense de Madrid<\/li>\n<li><strong>Fecha de lectura de la tesis:<\/strong>\u00a0 23\/06\/2004<\/li>\n<\/ul>\n<p>&nbsp;<\/p>\n<h3>Direcci\u00f3n y tribunal<\/h3>\n<ul>\n<li><strong>Director de la tesis<\/strong>\n<ul>\n<li>Francisco Javier Garc\u00eda Roca<\/li>\n<\/ul>\n<\/li>\n<li><strong>Tribunal<\/strong>\n<ul>\n<li>Presidente del tribunal: Francisco Fern\u00e1ndez segado <\/li>\n<li>Javier Garcia fern\u00e1ndez (vocal)<\/li>\n<li>lu\u00eds ignacio Ortega \u00e1lvarez (vocal)<\/li>\n<li>pablo Santaolaya machetti (vocal)<\/li>\n<\/ul>\n<\/li>\n<\/ul>\n<p>&nbsp;<\/p>\n","protected":false},"excerpt":{"rendered":"<p>Tesis doctoral de Vega Madue\u00f1o Ana M. De La Se efect\u00faa una aproximaci\u00f3n hist\u00f3rica a la noci\u00f3n de autonom\u00eda municipal [&hellip;]<\/p>\n","protected":false},"author":1,"featured_media":0,"comment_status":"open","ping_status":"open","sticky":false,"template":"","format":"standard","meta":{"site-sidebar-layout":"default","site-content-layout":"","ast-site-content-layout":"","site-content-style":"default","site-sidebar-style":"default","ast-global-header-display":"","ast-banner-title-visibility":"","ast-main-header-display":"","ast-hfb-above-header-display":"","ast-hfb-below-header-display":"","ast-hfb-mobile-header-display":"","site-post-title":"","ast-breadcrumbs-content":"","ast-featured-img":"","footer-sml-layout":"","theme-transparent-header-meta":"","adv-header-id-meta":"","stick-header-meta":"","header-above-stick-meta":"","header-main-stick-meta":"","header-below-stick-meta":"","astra-migrate-meta-layouts":"default","ast-page-background-enabled":"default","ast-page-background-meta":{"desktop":{"background-color":"var(--ast-global-color-4)","background-image":"","background-repeat":"repeat","background-position":"center center","background-size":"auto","background-attachment":"scroll","background-type":"","background-media":"","overlay-type":"","overlay-color":"","overlay-gradient":""},"tablet":{"background-color":"","background-image":"","background-repeat":"repeat","background-position":"center center","background-size":"auto","background-attachment":"scroll","background-type":"","background-media":"","overlay-type":"","overlay-color":"","overlay-gradient":""},"mobile":{"background-color":"","background-image":"","background-repeat":"repeat","background-position":"center center","background-size":"auto","background-attachment":"scroll","background-type":"","background-media":"","overlay-type":"","overlay-color":"","overlay-gradient":""}},"ast-content-background-meta":{"desktop":{"background-color":"var(--ast-global-color-5)","background-image":"","background-repeat":"repeat","background-position":"center center","background-size":"auto","background-attachment":"scroll","background-type":"","background-media":"","overlay-type":"","overlay-color":"","overlay-gradient":""},"tablet":{"background-color":"var(--ast-global-color-5)","background-image":"","background-repeat":"repeat","background-position":"center center","background-size":"auto","background-attachment":"scroll","background-type":"","background-media":"","overlay-type":"","overlay-color":"","overlay-gradient":""},"mobile":{"background-color":"var(--ast-global-color-5)","background-image":"","background-repeat":"repeat","background-position":"center center","background-size":"auto","background-attachment":"scroll","background-type":"","background-media":"","overlay-type":"","overlay-color":"","overlay-gradient":""}},"footnotes":""},"categories":[1],"tags":[24409,61535,24485,6454,86831,86830],"class_list":["post-31027","post","type-post","status-publish","format-standard","hentry","category-sin-categoria","tag-francisco-fernandez-segado","tag-francisco-javier-garcia-roca","tag-javier-garcia-fernandez","tag-luis-ignacio-ortega-alvarez","tag-pablo-santaolaya-machetti","tag-vega-madueno-ana-m-de-la"],"_links":{"self":[{"href":"https:\/\/www.deberes.net\/tesis\/wp-json\/wp\/v2\/posts\/31027","targetHints":{"allow":["GET"]}}],"collection":[{"href":"https:\/\/www.deberes.net\/tesis\/wp-json\/wp\/v2\/posts"}],"about":[{"href":"https:\/\/www.deberes.net\/tesis\/wp-json\/wp\/v2\/types\/post"}],"author":[{"embeddable":true,"href":"https:\/\/www.deberes.net\/tesis\/wp-json\/wp\/v2\/users\/1"}],"replies":[{"embeddable":true,"href":"https:\/\/www.deberes.net\/tesis\/wp-json\/wp\/v2\/comments?post=31027"}],"version-history":[{"count":0,"href":"https:\/\/www.deberes.net\/tesis\/wp-json\/wp\/v2\/posts\/31027\/revisions"}],"wp:attachment":[{"href":"https:\/\/www.deberes.net\/tesis\/wp-json\/wp\/v2\/media?parent=31027"}],"wp:term":[{"taxonomy":"category","embeddable":true,"href":"https:\/\/www.deberes.net\/tesis\/wp-json\/wp\/v2\/categories?post=31027"},{"taxonomy":"post_tag","embeddable":true,"href":"https:\/\/www.deberes.net\/tesis\/wp-json\/wp\/v2\/tags?post=31027"}],"curies":[{"name":"wp","href":"https:\/\/api.w.org\/{rel}","templated":true}]}}