{"id":31038,"date":"2018-03-09T09:24:55","date_gmt":"2018-03-09T09:24:55","guid":{"rendered":"https:\/\/www.deberes.net\/tesis\/sin-categoria\/contaminacion-atmosferica-y-mortalidad-en-la-ciudad-de-pamplona-1991-1999\/"},"modified":"2018-03-09T09:24:55","modified_gmt":"2018-03-09T09:24:55","slug":"contaminacion-atmosferica-y-mortalidad-en-la-ciudad-de-pamplona-1991-1999","status":"publish","type":"post","link":"https:\/\/www.deberes.net\/tesis\/pais-vasco-euskal-herriko-unibertsitatea\/contaminacion-atmosferica-y-mortalidad-en-la-ciudad-de-pamplona-1991-1999\/","title":{"rendered":"Contaminacion atmosferica y mortalidad en la ciudad de pamplona. 1991\/1999."},"content":{"rendered":"<h2>Tesis doctoral de <strong>  Alas Brun Rosa M. <\/strong><\/h2>\n<p>Estudio ecol\u00f3gico de las series temporales de la relaci\u00f3n entre la mortalidad por diferentes causas (causas no externas, no externas y mayores de 70 a\u00f1os, enfermedades circulatorias, respiratorias, cerebrovasculares, isqu\u00e9micas y card\u00edacas) y la contaminaci\u00f3n atmosf\u00e9rica (part\u00edculas en suspensi\u00f3n, di\u00f3xido de azufre, di\u00f3xido de nitr\u00f3geno, mon\u00f3xido de nitr\u00f3geno, mon\u00f3xido de carbono y ozono) utilizando como variables control par\u00e1metros de circularidad o tendencia, variables meteorol\u00f3gicas (humedad, presi\u00f3n atmosf\u00e9rica, temperatura), variables temporales (a\u00f1o, mes, d\u00eda de la semana, estaci\u00f3n del a\u00f1o) e incidencia de gripe. El estudio estad\u00edstico se inicia con un an\u00e1lisis simple en el que se realiza una aproximaci\u00f3n a las diferentes variables estudiando su evoluci\u00f3n en el tiempo as\u00ed como la tendencia lineal de las variables de mortalidad y contaminaci\u00f3n con respecto a las variables temporales. posteriormente se introduce el an\u00e1lisis multivariado, aplicando la regresi\u00f3n de poisson, intentando relacionar las variables confusi\u00f3n (meteorol\u00f3gicas, etc). Por \u00faltimo, sobre los modelos significativos, se realiza un an\u00e1lisis autorregresivo. en el n\u00facleo urbano formado por las poblaciones lim\u00edtrofes de pamplona, bara\u00f1ain y burlada, tanto los niveles de los contaminantes estudiados como la mortalidad por cuasas externas y sus subgrupos presentan variaciones estacionales. Los niveles medios de los diferntes contaminantes han ido disminuyendo al avanzar los a\u00f1os del estudio.  pese a presenar niveles de contaminaci\u00f3n por debajo de los recomendados por los orgamismos oficiales, encontramos asociaci\u00f3n significativa entre incrementos de la concentraci\u00f3n de part\u00edculas en suspensi\u00f3n con incrementos a corto plazo en las defunciones por causas no externas, no externas y mayores de 70 a\u00f1os, causas card\u00edacas y causas respiratorias. Existe tambi\u00e9n una relaci\u00f3n entre incrementos en la concentraci\u00f3n de di\u00f3xido de azufre<\/p>\n<p>&nbsp;<\/p>\n<h3>Datos acad\u00e9micos de la tesis doctoral \u00ab<strong>Contaminacion atmosferica y mortalidad en la ciudad de pamplona. 1991\/1999.<\/strong>\u00ab<\/h3>\n<ul>\n<li><strong>T\u00edtulo de la tesis:<\/strong>\u00a0 Contaminacion atmosferica y mortalidad en la ciudad de pamplona. 1991\/1999. <\/li>\n<li><strong>Autor:<\/strong>\u00a0  Alas Brun Rosa M. <\/li>\n<li><strong>Universidad:<\/strong>\u00a0 Pa\u00eds vasco\/euskal herriko unibertsitatea<\/li>\n<li><strong>Fecha de lectura de la tesis:<\/strong>\u00a0 23\/06\/2004<\/li>\n<\/ul>\n<p>&nbsp;<\/p>\n<h3>Direcci\u00f3n y tribunal<\/h3>\n<ul>\n<li><strong>Director de la tesis<\/strong>\n<ul>\n<li>Francisco Guillen Grima<\/li>\n<\/ul>\n<\/li>\n<li><strong>Tribunal<\/strong>\n<ul>\n<li>Presidente del tribunal: joaqu\u00edn Fern\u00e1ndez-crehuet navajas <\/li>\n<li> Mariscal la rubia Alberto (vocal)<\/li>\n<li>Miguel Espigares Garc\u00eda (vocal)<\/li>\n<li>Luis Carlos Abecia inchaurregui (vocal)<\/li>\n<\/ul>\n<\/li>\n<\/ul>\n<p>&nbsp;<\/p>\n","protected":false},"excerpt":{"rendered":"<p>Tesis doctoral de Alas Brun Rosa M. Estudio ecol\u00f3gico de las series temporales de la relaci\u00f3n entre la mortalidad por [&hellip;]<\/p>\n","protected":false},"author":1,"featured_media":0,"comment_status":"open","ping_status":"open","sticky":false,"template":"","format":"standard","meta":{"site-sidebar-layout":"default","site-content-layout":"","ast-site-content-layout":"","site-content-style":"default","site-sidebar-style":"default","ast-global-header-display":"","ast-banner-title-visibility":"","ast-main-header-display":"","ast-hfb-above-header-display":"","ast-hfb-below-header-display":"","ast-hfb-mobile-header-display":"","site-post-title":"","ast-breadcrumbs-content":"","ast-featured-img":"","footer-sml-layout":"","theme-transparent-header-meta":"","adv-header-id-meta":"","stick-header-meta":"","header-above-stick-meta":"","header-main-stick-meta":"","header-below-stick-meta":"","astra-migrate-meta-layouts":"default","ast-page-background-enabled":"default","ast-page-background-meta":{"desktop":{"background-color":"var(--ast-global-color-4)","background-image":"","background-repeat":"repeat","background-position":"center center","background-size":"auto","background-attachment":"scroll","background-type":"","background-media":"","overlay-type":"","overlay-color":"","overlay-gradient":""},"tablet":{"background-color":"","background-image":"","background-repeat":"repeat","background-position":"center center","background-size":"auto","background-attachment":"scroll","background-type":"","background-media":"","overlay-type":"","overlay-color":"","overlay-gradient":""},"mobile":{"background-color":"","background-image":"","background-repeat":"repeat","background-position":"center center","background-size":"auto","background-attachment":"scroll","background-type":"","background-media":"","overlay-type":"","overlay-color":"","overlay-gradient":""}},"ast-content-background-meta":{"desktop":{"background-color":"var(--ast-global-color-5)","background-image":"","background-repeat":"repeat","background-position":"center center","background-size":"auto","background-attachment":"scroll","background-type":"","background-media":"","overlay-type":"","overlay-color":"","overlay-gradient":""},"tablet":{"background-color":"var(--ast-global-color-5)","background-image":"","background-repeat":"repeat","background-position":"center center","background-size":"auto","background-attachment":"scroll","background-type":"","background-media":"","overlay-type":"","overlay-color":"","overlay-gradient":""},"mobile":{"background-color":"var(--ast-global-color-5)","background-image":"","background-repeat":"repeat","background-position":"center center","background-size":"auto","background-attachment":"scroll","background-type":"","background-media":"","overlay-type":"","overlay-color":"","overlay-gradient":""}},"footnotes":""},"categories":[12909],"tags":[86852,8237,2223,41246,86853,3554],"class_list":["post-31038","post","type-post","status-publish","format-standard","hentry","category-pais-vasco-euskal-herriko-unibertsitatea","tag-alas-brun-rosa-m","tag-francisco-guillen-grima","tag-joaquin-fernandez-crehuet-navajas","tag-luis-carlos-abecia-inchaurregui","tag-mariscal-la-rubia-alberto","tag-miguel-espigares-garcia"],"_links":{"self":[{"href":"https:\/\/www.deberes.net\/tesis\/wp-json\/wp\/v2\/posts\/31038","targetHints":{"allow":["GET"]}}],"collection":[{"href":"https:\/\/www.deberes.net\/tesis\/wp-json\/wp\/v2\/posts"}],"about":[{"href":"https:\/\/www.deberes.net\/tesis\/wp-json\/wp\/v2\/types\/post"}],"author":[{"embeddable":true,"href":"https:\/\/www.deberes.net\/tesis\/wp-json\/wp\/v2\/users\/1"}],"replies":[{"embeddable":true,"href":"https:\/\/www.deberes.net\/tesis\/wp-json\/wp\/v2\/comments?post=31038"}],"version-history":[{"count":0,"href":"https:\/\/www.deberes.net\/tesis\/wp-json\/wp\/v2\/posts\/31038\/revisions"}],"wp:attachment":[{"href":"https:\/\/www.deberes.net\/tesis\/wp-json\/wp\/v2\/media?parent=31038"}],"wp:term":[{"taxonomy":"category","embeddable":true,"href":"https:\/\/www.deberes.net\/tesis\/wp-json\/wp\/v2\/categories?post=31038"},{"taxonomy":"post_tag","embeddable":true,"href":"https:\/\/www.deberes.net\/tesis\/wp-json\/wp\/v2\/tags?post=31038"}],"curies":[{"name":"wp","href":"https:\/\/api.w.org\/{rel}","templated":true}]}}