{"id":31061,"date":"2018-03-09T09:24:56","date_gmt":"2018-03-09T09:24:56","guid":{"rendered":"https:\/\/www.deberes.net\/tesis\/sin-categoria\/etica-y-estetica-en-la-composicion-musical-actual\/"},"modified":"2018-03-09T09:24:56","modified_gmt":"2018-03-09T09:24:56","slug":"etica-y-estetica-en-la-composicion-musical-actual","status":"publish","type":"post","link":"https:\/\/www.deberes.net\/tesis\/sin-categoria\/etica-y-estetica-en-la-composicion-musical-actual\/","title":{"rendered":"\u00e9tica y est\u00e9tica en la composici\u00f3n musical actual"},"content":{"rendered":"<h2>Tesis doctoral de <strong> Jos\u00e9 Lucas Sanahuja <\/strong><\/h2>\n<p>La complejidad de las cuestiones de \u00e9tica y est\u00e9tica de la composici\u00f3n musical que aqu\u00ed se tratan se ci\u00f1en a unas sistem\u00e1ticas directrices. Desde el propio seno de este binomio (aplicado aqu\u00ed a la m\u00fasica) se pueden apreciar otros entes derivados que muestran una doble vertiente. Uno de ellos es el de teor\u00eda-praxis. Puesto que es esencial impelar a que la acci\u00f3n creativa se adhiera firmemente a la herencia que lega la tradici\u00f3n (por ser \u00e9ste es el mejor cauce para conferir una progresiva cualidad a la composici\u00f3n) por ello mismo es muy l\u00f3gico que lo que se preconiza para la praxis se asuma tambi\u00e9n para la teor\u00eda. Del binomio de tradici\u00f3n-herencia deriva la necesidad de adscribirse a los magistrales dict\u00e1menes de unas insignes autoridades cuyas seleccionadas citas se comentan con nuestras glosas.  las ideas generales sobre \u00e9tica-est\u00e9tica se encauzan desde schopenhauer y nietzsche para pasar a las consideraciones te\u00f3rico-pr\u00e1cticas de strawinsky, honegger, bart\u00f3k y falla.  en nuestra aportaci\u00f3n se van mostrando los sucesivos grados de texn\u00e9-arx\u00e9 que sigue el compositor en su funci\u00f3n creativa. No se soslaya la repercusi\u00f3n social de la m\u00fascia; por ello se atiende a la relaci\u00f3n de medio-finalidad, en la dimensi\u00f3n moral y educativa que la m\u00fasica debe ejercer sobre la sociedad. por ello se atiende tambi\u00e9n a la relaci\u00f3n de causa-efecto que se debe prever en la gestaci\u00f3n de la obra y a sus componentes psicol\u00f3gicos y fenomenol\u00f3gicos.<\/p>\n<p>&nbsp;<\/p>\n<h3>Datos acad\u00e9micos de la tesis doctoral \u00ab<strong>\u00e9tica y est\u00e9tica en la composici\u00f3n musical actual<\/strong>\u00ab<\/h3>\n<ul>\n<li><strong>T\u00edtulo de la tesis:<\/strong>\u00a0 \u00e9tica y est\u00e9tica en la composici\u00f3n musical actual <\/li>\n<li><strong>Autor:<\/strong>\u00a0 Jos\u00e9 Lucas Sanahuja <\/li>\n<li><strong>Universidad:<\/strong>\u00a0 Complutense de Madrid<\/li>\n<li><strong>Fecha de lectura de la tesis:<\/strong>\u00a0 24\/06\/2004<\/li>\n<\/ul>\n<p>&nbsp;<\/p>\n<h3>Direcci\u00f3n y tribunal<\/h3>\n<ul>\n<li><strong>Director de la tesis<\/strong>\n<ul>\n<li>Alfonso Lopez Quintas<\/li>\n<\/ul>\n<\/li>\n<li><strong>Tribunal<\/strong>\n<ul>\n<li>Presidente del tribunal: Luis Jim\u00e9nez moreno <\/li>\n<li>pedro Vilarroig aroca (vocal)<\/li>\n<li>Manuel Maceiras fafi\u00e1n (vocal)<\/li>\n<li>Francisco G\u00f3mez mart\u00edn (vocal)<\/li>\n<\/ul>\n<\/li>\n<\/ul>\n<p>&nbsp;<\/p>\n","protected":false},"excerpt":{"rendered":"<p>Tesis doctoral de Jos\u00e9 Lucas Sanahuja La complejidad de las cuestiones de \u00e9tica y est\u00e9tica de la composici\u00f3n musical que [&hellip;]<\/p>\n","protected":false},"author":1,"featured_media":0,"comment_status":"open","ping_status":"open","sticky":false,"template":"","format":"standard","meta":{"site-sidebar-layout":"default","site-content-layout":"","ast-site-content-layout":"","site-content-style":"default","site-sidebar-style":"default","ast-global-header-display":"","ast-banner-title-visibility":"","ast-main-header-display":"","ast-hfb-above-header-display":"","ast-hfb-below-header-display":"","ast-hfb-mobile-header-display":"","site-post-title":"","ast-breadcrumbs-content":"","ast-featured-img":"","footer-sml-layout":"","theme-transparent-header-meta":"","adv-header-id-meta":"","stick-header-meta":"","header-above-stick-meta":"","header-main-stick-meta":"","header-below-stick-meta":"","astra-migrate-meta-layouts":"default","ast-page-background-enabled":"default","ast-page-background-meta":{"desktop":{"background-color":"var(--ast-global-color-4)","background-image":"","background-repeat":"repeat","background-position":"center center","background-size":"auto","background-attachment":"scroll","background-type":"","background-media":"","overlay-type":"","overlay-color":"","overlay-gradient":""},"tablet":{"background-color":"","background-image":"","background-repeat":"repeat","background-position":"center center","background-size":"auto","background-attachment":"scroll","background-type":"","background-media":"","overlay-type":"","overlay-color":"","overlay-gradient":""},"mobile":{"background-color":"","background-image":"","background-repeat":"repeat","background-position":"center center","background-size":"auto","background-attachment":"scroll","background-type":"","background-media":"","overlay-type":"","overlay-color":"","overlay-gradient":""}},"ast-content-background-meta":{"desktop":{"background-color":"var(--ast-global-color-5)","background-image":"","background-repeat":"repeat","background-position":"center center","background-size":"auto","background-attachment":"scroll","background-type":"","background-media":"","overlay-type":"","overlay-color":"","overlay-gradient":""},"tablet":{"background-color":"var(--ast-global-color-5)","background-image":"","background-repeat":"repeat","background-position":"center center","background-size":"auto","background-attachment":"scroll","background-type":"","background-media":"","overlay-type":"","overlay-color":"","overlay-gradient":""},"mobile":{"background-color":"var(--ast-global-color-5)","background-image":"","background-repeat":"repeat","background-position":"center center","background-size":"auto","background-attachment":"scroll","background-type":"","background-media":"","overlay-type":"","overlay-color":"","overlay-gradient":""}},"footnotes":""},"categories":[1],"tags":[6494,86905,86116,6011,5345,30989],"class_list":["post-31061","post","type-post","status-publish","format-standard","hentry","category-sin-categoria","tag-alfonso-lopez-quintas","tag-francisco-gomez-martin","tag-jose-lucas-sanahuja","tag-luis-jimenez-moreno","tag-manuel-maceiras-fafian","tag-pedro-vilarroig-aroca"],"_links":{"self":[{"href":"https:\/\/www.deberes.net\/tesis\/wp-json\/wp\/v2\/posts\/31061","targetHints":{"allow":["GET"]}}],"collection":[{"href":"https:\/\/www.deberes.net\/tesis\/wp-json\/wp\/v2\/posts"}],"about":[{"href":"https:\/\/www.deberes.net\/tesis\/wp-json\/wp\/v2\/types\/post"}],"author":[{"embeddable":true,"href":"https:\/\/www.deberes.net\/tesis\/wp-json\/wp\/v2\/users\/1"}],"replies":[{"embeddable":true,"href":"https:\/\/www.deberes.net\/tesis\/wp-json\/wp\/v2\/comments?post=31061"}],"version-history":[{"count":0,"href":"https:\/\/www.deberes.net\/tesis\/wp-json\/wp\/v2\/posts\/31061\/revisions"}],"wp:attachment":[{"href":"https:\/\/www.deberes.net\/tesis\/wp-json\/wp\/v2\/media?parent=31061"}],"wp:term":[{"taxonomy":"category","embeddable":true,"href":"https:\/\/www.deberes.net\/tesis\/wp-json\/wp\/v2\/categories?post=31061"},{"taxonomy":"post_tag","embeddable":true,"href":"https:\/\/www.deberes.net\/tesis\/wp-json\/wp\/v2\/tags?post=31061"}],"curies":[{"name":"wp","href":"https:\/\/api.w.org\/{rel}","templated":true}]}}