{"id":31067,"date":"2018-03-09T09:24:57","date_gmt":"2018-03-09T09:24:57","guid":{"rendered":"https:\/\/www.deberes.net\/tesis\/sin-categoria\/pensamiento-cra%c2%adtico-de-david-lodge\/"},"modified":"2018-03-09T09:24:57","modified_gmt":"2018-03-09T09:24:57","slug":"pensamiento-cra%c2%adtico-de-david-lodge","status":"publish","type":"post","link":"https:\/\/www.deberes.net\/tesis\/sin-categoria\/pensamiento-cra%c2%adtico-de-david-lodge\/","title":{"rendered":"Pensamiento cr\u00edtico de david lodge"},"content":{"rendered":"<h2>Tesis doctoral de <strong> Aurora Cabrera Rodr\u00edguez <\/strong><\/h2>\n<p>Se ha tratado de demostrar, mediante el an\u00e1lisis del corpus de david lodge, la profundidad de su pensamiento cr\u00edtico en contraste con la generalizada opini\u00f3n de la relativa superficialidad hist\u00f3rica en su obra, en base a sus novelas de campus, animados cuadros costumbristas  universitarios brit\u00e1nicos y estadounidenses que eventualmente alcanzan un cl\u00edmax de jocosa hilaridad y escenas de c\u00e1lida sensualidad. Todas estas obras, empero, son portadoras de un hilo conductor de denuncia y reivindicaci\u00f3n de una tesis dada, bien de una carencia en el sistema universitario, err\u00f3nea pedagog\u00eda, omisi\u00f3n en pol\u00edtica social, marginaci\u00f3n o la m\u00e1s decidida vocaci\u00f3n docente en el profesorado universitario, a pesar de la discutibilidad en ciertos planteamientos transcendentes frivolamente tratados, supeditados a la consecuci\u00f3n del efecto c\u00f3mico.  los cuatiosos premios recibidos de cr\u00edtica, editoriales, media, teatro, etc. , Por sus obras de ficci\u00f3n le han catalogado en el mundo universitario como ingenioso novelista, olvidando lo indiscutible de su profunda vocaci\u00f3n y eficacia pedag\u00f3gicas y pormenorizado documentadisimo an\u00e1lisis cr\u00edtico, patentes en su abundante producci\u00f3n de teor\u00eda cr\u00edtica, historiograf\u00eda literaria, etc., En que alcanza supremos niveles de informaci\u00f3n y discernimiento.<\/p>\n<p>&nbsp;<\/p>\n<h3>Datos acad\u00e9micos de la tesis doctoral \u00ab<strong>Pensamiento cr\u00edtico de david lodge<\/strong>\u00ab<\/h3>\n<ul>\n<li><strong>T\u00edtulo de la tesis:<\/strong>\u00a0 Pensamiento cr\u00edtico de david lodge <\/li>\n<li><strong>Autor:<\/strong>\u00a0 Aurora Cabrera Rodr\u00edguez <\/li>\n<li><strong>Universidad:<\/strong>\u00a0 Complutense de Madrid<\/li>\n<li><strong>Fecha de lectura de la tesis:<\/strong>\u00a0 24\/06\/2004<\/li>\n<\/ul>\n<p>&nbsp;<\/p>\n<h3>Direcci\u00f3n y tribunal<\/h3>\n<ul>\n<li><strong>Director de la tesis<\/strong>\n<ul>\n<li>Alicia De Vicente Y Royo San Mart\u00edn<\/li>\n<\/ul>\n<\/li>\n<li><strong>Tribunal<\/strong>\n<ul>\n<li>Presidente del tribunal: enrique Bernardez sanchis <\/li>\n<li>Jos\u00e9 Antonio Gurpegui palacios (vocal)<\/li>\n<li>roman Alvarez rodriguez (vocal)<\/li>\n<li>M\u00aa teresa Feito higueruela (vocal)<\/li>\n<\/ul>\n<\/li>\n<\/ul>\n<p>&nbsp;<\/p>\n","protected":false},"excerpt":{"rendered":"<p>Tesis doctoral de Aurora Cabrera Rodr\u00edguez Se ha tratado de demostrar, mediante el an\u00e1lisis del corpus de david lodge, la [&hellip;]<\/p>\n","protected":false},"author":1,"featured_media":0,"comment_status":"open","ping_status":"open","sticky":false,"template":"","format":"standard","meta":{"site-sidebar-layout":"default","site-content-layout":"","ast-site-content-layout":"","site-content-style":"default","site-sidebar-style":"default","ast-global-header-display":"","ast-banner-title-visibility":"","ast-main-header-display":"","ast-hfb-above-header-display":"","ast-hfb-below-header-display":"","ast-hfb-mobile-header-display":"","site-post-title":"","ast-breadcrumbs-content":"","ast-featured-img":"","footer-sml-layout":"","theme-transparent-header-meta":"","adv-header-id-meta":"","stick-header-meta":"","header-above-stick-meta":"","header-main-stick-meta":"","header-below-stick-meta":"","astra-migrate-meta-layouts":"default","ast-page-background-enabled":"default","ast-page-background-meta":{"desktop":{"background-color":"var(--ast-global-color-4)","background-image":"","background-repeat":"repeat","background-position":"center center","background-size":"auto","background-attachment":"scroll","background-type":"","background-media":"","overlay-type":"","overlay-color":"","overlay-gradient":""},"tablet":{"background-color":"","background-image":"","background-repeat":"repeat","background-position":"center center","background-size":"auto","background-attachment":"scroll","background-type":"","background-media":"","overlay-type":"","overlay-color":"","overlay-gradient":""},"mobile":{"background-color":"","background-image":"","background-repeat":"repeat","background-position":"center center","background-size":"auto","background-attachment":"scroll","background-type":"","background-media":"","overlay-type":"","overlay-color":"","overlay-gradient":""}},"ast-content-background-meta":{"desktop":{"background-color":"var(--ast-global-color-5)","background-image":"","background-repeat":"repeat","background-position":"center center","background-size":"auto","background-attachment":"scroll","background-type":"","background-media":"","overlay-type":"","overlay-color":"","overlay-gradient":""},"tablet":{"background-color":"var(--ast-global-color-5)","background-image":"","background-repeat":"repeat","background-position":"center center","background-size":"auto","background-attachment":"scroll","background-type":"","background-media":"","overlay-type":"","overlay-color":"","overlay-gradient":""},"mobile":{"background-color":"var(--ast-global-color-5)","background-image":"","background-repeat":"repeat","background-position":"center center","background-size":"auto","background-attachment":"scroll","background-type":"","background-media":"","overlay-type":"","overlay-color":"","overlay-gradient":""}},"footnotes":""},"categories":[1],"tags":[22760,86915,888,3247,5719,11023],"class_list":["post-31067","post","type-post","status-publish","format-standard","hentry","category-sin-categoria","tag-alicia-de-vicente-y-royo-san-martin","tag-aurora-cabrera-rodriguez","tag-enrique-bernardez-sanchis","tag-jose-antonio-gurpegui-palacios","tag-ma-teresa-feito-higueruela","tag-roman-alvarez-rodriguez"],"_links":{"self":[{"href":"https:\/\/www.deberes.net\/tesis\/wp-json\/wp\/v2\/posts\/31067","targetHints":{"allow":["GET"]}}],"collection":[{"href":"https:\/\/www.deberes.net\/tesis\/wp-json\/wp\/v2\/posts"}],"about":[{"href":"https:\/\/www.deberes.net\/tesis\/wp-json\/wp\/v2\/types\/post"}],"author":[{"embeddable":true,"href":"https:\/\/www.deberes.net\/tesis\/wp-json\/wp\/v2\/users\/1"}],"replies":[{"embeddable":true,"href":"https:\/\/www.deberes.net\/tesis\/wp-json\/wp\/v2\/comments?post=31067"}],"version-history":[{"count":0,"href":"https:\/\/www.deberes.net\/tesis\/wp-json\/wp\/v2\/posts\/31067\/revisions"}],"wp:attachment":[{"href":"https:\/\/www.deberes.net\/tesis\/wp-json\/wp\/v2\/media?parent=31067"}],"wp:term":[{"taxonomy":"category","embeddable":true,"href":"https:\/\/www.deberes.net\/tesis\/wp-json\/wp\/v2\/categories?post=31067"},{"taxonomy":"post_tag","embeddable":true,"href":"https:\/\/www.deberes.net\/tesis\/wp-json\/wp\/v2\/tags?post=31067"}],"curies":[{"name":"wp","href":"https:\/\/api.w.org\/{rel}","templated":true}]}}