{"id":31096,"date":"1997-01-01T00:00:00","date_gmt":"1997-01-01T00:00:00","guid":{"rendered":"https:\/\/www.deberes.net\/tesis\/sin-categoria\/la-arquitectura-barroca-en-calahorra\/"},"modified":"1997-01-01T00:00:00","modified_gmt":"1997-01-01T00:00:00","slug":"la-arquitectura-barroca-en-calahorra","status":"publish","type":"post","link":"https:\/\/www.deberes.net\/tesis\/historia\/la-arquitectura-barroca-en-calahorra\/","title":{"rendered":"La arquitectura barroca en calahorra."},"content":{"rendered":"<h2>Tesis doctoral de <strong>  Mateos Gil Ana Jes\u00fas <\/strong><\/h2>\n<p>Esta tesis ha estudiado las artes en calahorra (la rioja) durante los siglos xvii y xviii, haciendo especial hincapie en la arquitectura y urbanismo de la ciudad.  para ello se ha basado en el estudio de la documentacion conservada en archivos locales, provinciales (logro\u00f1o) y nacionales (Madrid, valladolid y simancas). La tesis cumple los siguientes objetivos: estudio de la actividad constructiva, valoracion de la arquitectura calagurritana en relacion con la de otros focos artisticos, analisis de lo novedoso y lo tradicional de la arquitectura barroca, evaluacion de los arquitectos documentados y de la influencia de la real academia de bellas artes de san fernando y periodizacion de la arquitectura calagurritana de los siglos xvii y xviii.  se estructura en tres grandes bloques que comprenden analisis (2 volumenes), documentacion (2 volumenes) y apendice grafico (1 volumen). El analisis comprende monografias sobre urbanismo y los edificios calagurritanos en los que se registran obras en la etapa barroca (catedral, parroquias, ermitas, palacio episcopal, patio de comedias, edificios de patronato eclesiastico, obras publicas y arquitectura domestica) y una serie de estudios generales que abordan los siguientes temas: estado de la cuestion, contexto historico-economico, la actividad constructiva en el periodo barroco, estudio de la arquitectura de los siglos xvii y xviii, los arquitectos de la familia raon y la importancia artistica del arcediano de berberiego don juan miguel mortela.<\/p>\n<p>&nbsp;<\/p>\n<h3>Datos acad\u00e9micos de la tesis doctoral \u00ab<strong>La arquitectura barroca en calahorra.<\/strong>\u00ab<\/h3>\n<ul>\n<li><strong>T\u00edtulo de la tesis:<\/strong>\u00a0 La arquitectura barroca en calahorra. <\/li>\n<li><strong>Autor:<\/strong>\u00a0  Mateos Gil Ana Jes\u00fas <\/li>\n<li><strong>Universidad:<\/strong>\u00a0 Zaragoza<\/li>\n<li><strong>Fecha de lectura de la tesis:<\/strong>\u00a0 01\/01\/1997<\/li>\n<\/ul>\n<p>&nbsp;<\/p>\n<h3>Direcci\u00f3n y tribunal<\/h3>\n<ul>\n<li><strong>Director de la tesis<\/strong>\n<ul>\n<li>Juan  Francisco Esteban Lorente<\/li>\n<\/ul>\n<\/li>\n<li><strong>Tribunal<\/strong>\n<ul>\n<li>Presidente del tribunal: Concepcion Garcia Gainza <\/li>\n<li>Mar\u00eda Isabel \u00e1lvaro Zamora (vocal)<\/li>\n<li>Gonzalo Borras Gualis (vocal)<\/li>\n<li>Mar\u00eda Bego\u00f1a Arr\u00fae Ugarte (vocal)<\/li>\n<\/ul>\n<\/li>\n<\/ul>\n<p>&nbsp;<\/p>\n","protected":false},"excerpt":{"rendered":"<p>Tesis doctoral de Mateos Gil Ana Jes\u00fas Esta tesis ha estudiado las artes en calahorra (la rioja) durante los siglos [&hellip;]<\/p>\n","protected":false},"author":1,"featured_media":0,"comment_status":"open","ping_status":"open","sticky":false,"template":"","format":"standard","meta":{"site-sidebar-layout":"default","site-content-layout":"","ast-site-content-layout":"","site-content-style":"default","site-sidebar-style":"default","ast-global-header-display":"","ast-banner-title-visibility":"","ast-main-header-display":"","ast-hfb-above-header-display":"","ast-hfb-below-header-display":"","ast-hfb-mobile-header-display":"","site-post-title":"","ast-breadcrumbs-content":"","ast-featured-img":"","footer-sml-layout":"","theme-transparent-header-meta":"","adv-header-id-meta":"","stick-header-meta":"","header-above-stick-meta":"","header-main-stick-meta":"","header-below-stick-meta":"","astra-migrate-meta-layouts":"default","ast-page-background-enabled":"default","ast-page-background-meta":{"desktop":{"background-color":"var(--ast-global-color-4)","background-image":"","background-repeat":"repeat","background-position":"center center","background-size":"auto","background-attachment":"scroll","background-type":"","background-media":"","overlay-type":"","overlay-color":"","overlay-gradient":""},"tablet":{"background-color":"","background-image":"","background-repeat":"repeat","background-position":"center center","background-size":"auto","background-attachment":"scroll","background-type":"","background-media":"","overlay-type":"","overlay-color":"","overlay-gradient":""},"mobile":{"background-color":"","background-image":"","background-repeat":"repeat","background-position":"center center","background-size":"auto","background-attachment":"scroll","background-type":"","background-media":"","overlay-type":"","overlay-color":"","overlay-gradient":""}},"ast-content-background-meta":{"desktop":{"background-color":"var(--ast-global-color-5)","background-image":"","background-repeat":"repeat","background-position":"center center","background-size":"auto","background-attachment":"scroll","background-type":"","background-media":"","overlay-type":"","overlay-color":"","overlay-gradient":""},"tablet":{"background-color":"var(--ast-global-color-5)","background-image":"","background-repeat":"repeat","background-position":"center center","background-size":"auto","background-attachment":"scroll","background-type":"","background-media":"","overlay-type":"","overlay-color":"","overlay-gradient":""},"mobile":{"background-color":"var(--ast-global-color-5)","background-image":"","background-repeat":"repeat","background-position":"center center","background-size":"auto","background-attachment":"scroll","background-type":"","background-media":"","overlay-type":"","overlay-color":"","overlay-gradient":""}},"footnotes":""},"categories":[104,1014,222,13610],"tags":[12862,5824,63416,24189,30085,86987],"class_list":["post-31096","post","type-post","status-publish","format-standard","hentry","category-historia","category-historia-del-arte","category-historias-especializadas","category-zaragoza","tag-concepcion-garcia-gainza","tag-gonzalo-borras-gualis","tag-juan-francisco-esteban-lorente","tag-maria-begona-arrue-ugarte","tag-maria-isabel-alvaro-zamora","tag-mateos-gil-ana-jesus"],"_links":{"self":[{"href":"https:\/\/www.deberes.net\/tesis\/wp-json\/wp\/v2\/posts\/31096","targetHints":{"allow":["GET"]}}],"collection":[{"href":"https:\/\/www.deberes.net\/tesis\/wp-json\/wp\/v2\/posts"}],"about":[{"href":"https:\/\/www.deberes.net\/tesis\/wp-json\/wp\/v2\/types\/post"}],"author":[{"embeddable":true,"href":"https:\/\/www.deberes.net\/tesis\/wp-json\/wp\/v2\/users\/1"}],"replies":[{"embeddable":true,"href":"https:\/\/www.deberes.net\/tesis\/wp-json\/wp\/v2\/comments?post=31096"}],"version-history":[{"count":0,"href":"https:\/\/www.deberes.net\/tesis\/wp-json\/wp\/v2\/posts\/31096\/revisions"}],"wp:attachment":[{"href":"https:\/\/www.deberes.net\/tesis\/wp-json\/wp\/v2\/media?parent=31096"}],"wp:term":[{"taxonomy":"category","embeddable":true,"href":"https:\/\/www.deberes.net\/tesis\/wp-json\/wp\/v2\/categories?post=31096"},{"taxonomy":"post_tag","embeddable":true,"href":"https:\/\/www.deberes.net\/tesis\/wp-json\/wp\/v2\/tags?post=31096"}],"curies":[{"name":"wp","href":"https:\/\/api.w.org\/{rel}","templated":true}]}}