{"id":3128,"date":"1994-01-01T00:00:00","date_gmt":"1994-01-01T00:00:00","guid":{"rendered":"https:\/\/www.deberes.net\/tesis\/1994\/01\/01\/estructura-genetica-y-control-de-genealogias-en-las-razas-ovinas-latxa-y-carranzana-de-la-comunidad-autonoma-vasca\/"},"modified":"1994-01-01T00:00:00","modified_gmt":"1994-01-01T00:00:00","slug":"estructura-genetica-y-control-de-genealogias-en-las-razas-ovinas-latxa-y-carranzana-de-la-comunidad-autonoma-vasca","status":"publish","type":"post","link":"https:\/\/www.deberes.net\/tesis\/ciencias-de-la-vida\/estructura-genetica-y-control-de-genealogias-en-las-razas-ovinas-latxa-y-carranzana-de-la-comunidad-autonoma-vasca\/","title":{"rendered":"Estructura genetica y control de genealogias en las razas ovinas latxa y carranzana de la comunidad autonoma vasca."},"content":{"rendered":"<h2>Tesis doctoral de <strong> Andone Estomba Recalde <\/strong><\/h2>\n<p>Estructura genetica y control de genealogias en las razas ovinas latxa y carranzana de la c.A.V. El inicio del programa de mejora de la produccion lechera en las razas ovinas latxa y carranzana de la c.A.V. Nos indujo a plantearnos el estudio de su estructura genetica intra-racial, asi como, el establecer un sistema indirecto para el control de genealogias. Para ello nos hemos basado en los polimorfismos bioquimicos. Estas razas constituyen un ejemplo particular de una poblacion ganadera sometida a sistemas de explotacion y manejo tradicionales sobre los que poseemos amplia informacion, lo cual nos permite deducir la incidencia que los diferentes usos y costumbres de los ganaderos han tenido en la formacion y mantenimiento de la estructura genetica en latxa y carranzana.  analizamos la distribucion de las frecuencias genicas y genotipicas en un amplio numero de ganaderias mediante la aplicacion de metodolog\u00edas electroforeticas clasicas para los loci hbb, dia1, tftp y es, y mediante la puesta a punto de nuevas metodolog\u00edas electroforeticas basadas en el isoelectroenfoque ampliamos los analisis a los polimorfismos me1, pi1, pi2 y tfstp. Posteriormente, agrupando los reba\u00f1os en comarcas, ecotipos, variedades y razas, analizamos la diversidad dentro y entre estos niveles de subdivision poblacional.  respecto a la estructura genetica de la variedad latxa cara negra determinamos que la unidad de reproduccion es el reba\u00f1o, siendo nula la incidencia que sobre la estructura genetica de esta variedad tiene la mezcla de reba\u00f1os en las zonas de pastoreo estival. Hemos observado heterogeneidad entre las frecuencias genicas de los reba\u00f1os que esta generada por la filopatria de las hembras y los cruces poliginicos observados en los reba\u00f1os, aunque los datos demograficos indican que la heterogeneidad observada esta atenuada debido a la alta tasa de migracion de machos, al solapamiento de 3 generaciones de hembras en los reba\u00f1os y a la cos<\/p>\n<p>&nbsp;<\/p>\n<h3>Datos acad\u00e9micos de la tesis doctoral \u00ab<strong>Estructura genetica y control de genealogias en las razas ovinas latxa y carranzana de la comunidad autonoma vasca.<\/strong>\u00ab<\/h3>\n<ul>\n<li><strong>T\u00edtulo de la tesis:<\/strong>\u00a0 Estructura genetica y control de genealogias en las razas ovinas latxa y carranzana de la comunidad autonoma vasca. <\/li>\n<li><strong>Autor:<\/strong>\u00a0 Andone Estomba Recalde <\/li>\n<li><strong>Universidad:<\/strong>\u00a0 Pa\u00eds vasco\/euskal herriko unibertsitatea<\/li>\n<li><strong>Fecha de lectura de la tesis:<\/strong>\u00a0 01\/01\/1994<\/li>\n<\/ul>\n<p>&nbsp;<\/p>\n<h3>Direcci\u00f3n y tribunal<\/h3>\n<ul>\n<li><strong>Director de la tesis<\/strong>\n<ul>\n<li> Mazon Gutierrez Zorrilla Luis Ignacio<\/li>\n<\/ul>\n<\/li>\n<li><strong>Tribunal<\/strong>\n<ul>\n<li>Presidente del tribunal: Nicolas Jouve De La Barreda <\/li>\n<li>Antonio Rodero Franganillo (vocal)<\/li>\n<li>Fermin San Primitivo Tirados (vocal)<\/li>\n<li>Dunixi Gabi\u00f1a Iturriaga (vocal)<\/li>\n<\/ul>\n<\/li>\n<\/ul>\n<p>&nbsp;<\/p>\n","protected":false},"excerpt":{"rendered":"<p>Tesis doctoral de Andone Estomba Recalde Estructura genetica y control de genealogias en las razas ovinas latxa y carranzana de [&hellip;]<\/p>\n","protected":false},"author":1,"featured_media":0,"comment_status":"open","ping_status":"open","sticky":false,"template":"","format":"standard","meta":{"site-sidebar-layout":"default","site-content-layout":"","ast-site-content-layout":"","site-content-style":"default","site-sidebar-style":"default","ast-global-header-display":"","ast-banner-title-visibility":"","ast-main-header-display":"","ast-hfb-above-header-display":"","ast-hfb-below-header-display":"","ast-hfb-mobile-header-display":"","site-post-title":"","ast-breadcrumbs-content":"","ast-featured-img":"","footer-sml-layout":"","theme-transparent-header-meta":"","adv-header-id-meta":"","stick-header-meta":"","header-above-stick-meta":"","header-main-stick-meta":"","header-below-stick-meta":"","astra-migrate-meta-layouts":"default","ast-page-background-enabled":"default","ast-page-background-meta":{"desktop":{"background-color":"var(--ast-global-color-4)","background-image":"","background-repeat":"repeat","background-position":"center center","background-size":"auto","background-attachment":"scroll","background-type":"","background-media":"","overlay-type":"","overlay-color":"","overlay-gradient":""},"tablet":{"background-color":"","background-image":"","background-repeat":"repeat","background-position":"center center","background-size":"auto","background-attachment":"scroll","background-type":"","background-media":"","overlay-type":"","overlay-color":"","overlay-gradient":""},"mobile":{"background-color":"","background-image":"","background-repeat":"repeat","background-position":"center center","background-size":"auto","background-attachment":"scroll","background-type":"","background-media":"","overlay-type":"","overlay-color":"","overlay-gradient":""}},"ast-content-background-meta":{"desktop":{"background-color":"var(--ast-global-color-5)","background-image":"","background-repeat":"repeat","background-position":"center center","background-size":"auto","background-attachment":"scroll","background-type":"","background-media":"","overlay-type":"","overlay-color":"","overlay-gradient":""},"tablet":{"background-color":"var(--ast-global-color-5)","background-image":"","background-repeat":"repeat","background-position":"center center","background-size":"auto","background-attachment":"scroll","background-type":"","background-media":"","overlay-type":"","overlay-color":"","overlay-gradient":""},"mobile":{"background-color":"var(--ast-global-color-5)","background-image":"","background-repeat":"repeat","background-position":"center center","background-size":"auto","background-attachment":"scroll","background-type":"","background-media":"","overlay-type":"","overlay-color":"","overlay-gradient":""}},"footnotes":""},"categories":[494,35,515,962,1820,2118,12909],"tags":[13152,2121,13154,4468,13153,2179],"class_list":["post-3128","post","type-post","status-publish","format-standard","hentry","category-ciencias-agrarias","category-ciencias-de-la-vida","category-ciencias-veterinarias","category-genetica","category-genetica-de-poblaciones","category-genetica-veterinaria","category-pais-vasco-euskal-herriko-unibertsitatea","tag-andone-estomba-recalde","tag-antonio-rodero-franganillo","tag-dunixi-gabina-iturriaga","tag-fermin-san-primitivo-tirados","tag-mazon-gutierrez-zorrilla-luis-ignacio","tag-nicolas-jouve-de-la-barreda"],"_links":{"self":[{"href":"https:\/\/www.deberes.net\/tesis\/wp-json\/wp\/v2\/posts\/3128","targetHints":{"allow":["GET"]}}],"collection":[{"href":"https:\/\/www.deberes.net\/tesis\/wp-json\/wp\/v2\/posts"}],"about":[{"href":"https:\/\/www.deberes.net\/tesis\/wp-json\/wp\/v2\/types\/post"}],"author":[{"embeddable":true,"href":"https:\/\/www.deberes.net\/tesis\/wp-json\/wp\/v2\/users\/1"}],"replies":[{"embeddable":true,"href":"https:\/\/www.deberes.net\/tesis\/wp-json\/wp\/v2\/comments?post=3128"}],"version-history":[{"count":0,"href":"https:\/\/www.deberes.net\/tesis\/wp-json\/wp\/v2\/posts\/3128\/revisions"}],"wp:attachment":[{"href":"https:\/\/www.deberes.net\/tesis\/wp-json\/wp\/v2\/media?parent=3128"}],"wp:term":[{"taxonomy":"category","embeddable":true,"href":"https:\/\/www.deberes.net\/tesis\/wp-json\/wp\/v2\/categories?post=3128"},{"taxonomy":"post_tag","embeddable":true,"href":"https:\/\/www.deberes.net\/tesis\/wp-json\/wp\/v2\/tags?post=3128"}],"curies":[{"name":"wp","href":"https:\/\/api.w.org\/{rel}","templated":true}]}}