{"id":31615,"date":"1997-01-01T00:00:00","date_gmt":"1997-01-01T00:00:00","guid":{"rendered":"https:\/\/www.deberes.net\/tesis\/sin-categoria\/lucernas-romanas-en-la-region-septentrional-de-la-peninsula-iberica\/"},"modified":"1997-01-01T00:00:00","modified_gmt":"1997-01-01T00:00:00","slug":"lucernas-romanas-en-la-region-septentrional-de-la-peninsula-iberica","status":"publish","type":"post","link":"https:\/\/www.deberes.net\/tesis\/historia\/lucernas-romanas-en-la-region-septentrional-de-la-peninsula-iberica\/","title":{"rendered":"Lucernas romanas en la region septentrional de la peninsula iberica."},"content":{"rendered":"<h2>Tesis doctoral de <strong> Angel Morillo Cerdan <\/strong><\/h2>\n<p>En este trabajo se contemplan los materiales arqueologicos recuperados en diferentes yacimientos situados en las provincias de leon y palencia, asi como en las comunidades autonomas de asturias y cantabria, algunos de la importancia de astorga, leon o herrera de pisuerga. A traves del analisis de las caracteristicas cronologicas, iconograficas y epigraficas de las lucerns romanas se llega a contrastadas reflexiones de caracter productivo y comercial referentes a la fabricacion y circulacion regional de recipientes ceramicos de iluminacion. Una de las conclusiones principales de este estudio es que la region septentrional de la peninsula, una zona considerada por la historiografia tradicional como periferica respecto a las areas nucleares del imperio romano, no difiere sensiblemente de estas regiones en lo que a la produccion y comercializacion de lucernas se refiere, por lo que, al menos en el campo lychnologico, no constatamos tales diferencias. Partiendo de estos datos se realiza asimismo un planteamiento general acerca del proceso de implantacion romana en la region, haciendo especial hincapie en la ocupacion militar inicial y el surgimiento de los primeros contextos urbanos de caracter civil.<\/p>\n<p>&nbsp;<\/p>\n<h3>Datos acad\u00e9micos de la tesis doctoral \u00ab<strong>Lucernas romanas en la region septentrional de la peninsula iberica.<\/strong>\u00ab<\/h3>\n<ul>\n<li><strong>T\u00edtulo de la tesis:<\/strong>\u00a0 Lucernas romanas en la region septentrional de la peninsula iberica. <\/li>\n<li><strong>Autor:<\/strong>\u00a0 Angel Morillo Cerdan <\/li>\n<li><strong>Universidad:<\/strong>\u00a0 Aut\u00f3noma de Madrid<\/li>\n<li><strong>Fecha de lectura de la tesis:<\/strong>\u00a0 01\/01\/1997<\/li>\n<\/ul>\n<p>&nbsp;<\/p>\n<h3>Direcci\u00f3n y tribunal<\/h3>\n<ul>\n<li><strong>Director de la tesis<\/strong>\n<ul>\n<li>Carmen Fern\u00e1ndez Ochoa<\/li>\n<\/ul>\n<\/li>\n<li><strong>Tribunal<\/strong>\n<ul>\n<li>Presidente del tribunal: Manuel Bendala Galan <\/li>\n<li>Cesareo Perez Gonzalez (vocal)<\/li>\n<li>Jos\u00e9 Antonio Ab\u00e1solo \u00e1lvarez (vocal)<\/li>\n<li>Mar\u00eda  Teresa Amare Tafalla (vocal)<\/li>\n<\/ul>\n<\/li>\n<\/ul>\n<p>&nbsp;<\/p>\n","protected":false},"excerpt":{"rendered":"<p>Tesis doctoral de Angel Morillo Cerdan En este trabajo se contemplan los materiales arqueologicos recuperados en diferentes yacimientos situados en [&hellip;]<\/p>\n","protected":false},"author":1,"featured_media":0,"comment_status":"open","ping_status":"open","sticky":false,"template":"","format":"standard","meta":{"site-sidebar-layout":"default","site-content-layout":"","ast-site-content-layout":"","site-content-style":"default","site-sidebar-style":"default","ast-global-header-display":"","ast-banner-title-visibility":"","ast-main-header-display":"","ast-hfb-above-header-display":"","ast-hfb-below-header-display":"","ast-hfb-mobile-header-display":"","site-post-title":"","ast-breadcrumbs-content":"","ast-featured-img":"","footer-sml-layout":"","theme-transparent-header-meta":"","adv-header-id-meta":"","stick-header-meta":"","header-above-stick-meta":"","header-main-stick-meta":"","header-below-stick-meta":"","astra-migrate-meta-layouts":"default","ast-page-background-enabled":"default","ast-page-background-meta":{"desktop":{"background-color":"var(--ast-global-color-4)","background-image":"","background-repeat":"repeat","background-position":"center center","background-size":"auto","background-attachment":"scroll","background-type":"","background-media":"","overlay-type":"","overlay-color":"","overlay-gradient":""},"tablet":{"background-color":"","background-image":"","background-repeat":"repeat","background-position":"center center","background-size":"auto","background-attachment":"scroll","background-type":"","background-media":"","overlay-type":"","overlay-color":"","overlay-gradient":""},"mobile":{"background-color":"","background-image":"","background-repeat":"repeat","background-position":"center center","background-size":"auto","background-attachment":"scroll","background-type":"","background-media":"","overlay-type":"","overlay-color":"","overlay-gradient":""}},"ast-content-background-meta":{"desktop":{"background-color":"var(--ast-global-color-5)","background-image":"","background-repeat":"repeat","background-position":"center center","background-size":"auto","background-attachment":"scroll","background-type":"","background-media":"","overlay-type":"","overlay-color":"","overlay-gradient":""},"tablet":{"background-color":"var(--ast-global-color-5)","background-image":"","background-repeat":"repeat","background-position":"center center","background-size":"auto","background-attachment":"scroll","background-type":"","background-media":"","overlay-type":"","overlay-color":"","overlay-gradient":""},"mobile":{"background-color":"var(--ast-global-color-5)","background-image":"","background-repeat":"repeat","background-position":"center center","background-size":"auto","background-attachment":"scroll","background-type":"","background-media":"","overlay-type":"","overlay-color":"","overlay-gradient":""}},"footnotes":""},"categories":[1623,1624,104],"tags":[84348,15281,87966,8284,14487,87082],"class_list":["post-31615","post","type-post","status-publish","format-standard","hentry","category-arqueologia","category-ciencias-auxiliares-de-la-historia","category-historia","tag-angel-morillo-cerdan","tag-carmen-fernandez-ochoa","tag-cesareo-perez-gonzalez","tag-jose-antonio-abasolo-alvarez","tag-manuel-bendala-galan","tag-maria-teresa-amare-tafalla"],"_links":{"self":[{"href":"https:\/\/www.deberes.net\/tesis\/wp-json\/wp\/v2\/posts\/31615","targetHints":{"allow":["GET"]}}],"collection":[{"href":"https:\/\/www.deberes.net\/tesis\/wp-json\/wp\/v2\/posts"}],"about":[{"href":"https:\/\/www.deberes.net\/tesis\/wp-json\/wp\/v2\/types\/post"}],"author":[{"embeddable":true,"href":"https:\/\/www.deberes.net\/tesis\/wp-json\/wp\/v2\/users\/1"}],"replies":[{"embeddable":true,"href":"https:\/\/www.deberes.net\/tesis\/wp-json\/wp\/v2\/comments?post=31615"}],"version-history":[{"count":0,"href":"https:\/\/www.deberes.net\/tesis\/wp-json\/wp\/v2\/posts\/31615\/revisions"}],"wp:attachment":[{"href":"https:\/\/www.deberes.net\/tesis\/wp-json\/wp\/v2\/media?parent=31615"}],"wp:term":[{"taxonomy":"category","embeddable":true,"href":"https:\/\/www.deberes.net\/tesis\/wp-json\/wp\/v2\/categories?post=31615"},{"taxonomy":"post_tag","embeddable":true,"href":"https:\/\/www.deberes.net\/tesis\/wp-json\/wp\/v2\/tags?post=31615"}],"curies":[{"name":"wp","href":"https:\/\/api.w.org\/{rel}","templated":true}]}}