{"id":32438,"date":"1997-01-01T00:00:00","date_gmt":"1997-01-01T00:00:00","guid":{"rendered":"https:\/\/www.deberes.net\/tesis\/sin-categoria\/joaquin-zarranz-pueyo-hacia-una-verdadera-arquitectura-racional\/"},"modified":"1997-01-01T00:00:00","modified_gmt":"1997-01-01T00:00:00","slug":"joaquin-zarranz-pueyo-hacia-una-verdadera-arquitectura-racional","status":"publish","type":"post","link":"https:\/\/www.deberes.net\/tesis\/historia\/joaquin-zarranz-pueyo-hacia-una-verdadera-arquitectura-racional\/","title":{"rendered":"Joaquin zarranz pueyo, hacia una verdadera arquitectura racional."},"content":{"rendered":"<h2>Tesis doctoral de <strong>  Garitaonaindia De Vera Jos\u00e9 Ramon <\/strong><\/h2>\n<p>El estudio realizado se centra en la figura del arquitecto navarro joaquin zarranz pueyo, asi como la prospeccion de la trayectoria, integrantes, inclinacion, etc. Del grupo norte de gatepac, al que pertenecio activamente. Si bien es cierto que su obra es escasa e inconclusa, no debemos olvidar que proyectos como el colegio tomas meabe, la caja de ahorros municipal de pamplona. O el club larraina, no pueden, o no deben, ser relegados a una situacion de acompa\u00f1amiento edificatorio en el norte, sino que adquieren la relevancia suficiente para requerir un espacio critico propio que establezca los valores propositivos de esta. Este marco analitico de la obra de joaquin zarranz pretende aflorar las caracteristicas de una obra tan singular como la suya, en un momento de efervescencia artistica en espa\u00f1a; que definio el principio de la aventura moderna dentro de nuestras fronteras. Zarranz no es mas que otro arquitecto comprometido con su tiempo, y con la necesidad de sentirse artifice de la redefinicion de una arquitectura necesitada de un aliento de renovacion, que clarificase el cambio a seguir, en un tiempo en el que proliferaba de forma traumatica los vestigios de un pasado anclado en estructuras que no respondian a los requerimientos que los nuevos tiempos necesitaban.<\/p>\n<p>&nbsp;<\/p>\n<h3>Datos acad\u00e9micos de la tesis doctoral \u00ab<strong>Joaquin zarranz pueyo, hacia una verdadera arquitectura racional.<\/strong>\u00ab<\/h3>\n<ul>\n<li><strong>T\u00edtulo de la tesis:<\/strong>\u00a0 Joaquin zarranz pueyo, hacia una verdadera arquitectura racional. <\/li>\n<li><strong>Autor:<\/strong>\u00a0  Garitaonaindia De Vera Jos\u00e9 Ramon <\/li>\n<li><strong>Universidad:<\/strong>\u00a0 Navarra<\/li>\n<li><strong>Fecha de lectura de la tesis:<\/strong>\u00a0 01\/01\/1997<\/li>\n<\/ul>\n<p>&nbsp;<\/p>\n<h3>Direcci\u00f3n y tribunal<\/h3>\n<ul>\n<li><strong>Director de la tesis<\/strong>\n<ul>\n<li>Ignacio Araujo Mugica<\/li>\n<\/ul>\n<\/li>\n<li><strong>Tribunal<\/strong>\n<ul>\n<li>Presidente del tribunal: Juan  Miguel Ochotorena Elizegui <\/li>\n<li>Mar\u00eda no Jos\u00e9 Gonz\u00e1lez Presencio (vocal)<\/li>\n<li>Manuel Gallego Jorreto (vocal)<\/li>\n<li>Carlos Flores Lopez (vocal)<\/li>\n<\/ul>\n<\/li>\n<\/ul>\n<p>&nbsp;<\/p>\n","protected":false},"excerpt":{"rendered":"<p>Tesis doctoral de Garitaonaindia De Vera Jos\u00e9 Ramon El estudio realizado se centra en la figura del arquitecto navarro joaquin [&hellip;]<\/p>\n","protected":false},"author":1,"featured_media":0,"comment_status":"open","ping_status":"open","sticky":false,"template":"","format":"standard","meta":{"site-sidebar-layout":"default","site-content-layout":"","ast-site-content-layout":"","site-content-style":"default","site-sidebar-style":"default","ast-global-header-display":"","ast-banner-title-visibility":"","ast-main-header-display":"","ast-hfb-above-header-display":"","ast-hfb-below-header-display":"","ast-hfb-mobile-header-display":"","site-post-title":"","ast-breadcrumbs-content":"","ast-featured-img":"","footer-sml-layout":"","theme-transparent-header-meta":"","adv-header-id-meta":"","stick-header-meta":"","header-above-stick-meta":"","header-main-stick-meta":"","header-below-stick-meta":"","astra-migrate-meta-layouts":"default","ast-page-background-enabled":"default","ast-page-background-meta":{"desktop":{"background-color":"var(--ast-global-color-4)","background-image":"","background-repeat":"repeat","background-position":"center center","background-size":"auto","background-attachment":"scroll","background-type":"","background-media":"","overlay-type":"","overlay-color":"","overlay-gradient":""},"tablet":{"background-color":"","background-image":"","background-repeat":"repeat","background-position":"center center","background-size":"auto","background-attachment":"scroll","background-type":"","background-media":"","overlay-type":"","overlay-color":"","overlay-gradient":""},"mobile":{"background-color":"","background-image":"","background-repeat":"repeat","background-position":"center center","background-size":"auto","background-attachment":"scroll","background-type":"","background-media":"","overlay-type":"","overlay-color":"","overlay-gradient":""}},"ast-content-background-meta":{"desktop":{"background-color":"var(--ast-global-color-5)","background-image":"","background-repeat":"repeat","background-position":"center center","background-size":"auto","background-attachment":"scroll","background-type":"","background-media":"","overlay-type":"","overlay-color":"","overlay-gradient":""},"tablet":{"background-color":"var(--ast-global-color-5)","background-image":"","background-repeat":"repeat","background-position":"center center","background-size":"auto","background-attachment":"scroll","background-type":"","background-media":"","overlay-type":"","overlay-color":"","overlay-gradient":""},"mobile":{"background-color":"var(--ast-global-color-5)","background-image":"","background-repeat":"repeat","background-position":"center center","background-size":"auto","background-attachment":"scroll","background-type":"","background-media":"","overlay-type":"","overlay-color":"","overlay-gradient":""}},"footnotes":""},"categories":[4509,147,12564,104,1745,222,17749],"tags":[66312,89419,17768,16362,21609,16361],"class_list":["post-32438","post","type-post","status-publish","format-standard","hentry","category-arquitectura","category-ciencias-de-las-artes-y-las-letras","category-diseno-arquitectonico","category-historia","category-historia-de-la-arquitectura","category-historias-especializadas","category-navarra","tag-carlos-flores-lopez","tag-garitaonaindia-de-vera-jose-ramon","tag-ignacio-araujo-mugica","tag-juan-miguel-ochotorena-elizegui","tag-manuel-gallego-jorreto","tag-maria-no-jose-gonzalez-presencio"],"_links":{"self":[{"href":"https:\/\/www.deberes.net\/tesis\/wp-json\/wp\/v2\/posts\/32438","targetHints":{"allow":["GET"]}}],"collection":[{"href":"https:\/\/www.deberes.net\/tesis\/wp-json\/wp\/v2\/posts"}],"about":[{"href":"https:\/\/www.deberes.net\/tesis\/wp-json\/wp\/v2\/types\/post"}],"author":[{"embeddable":true,"href":"https:\/\/www.deberes.net\/tesis\/wp-json\/wp\/v2\/users\/1"}],"replies":[{"embeddable":true,"href":"https:\/\/www.deberes.net\/tesis\/wp-json\/wp\/v2\/comments?post=32438"}],"version-history":[{"count":0,"href":"https:\/\/www.deberes.net\/tesis\/wp-json\/wp\/v2\/posts\/32438\/revisions"}],"wp:attachment":[{"href":"https:\/\/www.deberes.net\/tesis\/wp-json\/wp\/v2\/media?parent=32438"}],"wp:term":[{"taxonomy":"category","embeddable":true,"href":"https:\/\/www.deberes.net\/tesis\/wp-json\/wp\/v2\/categories?post=32438"},{"taxonomy":"post_tag","embeddable":true,"href":"https:\/\/www.deberes.net\/tesis\/wp-json\/wp\/v2\/tags?post=32438"}],"curies":[{"name":"wp","href":"https:\/\/api.w.org\/{rel}","templated":true}]}}