{"id":32583,"date":"1997-01-01T00:00:00","date_gmt":"1997-01-01T00:00:00","guid":{"rendered":"https:\/\/www.deberes.net\/tesis\/sin-categoria\/la-musica-madrilena-del-siglo-xix-vista-por-ella-misma\/"},"modified":"1997-01-01T00:00:00","modified_gmt":"1997-01-01T00:00:00","slug":"la-musica-madrilena-del-siglo-xix-vista-por-ella-misma","status":"publish","type":"post","link":"https:\/\/www.deberes.net\/tesis\/historia\/la-musica-madrilena-del-siglo-xix-vista-por-ella-misma\/","title":{"rendered":"La musica madrile\u00f1a del siglo xix vista por ella misma."},"content":{"rendered":"<h2>Tesis doctoral de <strong> Mar\u00eda Del Valle De Moya  Mart\u00ednez <\/strong><\/h2>\n<p>Tesis que trata de la exposicion de las noticias que aparecieron en cuatro periodicos madrile\u00f1os (\u00abla iberia\u00bb, \u00abla discusion\u00bb; \u00abel imparcial\u00bb y \u00abla epoca\u00bb), de 1868 a 1900, sobre aspectos relativos al ambiente musical madrile\u00f1o de ese periodo, es decir: estrenos, vida y programacion de las distintas instituciones, los correspondientes equipos directivos de los mismos, opiniones de los criticos, autores musicales e interpretes, siendo tema protagonista, las opiniones entorno a la zarzuela y las pretensiones de crear una \u00abopera espa\u00f1ola\u00bb y siempre ci\u00f1endose al ambito madrile\u00f1o.  completa el trabajo con documentos de tipo administrativo sobre las distintas instituciones.<\/p>\n<p>&nbsp;<\/p>\n<h3>Datos acad\u00e9micos de la tesis doctoral \u00ab<strong>La musica madrile\u00f1a del siglo xix vista por ella misma.<\/strong>\u00ab<\/h3>\n<ul>\n<li><strong>T\u00edtulo de la tesis:<\/strong>\u00a0 La musica madrile\u00f1a del siglo xix vista por ella misma. <\/li>\n<li><strong>Autor:<\/strong>\u00a0 Mar\u00eda Del Valle De Moya  Mart\u00ednez <\/li>\n<li><strong>Universidad:<\/strong>\u00a0 Castilla-la mancha<\/li>\n<li><strong>Fecha de lectura de la tesis:<\/strong>\u00a0 01\/01\/1997<\/li>\n<\/ul>\n<p>&nbsp;<\/p>\n<h3>Direcci\u00f3n y tribunal<\/h3>\n<ul>\n<li><strong>Director de la tesis<\/strong>\n<ul>\n<li>Carlos Panadero Moya<\/li>\n<\/ul>\n<\/li>\n<li><strong>Tribunal<\/strong>\n<ul>\n<li>Presidente del tribunal: Antonio Martin Moreno <\/li>\n<li>Juan Amo Vazquez (vocal)<\/li>\n<li>Jos\u00e9 Mar\u00eda Garcia Laborda (vocal)<\/li>\n<li>Paulino Capdep\u00f3n Verd\u00fa (vocal)<\/li>\n<\/ul>\n<\/li>\n<\/ul>\n<p>&nbsp;<\/p>\n","protected":false},"excerpt":{"rendered":"<p>Tesis doctoral de Mar\u00eda Del Valle De Moya Mart\u00ednez Tesis que trata de la exposicion de las noticias que aparecieron [&hellip;]<\/p>\n","protected":false},"author":1,"featured_media":0,"comment_status":"open","ping_status":"open","sticky":false,"template":"","format":"standard","meta":{"site-sidebar-layout":"default","site-content-layout":"","ast-site-content-layout":"","site-content-style":"default","site-sidebar-style":"default","ast-global-header-display":"","ast-banner-title-visibility":"","ast-main-header-display":"","ast-hfb-above-header-display":"","ast-hfb-below-header-display":"","ast-hfb-mobile-header-display":"","site-post-title":"","ast-breadcrumbs-content":"","ast-featured-img":"","footer-sml-layout":"","theme-transparent-header-meta":"","adv-header-id-meta":"","stick-header-meta":"","header-above-stick-meta":"","header-main-stick-meta":"","header-below-stick-meta":"","astra-migrate-meta-layouts":"default","ast-page-background-enabled":"default","ast-page-background-meta":{"desktop":{"background-color":"var(--ast-global-color-4)","background-image":"","background-repeat":"repeat","background-position":"center center","background-size":"auto","background-attachment":"scroll","background-type":"","background-media":"","overlay-type":"","overlay-color":"","overlay-gradient":""},"tablet":{"background-color":"","background-image":"","background-repeat":"repeat","background-position":"center center","background-size":"auto","background-attachment":"scroll","background-type":"","background-media":"","overlay-type":"","overlay-color":"","overlay-gradient":""},"mobile":{"background-color":"","background-image":"","background-repeat":"repeat","background-position":"center center","background-size":"auto","background-attachment":"scroll","background-type":"","background-media":"","overlay-type":"","overlay-color":"","overlay-gradient":""}},"ast-content-background-meta":{"desktop":{"background-color":"var(--ast-global-color-5)","background-image":"","background-repeat":"repeat","background-position":"center center","background-size":"auto","background-attachment":"scroll","background-type":"","background-media":"","overlay-type":"","overlay-color":"","overlay-gradient":""},"tablet":{"background-color":"var(--ast-global-color-5)","background-image":"","background-repeat":"repeat","background-position":"center center","background-size":"auto","background-attachment":"scroll","background-type":"","background-media":"","overlay-type":"","overlay-color":"","overlay-gradient":""},"mobile":{"background-color":"var(--ast-global-color-5)","background-image":"","background-repeat":"repeat","background-position":"center center","background-size":"auto","background-attachment":"scroll","background-type":"","background-media":"","overlay-type":"","overlay-color":"","overlay-gradient":""}},"footnotes":""},"categories":[18451,147,104,2563,222,9132,1111],"tags":[12773,89650,49905,45957,66832,66833],"class_list":["post-32583","post","type-post","status-publish","format-standard","hentry","category-castilla-la-mancha","category-ciencias-de-las-artes-y-las-letras","category-historia","category-historia-del-arte-de-los-siglos-xix-y-xx","category-historias-especializadas","category-musica-y-musicologia","category-teoria-analisis-y-critica-de-las-bellas-artes","tag-antonio-martin-moreno","tag-carlos-panadero-moya","tag-jose-maria-garcia-laborda","tag-juan-amo-vazquez","tag-maria-del-valle-de-moya-Martinez","tag-paulino-capdepon-verdu"],"_links":{"self":[{"href":"https:\/\/www.deberes.net\/tesis\/wp-json\/wp\/v2\/posts\/32583","targetHints":{"allow":["GET"]}}],"collection":[{"href":"https:\/\/www.deberes.net\/tesis\/wp-json\/wp\/v2\/posts"}],"about":[{"href":"https:\/\/www.deberes.net\/tesis\/wp-json\/wp\/v2\/types\/post"}],"author":[{"embeddable":true,"href":"https:\/\/www.deberes.net\/tesis\/wp-json\/wp\/v2\/users\/1"}],"replies":[{"embeddable":true,"href":"https:\/\/www.deberes.net\/tesis\/wp-json\/wp\/v2\/comments?post=32583"}],"version-history":[{"count":0,"href":"https:\/\/www.deberes.net\/tesis\/wp-json\/wp\/v2\/posts\/32583\/revisions"}],"wp:attachment":[{"href":"https:\/\/www.deberes.net\/tesis\/wp-json\/wp\/v2\/media?parent=32583"}],"wp:term":[{"taxonomy":"category","embeddable":true,"href":"https:\/\/www.deberes.net\/tesis\/wp-json\/wp\/v2\/categories?post=32583"},{"taxonomy":"post_tag","embeddable":true,"href":"https:\/\/www.deberes.net\/tesis\/wp-json\/wp\/v2\/tags?post=32583"}],"curies":[{"name":"wp","href":"https:\/\/api.w.org\/{rel}","templated":true}]}}