{"id":32738,"date":"1997-01-01T00:00:00","date_gmt":"1997-01-01T00:00:00","guid":{"rendered":"https:\/\/www.deberes.net\/tesis\/sin-categoria\/manufacturas-rurales-y-comercio-interior-valenciano-segorbe-en-el-siglo-xv\/"},"modified":"1997-01-01T00:00:00","modified_gmt":"1997-01-01T00:00:00","slug":"manufacturas-rurales-y-comercio-interior-valenciano-segorbe-en-el-siglo-xv","status":"publish","type":"post","link":"https:\/\/www.deberes.net\/tesis\/historia\/manufacturas-rurales-y-comercio-interior-valenciano-segorbe-en-el-siglo-xv\/","title":{"rendered":"Manufacturas rurales y comercio interior Valenciano, segorbe en el siglo xv."},"content":{"rendered":"<h2>Tesis doctoral de <strong> Joaquin Aparici Marti <\/strong><\/h2>\n<p>Los problemas que planteamos son: los mercados locales-regionales, la industria de las zonas interiores del reino de Valencia en la edad media, y las condiciones de vida de los trabajadores, buscando la novedad no ya en los grandes centros comerciales que trabajan para el exterior (entiendase Valencia), sino tambien en las peque\u00f1as ciudades y centros rurales, que son en definitiva los que estructuran nuestro pais a fines de la edad media (con la eleccion consciente del alto palancia). Partimos pues de la hipotesis de una organizacion jerarquica de los espacios economicos e industriales reflejada en la entidad de poblacion y el hinterland rural anexo. Asi, conocemos los distintos tipos de actividad artesanal existente (que definen especializaciones), las redes comerciales que enlazan el alto palancia con Valencia-teruel&#8230; Pero lo mas importante es el hecho de rescatar la masa anonima de trabajadores a traves de multitud de biografias personales, merced a la utilizacion del metodo prosopografico.<\/p>\n<p>&nbsp;<\/p>\n<h3>Datos acad\u00e9micos de la tesis doctoral \u00ab<strong>Manufacturas rurales y comercio interior Valenciano, segorbe en el siglo xv.<\/strong>\u00ab<\/h3>\n<ul>\n<li><strong>T\u00edtulo de la tesis:<\/strong>\u00a0 Manufacturas rurales y comercio interior Valenciano, segorbe en el siglo xv. <\/li>\n<li><strong>Autor:<\/strong>\u00a0 Joaquin Aparici Marti <\/li>\n<li><strong>Universidad:<\/strong>\u00a0 Jaume i de castell\u00f3n<\/li>\n<li><strong>Fecha de lectura de la tesis:<\/strong>\u00a0 01\/01\/1997<\/li>\n<\/ul>\n<p>&nbsp;<\/p>\n<h3>Direcci\u00f3n y tribunal<\/h3>\n<ul>\n<li><strong>Director de la tesis<\/strong>\n<ul>\n<li>Francisco Paulino Iradiel Murugarren<\/li>\n<\/ul>\n<\/li>\n<li><strong>Tribunal<\/strong>\n<ul>\n<li>Presidente del tribunal: Jos\u00e9 \u00e1ngel Garc\u00eda De Cort\u00e1zar Ruiz De Aguirre <\/li>\n<li>Jos\u00e9 Sanchez Adell (vocal)<\/li>\n<li>Antoni Riera Melis (vocal)<\/li>\n<li>Mar\u00eda Barcel\u00f3 Cresp\u00ed (vocal)<\/li>\n<\/ul>\n<\/li>\n<\/ul>\n<p>&nbsp;<\/p>\n","protected":false},"excerpt":{"rendered":"<p>Tesis doctoral de Joaquin Aparici Marti Los problemas que planteamos son: los mercados locales-regionales, la industria de las zonas interiores [&hellip;]<\/p>\n","protected":false},"author":1,"featured_media":0,"comment_status":"open","ping_status":"open","sticky":false,"template":"","format":"standard","meta":{"site-sidebar-layout":"default","site-content-layout":"","ast-site-content-layout":"","site-content-style":"default","site-sidebar-style":"default","ast-global-header-display":"","ast-banner-title-visibility":"","ast-main-header-display":"","ast-hfb-above-header-display":"","ast-hfb-below-header-display":"","ast-hfb-mobile-header-display":"","site-post-title":"","ast-breadcrumbs-content":"","ast-featured-img":"","footer-sml-layout":"","theme-transparent-header-meta":"","adv-header-id-meta":"","stick-header-meta":"","header-above-stick-meta":"","header-main-stick-meta":"","header-below-stick-meta":"","astra-migrate-meta-layouts":"default","ast-page-background-enabled":"default","ast-page-background-meta":{"desktop":{"background-color":"var(--ast-global-color-4)","background-image":"","background-repeat":"repeat","background-position":"center center","background-size":"auto","background-attachment":"scroll","background-type":"","background-media":"","overlay-type":"","overlay-color":"","overlay-gradient":""},"tablet":{"background-color":"","background-image":"","background-repeat":"repeat","background-position":"center center","background-size":"auto","background-attachment":"scroll","background-type":"","background-media":"","overlay-type":"","overlay-color":"","overlay-gradient":""},"mobile":{"background-color":"","background-image":"","background-repeat":"repeat","background-position":"center center","background-size":"auto","background-attachment":"scroll","background-type":"","background-media":"","overlay-type":"","overlay-color":"","overlay-gradient":""}},"ast-content-background-meta":{"desktop":{"background-color":"var(--ast-global-color-5)","background-image":"","background-repeat":"repeat","background-position":"center center","background-size":"auto","background-attachment":"scroll","background-type":"","background-media":"","overlay-type":"","overlay-color":"","overlay-gradient":""},"tablet":{"background-color":"var(--ast-global-color-5)","background-image":"","background-repeat":"repeat","background-position":"center center","background-size":"auto","background-attachment":"scroll","background-type":"","background-media":"","overlay-type":"","overlay-color":"","overlay-gradient":""},"mobile":{"background-color":"var(--ast-global-color-5)","background-image":"","background-repeat":"repeat","background-position":"center center","background-size":"auto","background-attachment":"scroll","background-type":"","background-media":"","overlay-type":"","overlay-color":"","overlay-gradient":""}},"footnotes":""},"categories":[104,119,220,18725],"tags":[18954,8493,89910,642,32687,79168],"class_list":["post-32738","post","type-post","status-publish","format-standard","hentry","category-historia","category-historia-medieval","category-historia-por-epocas","category-jaume-i-de-castellon","tag-antoni-riera-melis","tag-francisco-paulino-iradiel-murugarren","tag-joaquin-aparici-marti","tag-jose-angel-garcia-de-cortazar-ruiz-de-aguirre","tag-jose-sanchez-adell","tag-maria-barcelo-crespi"],"_links":{"self":[{"href":"https:\/\/www.deberes.net\/tesis\/wp-json\/wp\/v2\/posts\/32738","targetHints":{"allow":["GET"]}}],"collection":[{"href":"https:\/\/www.deberes.net\/tesis\/wp-json\/wp\/v2\/posts"}],"about":[{"href":"https:\/\/www.deberes.net\/tesis\/wp-json\/wp\/v2\/types\/post"}],"author":[{"embeddable":true,"href":"https:\/\/www.deberes.net\/tesis\/wp-json\/wp\/v2\/users\/1"}],"replies":[{"embeddable":true,"href":"https:\/\/www.deberes.net\/tesis\/wp-json\/wp\/v2\/comments?post=32738"}],"version-history":[{"count":0,"href":"https:\/\/www.deberes.net\/tesis\/wp-json\/wp\/v2\/posts\/32738\/revisions"}],"wp:attachment":[{"href":"https:\/\/www.deberes.net\/tesis\/wp-json\/wp\/v2\/media?parent=32738"}],"wp:term":[{"taxonomy":"category","embeddable":true,"href":"https:\/\/www.deberes.net\/tesis\/wp-json\/wp\/v2\/categories?post=32738"},{"taxonomy":"post_tag","embeddable":true,"href":"https:\/\/www.deberes.net\/tesis\/wp-json\/wp\/v2\/tags?post=32738"}],"curies":[{"name":"wp","href":"https:\/\/api.w.org\/{rel}","templated":true}]}}